{"id":99255,"date":"2025-04-01T08:39:57","date_gmt":"2025-04-01T08:39:57","guid":{"rendered":"https:\/\/www.pilgrim.es\/?p=99255"},"modified":"2025-06-09T08:02:23","modified_gmt":"2025-06-09T08:02:23","slug":"percorsi-del-cammino-di-santiago-in-base-ai-giorni-che-avete-a-disposizione","status":"publish","type":"post","link":"https:\/\/www.pilgrim.es\/it\/percorsi-del-cammino-di-santiago-in-base-ai-giorni-che-avete-a-disposizione\/","title":{"rendered":"Percorsi del Cammino di Santiago in base ai giorni che avete a disposizione"},"content":{"rendered":"\n<div class=\"entry-content__introduction\">\n  <p>\n    Quando si decide di fare il\n    <a href=\"https:\/\/www.pilgrim.es\/it\/cammini\/\">Cammino di Santiago<\/a>, c&#8217;\u00e8 un\n    <strong>fattore molto importante<\/strong> che bisogna sempre tenere in\n    considerazione: il tempo a disposizione per raggiungere la citt\u00e0 di Santiago\n    de Compostela.\n  <\/p>\n  <p>\n    L&#8217;aspetto positivo del Cammino \u00e8 che, oltre a poter scegliere la variante\n    che preferisci, puoi scegliere la tappa da cui partire.\n    <strong>L&#8217;unica cosa da tenere presente<\/strong>, se si vuole tornare a casa\n    con la propria\n    <a href=\"https:\/\/www.pilgrim.es\/it\/pianificare\/la-compostela\/\">Compostela<\/a>, \u00e8 che la distanza minima obbligatoria \u00e8 di 100 km.\n  <\/p>\n  <h5>\n    POTREBBE INTERESSARTI ANCHE:\n    <a href=\"\/en\/camino-de-santiago-organized\/\">IL PELLEGRINAGGIO ORGANIZZATO A SANTIAGO<\/a>\n  <\/h5>\n  <p>\n    Facendo due conti,\n    <strong>la media di ogni tappa \u00e8 di circa 20-25 km<\/strong>, il che\n    significa una camminata di circa 5 o 6 ore ogni giorno. Quindi, con un\n    <strong>minimo di 5 giorni<\/strong> avrai il tempo sufficiente per\n    raggiungere la tua meta.\n  <\/p>\n  <p>\n    Hai pi\u00f9 giorni a disposizione? Perfetto! Allora potrai immergerti ancora di\n    pi\u00f9 in questa esperienza e scegliere tra pi\u00f9 punti di partenza.\n    <strong>Se vuoi sapere quali sono le diverse opzioni disponibili<\/strong>,\n    continua a leggere, noi di\n    <a href=\"https:\/\/www.pilgrim.es\/it\/contatto\/\">Pilgrim<\/a> abbiamo fatto i\n    calcoli per te.\n  <\/p>\n<\/div>\n<hr class=\"single-bar\" \/>\n<ul class=\"index mb-3\">\n  <span>\u00cdndice<\/span>\n  <li><a href=\"#5d\">In 5 giorni<\/a><\/li>\n  <li><a href=\"#10d\">In 10 giorni<\/a><\/li>\n  <li><a href=\"#15d\">In 15 giorni<\/a><\/li>\n  <li><a href=\"#1m\">In 1 mese<\/a><\/li>\n<\/ul>\n<hr class=\"single-bar\" \/>\n<div class=\"section-post\" id=\"5d\">\n  <h2 id=\"5d\">Il Cammino di Santiago in 5 giorni<\/h2>\n  <div class=\"wp-block-image\">\n    <figure class=\"aligncenter\">\n      <img decoding=\"async\" alt=\"Quale Cammino di Santiago fare in 5 giorni?\" class=\"wp-image-43897\"\n        src=\"\/wp-content\/uploads\/2019\/08\/que-camino-escoger-5-dias-1-1024x372.jpg\" \/>\n    <\/figure>\n  <\/div>\n  <p>\n    Se hai solo 5 giorni per vivere il Cammino, non preoccuparti:\n    <strong>in 5 giorni potrai percorrere i 100 km minimi necessari<\/strong> per\n    ottenere la tua Compostela, partendo dalla variante che preferisci.\n  <\/p>\n  <p>\n    Ti mostriamo le numerose opzioni a tua disposizione in modo che possa\n    scegliere quella pi\u00f9 adatta a te.\n  <\/p>\n  <h3>CAMMINO FRANCESE DA SARRIA<\/h3>\n  <p>\n    Anche se a volte viene suddiviso in 6 tappe da Sarria, la pi\u00f9 comune \u00e8\n    quella di percorrere il Cammino Francese da questo punto in un totale di 5\n    giorni.\n  <\/p>\n  <p>\n    La tappa da Palas de Rei ad Arz\u00faa pu\u00f2 essere divisa in due: alcuni\n    pellegrini fanno\n    <strong>una sosta intermedia a Melide e gustano una buona porzione del suo famoso\n      polpo<\/strong>, preferendo trascorrere un giorno in pi\u00f9 sul Cammino.\n  <\/p>\n  <p>\n    Tuttavia, questo tratto di 29 km \u00e8 facile da percorrere, quindi la maggior\n    parte dei pellegrini prosegue fino ad Arz\u00faa, concludendo\n    <a href=\"https:\/\/www.pilgrim.es\/it\/cammino-di-santiago-da-sarria\/\">il Cammino in soli 5 giorni da Sarria.<\/a>\n  <\/p>\n  <h3>CAMMINO PORTOGHESE DA TUI<\/h3>\n  <p>\n    La <strong>seconda opzione preferita dai pellegrini<\/strong> che non hanno\n    molto tempo a disposizione \u00e8 il Cammino Portoghese da Tui, che assume un\n    significato particolare perch\u00e9 \u00e8 anche la citt\u00e0 galiziana che confina con il\n    Portogallo.\n  <\/p>\n  <p>\n    Facendo il cammino da Tui si ha anche diritto alla Compostela, dato che\n    questo tratto \u00e8 di <strong>quasi 120 km in totale<\/strong>. . Inoltre, le\n    tappe sono di breve distanza (meno di 20 km nella maggior parte di esse),\n    attraversando l&#8217;intera provincia di Pontevedra e visitando la sua citt\u00e0\n    principale.\n  <\/p>\n  <h3>CAMMINO PORTOGHESE LUNGO LA COSTA DA VIGO<\/h3>\n  <p>\n    Un&#8217;altra variante del Cammino portoghese \u00e8 quella lungo la costa. Sebbene\n    sia stato l&#8217;ultimo a essere riconosciuto come ufficiale, come si pu\u00f2\n    immaginare, non \u00e8 ancora molto affollato e, dato che si snoda lungo la\n    costa,\n    <strong>presenta probabilmente alcuni dei migliori paesaggi<\/strong> che si\n    possano trovare sul Cammino di Santiago.\n  <\/p>\n  <p>\n    Per un pellegrinaggio di 5 giorni \u00e8 sufficiente partire da Vigo e continuare\n    a godersi la costa galiziana fino all&#8217;arrivo a Santiago, dove ti aspettano\n    splendidi tramonti e albe vicino al mare!\n  <\/p>\n  <h3>CAMMINO DEL NORD DA VILLALBA<\/h3>\n  <p>\n    Se cerchi un&#8217;alternativa con una minore saturazione di pellegrini rispetto\n    alle opzioni precedenti,\n    <a href=\"https:\/\/www.pilgrim.es\/it\/cammino-nord\/\">il Camino del Norte<\/a>\n    che parte da Villalba \u00e8 la scelta ideale.\n  <\/p>\n  <p>\n    Durante questo tratto si cammina nell&#8217;interno della Galizia, visitando\n    numerosi villaggi tipici.\n    <strong>Pace e tranquillit\u00e0 sono assicurate durante il viaggio.<\/strong>\n  <\/p>\n  <h3>CAMMINO PRIMITIVO DA LUGO<\/h3>\n  <p>\n    Il\n    <a href=\"https:\/\/www.pilgrim.es\/it\/cammino-primitivo\/\">Cammino Primitivo<\/a>\n    \u00e8 sempre una buona scelta. Il suo valore storico \u00e8 dovuto al fatto che \u00e8 la\n    via di pellegrinaggio originale verso Compostela.\n  <\/p>\n  <p>\n    Poco pi\u00f9 di 100 km separano la citt\u00e0 romana di Lugo dalla nostra\n    destinazione. Prima di iniziare il viaggio si\n    <strong>pu\u00f2 ammirare la grande muraglia di questa citt\u00e0<\/strong> e il suo\n    centro storico, per poi iniziare il cammino attraverso l&#8217;interno della\n    Galizia.\n  <\/p>\n  <h3>CAMMINO INGLESE DA FERROL<\/h3>\n  <p>\n    Il\n    <a href=\"https:\/\/www.pilgrim.es\/it\/cammino-inglese\/\">Cammino Inglese<\/a>\n    copre un totale di 122 km.\n    <strong>\u00c8 l&#8217;unico che si pu\u00f2 completare nei 5 giorni a disposizione<\/strong>, poich\u00e9 inizia nella citt\u00e0 galiziana di\n    Ferrol.\n  <\/p>\n  <p>\n    Questo percorso era originariamente seguito dai pellegrini inglesi e\n    irlandesi, oltre che dagli scandinavi, che arrivavano in Galizia in barca e\n    sbarcavano nel porto di di Ferrol per proseguire il loro viaggio via terra.\n  <\/p>\n  <h3>CAMMINO VERSO FINISTERRE DA SANTIAGO<\/h3>\n  <p>\n    In questo caso, <strong>l&#8217;origine sar\u00e0 Santiago.<\/strong> Perch\u00e9 nessuno ha\n    mai detto che non si possa godere il meglio della cattedrale e della citt\u00e0\n    di Santiago de Compostela prima di dirigersi verso la fine del mondo&#8230;\n  <\/p>\n  <p>\n    In circa <strong>4 tappe si raggiunge la meta<\/strong> e si riceve, in\n    questo caso, un&#8217;altra credenziale: la Fisterrana, che certifica il\n    completamento di questa estensione del Cammino di Santiago.\n  <\/p>\n  <h3>CAMMINO D&#8217;INVERNO DA MONFORTE DE LEMOS<\/h3>\n  <p>\n    Il\n    <a href=\"https:\/\/www.pilgrim.es\/it\/cammino-inverno\/\">Cammino d&#8217;Inverno<\/a>,\n    come indica il nome, era quello che i pellegrini facevano in passato in\n    questo periodo dell&#8217;anno per evitare l&#8217;abbondante neve tipica di O Cebreiro.\n  <\/p>\n  <p>\n    La sua lunghezza totale \u00e8 di circa 250 km, quindi se i 5 giorni che potete\n    dedicare al cammino cammino si svolgono in inverno, una buona opzione \u00e8\n    quella di fare questo percorso da Monforte de Lemos.\n  <\/p>\n  <h3>CAMMINO SANABR\u00c9S DA OURENSE<\/h3>\n  <p>\n    Il\n    <a href=\"https:\/\/www.pilgrim.es\/it\/cammino-sanabrese\/\">Cammino Sanabr\u00e9s<\/a>\n    \u00e8 un&#8217;estensione del Cammino\n    <a href=\"https:\/\/www.pilgrim.es\/it\/via-plata\/\">V\u00eda de la Plata<\/a>, che\n    entra nella provincia di Ourense, passando anche per la provincia di\n    Pontevedra.\n  <\/p>\n  <p>\n    Partire dalla stessa citt\u00e0 di Ourense per raggiungere la destinazione in 5\n    giorni \u00e8 un&#8217;opzione che potete valutare e godere di questo percorso lungo\n    124 km.\n  <\/p>\n<\/div>\n<div class=\"section-post\" id=\"10d\">\n  <h2 id=\"10d\">IL CAMMINO DI SANTIAGO IN 10 GIORNI<\/h2>\n  <div class=\"wp-block-image\">\n    <figure class=\"aligncenter\">\n      <img decoding=\"async\" alt=\"Quale Cammino di Santiago fare in 10 giorni\" class=\"wp-image-43904\"\n        src=\"\/wp-content\/uploads\/2019\/08\/que-camino-escoger-10-dias-1-1024x372.jpg\" \/>\n    <\/figure>\n  <\/div>\n  <p>\n    Quando si ha a disposizione 10 giorni per vivere l&#8217;esperienza del Cammino,\n    le possibilit\u00e0 di iniziare la propria avventura da fuori del territorio\n    galiziano e persino dal Portogallo aumentano notevolmente. Ecco alcune idee\n    per realizzare il tuo Cammino di Santiago se hai questo numero di giorni a\n    disposizione:\n  <\/p>\n  <h3>CAMMINO FRANCESE DA PONFERRADA<\/h3>\n  <p>\n    Se hai circa 10 giorni a disposizione durante la stagione primavera-estate,\n    ti aspetta l&#8217;impegnativo Cammino Francese: questa volta da Ponferrada.\n  <\/p>\n  <p>\n    Per circa 200 km\n    <strong>percorrerai le ultime 10 (o 9) tappe del pi\u00f9 popolare itinerario di\n      pellegrinaggio<\/strong>, ammirando le montagne di Ancares e il primo singolare villaggio galiziano\n    di O Cebreiro.\n  <\/p>\n  <h3>CAMMINO INVERNALE DA PONFERRADA<\/h3>\n  <p>\n    Dalla stessa citt\u00e0, se preferisci, avrai a disposizione il Cammino\n    d&#8217;Inverno, nel caso in cui questo sia il periodo dell&#8217;anno in cui farai il\n    tuo pellegrinaggio, sebbene tu possa scegliere questo percorso anche nella\n    stagione estiva ed\n    <strong>evitare le possibili folle del Cammino Francese<\/strong> in queste\n    ultime tappe.\n  <\/p>\n  <p>\n    Proprio a Ponferrada inizia la variante invernale, che\n    <strong>ti permetter\u00e0 di visitare Las M\u00e9dulas e anche la Ribeira Sacra.<\/strong>\n    Questo percorso \u00e8 pi\u00f9 lungo di circa 50 km, ma ne vale la pena.\n  <\/p>\n  <h3>CAMMINO PORTOGHESE DA OPORTO<\/h3>\n  <p>\n    Se scegli il Cammino Portoghese per questo periodo, la citt\u00e0 di Porto ti\n    aspetta come punto di partenza. In questo modo avrai esattamente\n    <strong>5 giorni per camminare in territorio portoghese e altri 5 giorni per\n      esplorare il territorio galiziano.<\/strong>\n  <\/p>\n  <p>\n    Inoltre, partendo da questo punto (uno dei pi\u00f9 importanti di questo\n    Cammino), avrai due opzioni:\n  <\/p>\n  <ul>\n    <li>\n      <a href=\"https:\/\/www.pilgrim.es\/it\/cammino-portoghese\/\">Il Cammino Portoghese attraverso l&#8217;interiore\n      <\/a>\n    <\/li>\n    <li>\n      <a href=\"https:\/\/www.pilgrim.es\/it\/cammino-portoghese-per-la-costa\/\">Il Cammino Portoghese lungo la costa<\/a>\n    <\/li>\n  <\/ul>\n  <p>\n    Sceglierai tu se vorrai fare il percorso pi\u00f9 tradizionale o goderti la costa\n    atlantica lungo il cammino.\n  <\/p>\n  <h3>CAMMINO NORD DA LUARCA<\/h3>\n  <p>\n    Il villaggio bianco di Luarca \u00e8 un buon punto di partenza per iniziare il\n    Cammino del Nord in 10 giorni, per proseguire attraverso paesaggi verdi e\n    vicino alla costa settentrionale del Paese.\n  <\/p>\n  <p>\n    Lungo questo percorso si attraversano citt\u00e0 costiere come Ribadeo, dove si\n    <strong>pu\u00f2 fare una sosta alla famosa spiaggia di Las Catedrales<\/strong>,\n    una visita da non perdere.\n  <\/p>\n  <h3>CAMMINO PRIMITIVO DA OVIEDO<\/h3>\n  <p>\n    Oviedo \u00e8 il punto di partenza del\n    <a href=\"https:\/\/www.pilgrim.es\/it\/cammino-primitivo\/\">Cammino Primitivo<\/a>, quindi se vuoi\n    <strong>completare uno degli itinerari nella sua interezza,<\/strong> potrai\n    farlo se avrai questo tempo a disposizione.\n  <\/p>\n  <p>\n    Il Cammino Primitivo <strong>non \u00e8 dei pi\u00f9 facili<\/strong>: attraversa le\n    montagne fino a Lugo, quindi \u00e8 meglio essere in buona forma fisica. Da qui\n    le cose cambiano e a Melide ci si unisce al Cammino Francese fino a\n    Compostela.\n  <\/p>\n  <h3>CAMMINO SANABR\u00c9S DA PUEBLA DE SANABRIA<\/h3>\n  <p>\n    Questa variante del Cammino di V\u00eda de la Plata evita di passare per Astorga\n    per entrare in Galizia, come abbiamo gi\u00e0 detto, dalla provincia di Ourense.\n  <\/p>\n  <p>\n    Da Puebla de Sanabria\n    <strong>si percorre quasi la met\u00e0 del Cammino Sanabr\u00e9s.<\/strong> Infatti,\n    questo punto \u00e8 solitamente scelto da molti pellegrini per l&#8217;inizio di questa\n    variante.\n  <\/p>\n  <p>\n    Vale la pena visitare il suo centro storico prima di iniziare il cammino!\n  <\/p>\n<\/div>\n<div class=\"section-post\" id=\"15d\">\n  <h2 id=\"15d\">IL CAMMINO DI SANTIAGO IN 15 GIORNI<\/h2>\n  <div class=\"wp-block-image\">\n    <figure class=\"aligncenter\">\n      <img decoding=\"async\" alt=\"Quale Cammino di Santiago fare con 15 giorni\" class=\"wp-image-43911\"\n        src=\"\/wp-content\/uploads\/2019\/08\/que-camino-escoger-15-dias-1-1024x372.jpg\" \/>\n    <\/figure>\n  <\/div>\n  <p>\n    Avere 15 giorni pieni per fare il Camino\n    <strong>ti permette di immergerti molto di pi\u00f9 in questa esperienza.<\/strong>\n  <\/p>\n  <p>\n    Se hai intenzione di dedicare due settimane del tuo tempo, ecco le opzioni\n    migliori.\n  <\/p>\n  <h3>CAMMINO FRANCESE DA LE\u00d3N<\/h3>\n  <p>\n    Pi\u00f9 di 300 km di Cammino Francese ti aspettano da Le\u00f3n, una delle citt\u00e0 pi\u00f9\n    importanti di questo percorso e il\n    <strong>secondo punto di partenza pi\u00f9 scelto dai pellegrini<\/strong> (dopo\n    Sarria).\n  <\/p>\n  <p>\n    In questa citt\u00e0 potrai ammirare l&#8217;imponente cattedrale con le sue colorate\n    vetrate, e da qui inizia il Cammino con il maggior numero di pellegrini in\n    assoluto.\n  <\/p>\n  <h3>CAMMINO PORTOGHESE DA \u00c1GUEDA<\/h3>\n  <p>\n    Il secondo dei Cammini pi\u00f9 frequentati \u00e8 ancora un&#8217;opzione da prendere in\n    considerazione: questa volta si parte dal grazioso villaggio di \u00c1gueda,\n    <strong>noto per i suoi famosi ombrelli colorati.<\/strong>\n  <\/p>\n  <p>\n    Se inizi il tuo percorso a luglio, potrai godere degli eventi che si\n    svolgono in questa citt\u00e0 per 3 settimane durante il festival AgitAgueda.\n  <\/p>\n  <p>\n    Ricorda che, una volta raggiunta Oporto, potrai scegliere tra l&#8217;itinerario\n    interiore e quello costiero.\n  <\/p>\n  <h3>CAMMINO DEL NORD DA GIJ\u00d3N<\/h3>\n  <p>\n    Se decidi di iniziare il tuo viaggio con il sidro asturiano, questa potrebbe\n    essere una buona opzione se decidi di percorrere il Cammino del Nord da\n    Gij\u00f3n.\n  <\/p>\n  <p>\n    Anche se inizi in una citt\u00e0 dal carattere marcatamente industriale, la\n    lascerai presto alle spalle per dare spazio alla natura verde del nord ed\n    arrivare ad Avil\u00e9s, dove potrai ammirare il centro storico di questa citt\u00e0\n    di mare.\n  <\/p>\n  <h3>CAMMINO SANABR\u00c9S DA GRANJA DE MORERUELA<\/h3>\n  <p>\n    In questo caso puoi seguire la variante del\n    <a href=\"https:\/\/www.pilgrim.es\/it\/cammino-sanabrese\/\">Cammino Sanabr\u00e9s<\/a>\n    con le sue <strong>15 tappe dal punto di partenza<\/strong>: Granja de\n    Moreruela.\n  <\/p>\n  <p>\n    Il cosiddetto Cammino Mozarabico ti porter\u00e0 a Santiago entrando da A Gudi\u00f1a,\n    dove potrai scegliere tra due deviazioni:\n  <\/p>\n  <ul>\n    <li><strong>Laza<\/strong>: la variante pi\u00f9 breve di questo percorso.<\/li>\n    <li>\n      <strong>Ver\u00edn<\/strong>: un po&#8217; pi\u00f9 lunga, passa attraverso luoghi molto\n      interessanti, come Xinzo de Limia.\n    <\/li>\n  <\/ul>\n<\/div>\n<div class=\"section-post\" id=\"1m\">\n  <h2 id=\"1m\">IL CAMMINO DI SANTIAGO IN UN MESE<\/h2>\n  <div class=\"wp-block-image\">\n    <figure class=\"aligncenter\">\n      <img decoding=\"async\" alt=\"Quale Cammino di Santiago fare in 1 mese\" class=\"wp-image-43890\"\n        src=\"\/wp-content\/uploads\/2019\/08\/que-camino-escoger-1-mes-1-1024x372.jpg\" \/>\n    <\/figure>\n  <\/div>\n  <p>\n    Per coloro che hanno il privilegio di avere a disposizione un mese del loro\n    tempo, il Cammino pu\u00f2 essere\n    <strong>un&#8217;esperienza che cambia la vita.<\/strong>\n  <\/p>\n  <p>\n    Se sei in grado di affrontare la sfida, ecco i diversi punti di partenza che\n    ti consigliamo.\n  <\/p>\n  <h3>CAMMINO FRANCESE DA ST. JEAN PIED DE PORT<\/h3>\n  <p>\n    30 giorni sono necessari per percorrere\n    <strong>il Cammino di Santiago pi\u00f9 popolare<\/strong> nella sua interezza dal\n    suo punto di partenza: il bellissimo villaggio francese di St. Jean Pied de\n    Port.\n  <\/p>\n  <p>\n    Tieni presente che questa prima tappa \u00e8 dura: molti pellegrini scelgono di\n    saltarla e di iniziare il Cammino nella citt\u00e0 successiva, Roncisvalle, gi\u00e0\n    in territorio spagnolo. Tuttavia, da parte di Pilgrim t<strong>i incoraggiamo a iniziare il percorso dal punto\n      iniziale<\/strong>\n    e ad avere cos\u00ec la soddisfazione di aver fatto il\n    <a href=\"https:\/\/www.pilgrim.es\/it\/cammino-francese\/\">Cammino Francese<\/a>\n    nella sua interezza.\n  <\/p>\n  <p>\n    Dopo questa prima tappa in Francia, il resto sar\u00e0 sicuramente una\n    passeggiata.\n  <\/p>\n  <h3>CAMMINO PORTOGHESE DA LISBONA<\/h3>\n  <p>\n    La capitale portoghese \u00e8 il punto di partenza dell&#8217;intenso\n    <a href=\"https:\/\/www.pilgrim.es\/it\/cammino-portoghese\/\">Cammino Portoghese<\/a>. Da qui ti aspettano\n    <strong>616 km fino alla capitale della Galizia, o 641 se deciderai di visitare\n      il villaggio di F\u00e1tima<\/strong>, famoso per l&#8217;apparizione della Vergine Maria a tre pastori della zona.\n  <\/p>\n  <p>\n    In ogni caso, Lisbona \u00e8 una citt\u00e0 che vale la pena esplorare prima di\n    iniziare il viaggio verso nord. Speriamo solo che non ti dispiaccia\n    andartene quando sentirai i fados: ti cattureranno come il canto di una\n    sirena!\n  <\/p>\n  <h3>CAMMINO DEL NORD DA IRUN<\/h3>\n  <p>\n    Da Ir\u00fan a Santiago de Compostela ti aspetta una distanza totale di 820 km se\n    scegli il\n    <a href=\"https:\/\/www.pilgrim.es\/it\/cammino-nord\/\">Cammino del Nord.<\/a>\n  <\/p>\n  <p>\n    Questo percorso sta\n    <strong>diventando sempre pi\u00f9 popolare per la bellezza delle sue tappe,<\/strong>ma \u00e8 anche uno dei pi\u00f9 impegnativi:\n    le tappe nei Paesi Baschi attraversano\n    per lo pi\u00f9 catene montuose e valli, anche se potrai visitare citt\u00e0\n    importanti come Donosti (San Sebasti\u00e1n) e Bilbao.\n  <\/p>\n  <p>\n    Proseguirai lungo citt\u00e0 costiere, montagne e splendidi villaggi rurali fino\n    ad Arz\u00faa, dove ti collegherai con il Cammino francese fino a raggiungere\n    l&#8217;Obradoiro, alla fine del percorso.\n  <\/p>\n  <h3>IL CAMMINO DA MADRID<\/h3>\n  <p>\n    Non poteva mancare un&#8217;alternativa per Santiago de Compostela dalla capitale\n    spagnola,\n    <strong>che consigliamo soprattutto per la stagione autunnale o\n      primaverile<\/strong>, quando le temperature sono pi\u00f9 miti.\n  <\/p>\n  <p>\n    Anche se non molto tempo fa non era molto conosciuto, questo percorso conta\n    sempre pi\u00f9 pellegrini che arrivano dalla capitale per compiere il loro\n    pellegrinaggio, come dice la tradizione, &#8220;dalla porta di casa&#8221;. Inoltre,\n    <strong>all&#8217;altezza di Sahag\u00fan si collega al Cammino Francese<\/strong> per\n    proseguire lungo questo percorso fino alla destinazione finale.\n  <\/p>\n<\/div>\n<div class=\"section-post\" id=\"\">\n  <h2>PILGRIM CAMMINA CON TE<\/h2>\n  <p>\n    Come puoi vedere, il Cammino si adatta ai suoi pellegrini e ci sono molte\n    opzioni da scegliere a seconda del tempo che hai a disposizione, se vuoi\n    vivere questa esperienza.\n  <\/p>\n  <p>\n    Da Pilgrim <strong>ti aiutiamo a pianificare il tuo viaggio<\/strong> in modo\n    da non perdere nulla prima del Cammino, durante e una volta arrivati a\n    destinazione. Contattaci senza impegno per rendere la tua esperienza\n    indimenticabile!\n  <\/p>\n<\/div>\n\n\n\n<p><\/p>\n","protected":false},"excerpt":{"rendered":"<p> Quando si decide di fare il Cammino di Santiago, c&#8217;\u00e8 un fattore molto<br \/>\n      importante che bisogna sempre tenere in considerazione: il tempo a<br \/>\n      disposizione per raggiungere la citt\u00e0 di Santiago de Compostela. Se volete<br \/>\n      sapere quali sono le diverse opzioni disponibili, continuate a leggere,<br \/>\n      noi di Pilgrim abbiamo fatto i calcoli per voi.<\/p>\n","protected":false},"author":1,"featured_media":124158,"comment_status":"open","ping_status":"closed","sticky":false,"template":"","format":"standard","meta":{"footnotes":""},"categories":[41,39],"tags":[],"class_list":["post-99255","post","type-post","status-publish","format-standard","has-post-thumbnail","hentry","category-consigli","category-informazioni-base"],"yoast_head":"<!-- This site is optimized with the Yoast SEO plugin v27.4 - https:\/\/yoast.com\/product\/yoast-seo-wordpress\/ -->\n<title>Percorsi del Cammino di Santiago in base ai giorni che avete a disposizione - Pilgrim<\/title>\n<meta name=\"robots\" content=\"index, follow, max-snippet:-1, max-image-preview:large, max-video-preview:-1\" \/>\n<link rel=\"canonical\" href=\"https:\/\/www.pilgrim.es\/it\/percorsi-del-cammino-di-santiago-in-base-ai-giorni-che-avete-a-disposizione\/\" \/>\n<meta property=\"og:locale\" content=\"it_IT\" \/>\n<meta property=\"og:type\" content=\"article\" \/>\n<meta property=\"og:title\" content=\"Percorsi del Cammino di Santiago in base ai giorni che avete a disposizione - Pilgrim\" \/>\n<meta property=\"og:description\" content=\"Quando si decide di fare il Cammino di Santiago, c&#039;\u00e8 un fattore molto    importante che bisogna sempre tenere in considerazione: il tempo a    disposizione per raggiungere la citt\u00e0 di Santiago de Compostela. Se volete    sapere quali sono le diverse opzioni disponibili, continuate a leggere,    noi di Pilgrim abbiamo fatto i calcoli per voi.\" \/>\n<meta property=\"og:url\" content=\"https:\/\/www.pilgrim.es\/it\/percorsi-del-cammino-di-santiago-in-base-ai-giorni-che-avete-a-disposizione\/\" \/>\n<meta property=\"og:site_name\" content=\"Pilgrim\" \/>\n<meta property=\"article:publisher\" content=\"https:\/\/www.facebook.com\/pilgrim.es\/\" \/>\n<meta property=\"article:published_time\" content=\"2025-04-01T08:39:57+00:00\" \/>\n<meta property=\"article:modified_time\" content=\"2025-06-09T08:02:23+00:00\" \/>\n<meta property=\"og:image\" content=\"https:\/\/www.pilgrim.es\/wp-content\/uploads\/2019\/08\/que-camino-escoger-2.jpg\" \/>\n\t<meta property=\"og:image:width\" content=\"1000\" \/>\n\t<meta property=\"og:image:height\" content=\"666\" \/>\n\t<meta property=\"og:image:type\" content=\"image\/jpeg\" \/>\n<meta name=\"author\" content=\"pilgrim\" \/>\n<meta name=\"twitter:card\" content=\"summary_large_image\" \/>\n<meta name=\"twitter:creator\" content=\"@pilgrim_es\" \/>\n<meta name=\"twitter:site\" content=\"@pilgrim_es\" \/>\n<meta name=\"twitter:label1\" content=\"Scritto da\" \/>\n\t<meta name=\"twitter:data1\" content=\"pilgrim\" \/>\n\t<meta name=\"twitter:label2\" content=\"Tempo di lettura stimato\" \/>\n\t<meta name=\"twitter:data2\" content=\"11 minuti\" \/>\n<script type=\"application\/ld+json\" class=\"yoast-schema-graph\">{\"@context\":\"https:\\\/\\\/schema.org\",\"@graph\":[{\"@type\":\"Article\",\"@id\":\"https:\\\/\\\/www.pilgrim.es\\\/it\\\/percorsi-del-cammino-di-santiago-in-base-ai-giorni-che-avete-a-disposizione\\\/#article\",\"isPartOf\":{\"@id\":\"https:\\\/\\\/www.pilgrim.es\\\/it\\\/percorsi-del-cammino-di-santiago-in-base-ai-giorni-che-avete-a-disposizione\\\/\"},\"author\":{\"name\":\"pilgrim\",\"@id\":\"https:\\\/\\\/www.pilgrim.es\\\/it\\\/#\\\/schema\\\/person\\\/de7c8aca996c64c61f23fc45f892394b\"},\"headline\":\"Percorsi del Cammino di Santiago in base ai giorni che avete a disposizione\",\"datePublished\":\"2025-04-01T08:39:57+00:00\",\"dateModified\":\"2025-06-09T08:02:23+00:00\",\"mainEntityOfPage\":{\"@id\":\"https:\\\/\\\/www.pilgrim.es\\\/it\\\/percorsi-del-cammino-di-santiago-in-base-ai-giorni-che-avete-a-disposizione\\\/\"},\"wordCount\":2165,\"commentCount\":0,\"publisher\":{\"@id\":\"https:\\\/\\\/www.pilgrim.es\\\/it\\\/#organization\"},\"image\":{\"@id\":\"https:\\\/\\\/www.pilgrim.es\\\/it\\\/percorsi-del-cammino-di-santiago-in-base-ai-giorni-che-avete-a-disposizione\\\/#primaryimage\"},\"thumbnailUrl\":\"https:\\\/\\\/www.pilgrim.es\\\/wp-content\\\/uploads\\\/2019\\\/08\\\/que-camino-escoger-2.jpg\",\"articleSection\":[\"Consigli\",\"Informazioni base\"],\"inLanguage\":\"it-IT\",\"potentialAction\":[{\"@type\":\"CommentAction\",\"name\":\"Comment\",\"target\":[\"https:\\\/\\\/www.pilgrim.es\\\/it\\\/percorsi-del-cammino-di-santiago-in-base-ai-giorni-che-avete-a-disposizione\\\/#respond\"]}]},{\"@type\":\"WebPage\",\"@id\":\"https:\\\/\\\/www.pilgrim.es\\\/it\\\/percorsi-del-cammino-di-santiago-in-base-ai-giorni-che-avete-a-disposizione\\\/\",\"url\":\"https:\\\/\\\/www.pilgrim.es\\\/it\\\/percorsi-del-cammino-di-santiago-in-base-ai-giorni-che-avete-a-disposizione\\\/\",\"name\":\"Percorsi del Cammino di Santiago in base ai giorni che avete a disposizione - Pilgrim\",\"isPartOf\":{\"@id\":\"https:\\\/\\\/www.pilgrim.es\\\/it\\\/#website\"},\"primaryImageOfPage\":{\"@id\":\"https:\\\/\\\/www.pilgrim.es\\\/it\\\/percorsi-del-cammino-di-santiago-in-base-ai-giorni-che-avete-a-disposizione\\\/#primaryimage\"},\"image\":{\"@id\":\"https:\\\/\\\/www.pilgrim.es\\\/it\\\/percorsi-del-cammino-di-santiago-in-base-ai-giorni-che-avete-a-disposizione\\\/#primaryimage\"},\"thumbnailUrl\":\"https:\\\/\\\/www.pilgrim.es\\\/wp-content\\\/uploads\\\/2019\\\/08\\\/que-camino-escoger-2.jpg\",\"datePublished\":\"2025-04-01T08:39:57+00:00\",\"dateModified\":\"2025-06-09T08:02:23+00:00\",\"breadcrumb\":{\"@id\":\"https:\\\/\\\/www.pilgrim.es\\\/it\\\/percorsi-del-cammino-di-santiago-in-base-ai-giorni-che-avete-a-disposizione\\\/#breadcrumb\"},\"inLanguage\":\"it-IT\",\"potentialAction\":[{\"@type\":\"ReadAction\",\"target\":[\"https:\\\/\\\/www.pilgrim.es\\\/it\\\/percorsi-del-cammino-di-santiago-in-base-ai-giorni-che-avete-a-disposizione\\\/\"]}]},{\"@type\":\"ImageObject\",\"inLanguage\":\"it-IT\",\"@id\":\"https:\\\/\\\/www.pilgrim.es\\\/it\\\/percorsi-del-cammino-di-santiago-in-base-ai-giorni-che-avete-a-disposizione\\\/#primaryimage\",\"url\":\"https:\\\/\\\/www.pilgrim.es\\\/wp-content\\\/uploads\\\/2019\\\/08\\\/que-camino-escoger-2.jpg\",\"contentUrl\":\"https:\\\/\\\/www.pilgrim.es\\\/wp-content\\\/uploads\\\/2019\\\/08\\\/que-camino-escoger-2.jpg\",\"width\":1000,\"height\":666},{\"@type\":\"BreadcrumbList\",\"@id\":\"https:\\\/\\\/www.pilgrim.es\\\/it\\\/percorsi-del-cammino-di-santiago-in-base-ai-giorni-che-avete-a-disposizione\\\/#breadcrumb\",\"itemListElement\":[{\"@type\":\"ListItem\",\"position\":1,\"name\":\"Camino de Santiago\",\"item\":\"https:\\\/\\\/www.pilgrim.es\\\/it\\\/\"},{\"@type\":\"ListItem\",\"position\":2,\"name\":\"Percorsi del Cammino di Santiago in base ai giorni che avete a disposizione\"}]},{\"@type\":\"WebSite\",\"@id\":\"https:\\\/\\\/www.pilgrim.es\\\/it\\\/#website\",\"url\":\"https:\\\/\\\/www.pilgrim.es\\\/it\\\/\",\"name\":\"Pilgrim\",\"description\":\"Camino de Santiago | Caminamos Contigo\",\"publisher\":{\"@id\":\"https:\\\/\\\/www.pilgrim.es\\\/it\\\/#organization\"},\"potentialAction\":[{\"@type\":\"SearchAction\",\"target\":{\"@type\":\"EntryPoint\",\"urlTemplate\":\"https:\\\/\\\/www.pilgrim.es\\\/it\\\/?s={search_term_string}\"},\"query-input\":{\"@type\":\"PropertyValueSpecification\",\"valueRequired\":true,\"valueName\":\"search_term_string\"}}],\"inLanguage\":\"it-IT\"},{\"@type\":\"Organization\",\"@id\":\"https:\\\/\\\/www.pilgrim.es\\\/it\\\/#organization\",\"name\":\"Pilgrim Camino de Santiago\",\"url\":\"https:\\\/\\\/www.pilgrim.es\\\/it\\\/\",\"logo\":{\"@type\":\"ImageObject\",\"inLanguage\":\"it-IT\",\"@id\":\"https:\\\/\\\/www.pilgrim.es\\\/it\\\/#\\\/schema\\\/logo\\\/image\\\/\",\"url\":\"https:\\\/\\\/www.pilgrim.es\\\/wp-content\\\/uploads\\\/2019\\\/04\\\/logo_pilgrim.png\",\"contentUrl\":\"https:\\\/\\\/www.pilgrim.es\\\/wp-content\\\/uploads\\\/2019\\\/04\\\/logo_pilgrim.png\",\"width\":512,\"height\":512,\"caption\":\"Pilgrim Camino de Santiago\"},\"image\":{\"@id\":\"https:\\\/\\\/www.pilgrim.es\\\/it\\\/#\\\/schema\\\/logo\\\/image\\\/\"},\"sameAs\":[\"https:\\\/\\\/www.facebook.com\\\/pilgrim.es\\\/\",\"https:\\\/\\\/x.com\\\/pilgrim_es\",\"https:\\\/\\\/www.instagram.com\\\/pilgrim.es\\\/\",\"https:\\\/\\\/www.linkedin.com\\\/company\\\/pilgrim-camino-de-santiago\\\/\",\"https:\\\/\\\/www.pinterest.es\\\/pilgrimcaminodesantiago\\\/\",\"https:\\\/\\\/www.youtube.com\\\/channel\\\/UCIv2ZzFLXVqthkNF32rKedw\\\/featured\"]},{\"@type\":\"Person\",\"@id\":\"https:\\\/\\\/www.pilgrim.es\\\/it\\\/#\\\/schema\\\/person\\\/de7c8aca996c64c61f23fc45f892394b\",\"name\":\"pilgrim\",\"image\":{\"@type\":\"ImageObject\",\"inLanguage\":\"it-IT\",\"@id\":\"https:\\\/\\\/secure.gravatar.com\\\/avatar\\\/06d7281d39935d7eb573e805b5eeb500b575a7dd7a75083cef280bf51b3e5e62?s=96&d=mm&r=g\",\"url\":\"https:\\\/\\\/secure.gravatar.com\\\/avatar\\\/06d7281d39935d7eb573e805b5eeb500b575a7dd7a75083cef280bf51b3e5e62?s=96&d=mm&r=g\",\"contentUrl\":\"https:\\\/\\\/secure.gravatar.com\\\/avatar\\\/06d7281d39935d7eb573e805b5eeb500b575a7dd7a75083cef280bf51b3e5e62?s=96&d=mm&r=g\",\"caption\":\"pilgrim\"}}]}<\/script>\n<!-- \/ Yoast SEO plugin. -->","yoast_head_json":{"title":"Percorsi del Cammino di Santiago in base ai giorni che avete a disposizione - Pilgrim","robots":{"index":"index","follow":"follow","max-snippet":"max-snippet:-1","max-image-preview":"max-image-preview:large","max-video-preview":"max-video-preview:-1"},"canonical":"https:\/\/www.pilgrim.es\/it\/percorsi-del-cammino-di-santiago-in-base-ai-giorni-che-avete-a-disposizione\/","og_locale":"it_IT","og_type":"article","og_title":"Percorsi del Cammino di Santiago in base ai giorni che avete a disposizione - Pilgrim","og_description":"Quando si decide di fare il Cammino di Santiago, c'\u00e8 un fattore molto    importante che bisogna sempre tenere in considerazione: il tempo a    disposizione per raggiungere la citt\u00e0 di Santiago de Compostela. Se volete    sapere quali sono le diverse opzioni disponibili, continuate a leggere,    noi di Pilgrim abbiamo fatto i calcoli per voi.","og_url":"https:\/\/www.pilgrim.es\/it\/percorsi-del-cammino-di-santiago-in-base-ai-giorni-che-avete-a-disposizione\/","og_site_name":"Pilgrim","article_publisher":"https:\/\/www.facebook.com\/pilgrim.es\/","article_published_time":"2025-04-01T08:39:57+00:00","article_modified_time":"2025-06-09T08:02:23+00:00","og_image":[{"width":1000,"height":666,"url":"https:\/\/www.pilgrim.es\/wp-content\/uploads\/2019\/08\/que-camino-escoger-2.jpg","type":"image\/jpeg"}],"author":"pilgrim","twitter_card":"summary_large_image","twitter_creator":"@pilgrim_es","twitter_site":"@pilgrim_es","twitter_misc":{"Scritto da":"pilgrim","Tempo di lettura stimato":"11 minuti"},"schema":{"@context":"https:\/\/schema.org","@graph":[{"@type":"Article","@id":"https:\/\/www.pilgrim.es\/it\/percorsi-del-cammino-di-santiago-in-base-ai-giorni-che-avete-a-disposizione\/#article","isPartOf":{"@id":"https:\/\/www.pilgrim.es\/it\/percorsi-del-cammino-di-santiago-in-base-ai-giorni-che-avete-a-disposizione\/"},"author":{"name":"pilgrim","@id":"https:\/\/www.pilgrim.es\/it\/#\/schema\/person\/de7c8aca996c64c61f23fc45f892394b"},"headline":"Percorsi del Cammino di Santiago in base ai giorni che avete a disposizione","datePublished":"2025-04-01T08:39:57+00:00","dateModified":"2025-06-09T08:02:23+00:00","mainEntityOfPage":{"@id":"https:\/\/www.pilgrim.es\/it\/percorsi-del-cammino-di-santiago-in-base-ai-giorni-che-avete-a-disposizione\/"},"wordCount":2165,"commentCount":0,"publisher":{"@id":"https:\/\/www.pilgrim.es\/it\/#organization"},"image":{"@id":"https:\/\/www.pilgrim.es\/it\/percorsi-del-cammino-di-santiago-in-base-ai-giorni-che-avete-a-disposizione\/#primaryimage"},"thumbnailUrl":"https:\/\/www.pilgrim.es\/wp-content\/uploads\/2019\/08\/que-camino-escoger-2.jpg","articleSection":["Consigli","Informazioni base"],"inLanguage":"it-IT","potentialAction":[{"@type":"CommentAction","name":"Comment","target":["https:\/\/www.pilgrim.es\/it\/percorsi-del-cammino-di-santiago-in-base-ai-giorni-che-avete-a-disposizione\/#respond"]}]},{"@type":"WebPage","@id":"https:\/\/www.pilgrim.es\/it\/percorsi-del-cammino-di-santiago-in-base-ai-giorni-che-avete-a-disposizione\/","url":"https:\/\/www.pilgrim.es\/it\/percorsi-del-cammino-di-santiago-in-base-ai-giorni-che-avete-a-disposizione\/","name":"Percorsi del Cammino di Santiago in base ai giorni che avete a disposizione - Pilgrim","isPartOf":{"@id":"https:\/\/www.pilgrim.es\/it\/#website"},"primaryImageOfPage":{"@id":"https:\/\/www.pilgrim.es\/it\/percorsi-del-cammino-di-santiago-in-base-ai-giorni-che-avete-a-disposizione\/#primaryimage"},"image":{"@id":"https:\/\/www.pilgrim.es\/it\/percorsi-del-cammino-di-santiago-in-base-ai-giorni-che-avete-a-disposizione\/#primaryimage"},"thumbnailUrl":"https:\/\/www.pilgrim.es\/wp-content\/uploads\/2019\/08\/que-camino-escoger-2.jpg","datePublished":"2025-04-01T08:39:57+00:00","dateModified":"2025-06-09T08:02:23+00:00","breadcrumb":{"@id":"https:\/\/www.pilgrim.es\/it\/percorsi-del-cammino-di-santiago-in-base-ai-giorni-che-avete-a-disposizione\/#breadcrumb"},"inLanguage":"it-IT","potentialAction":[{"@type":"ReadAction","target":["https:\/\/www.pilgrim.es\/it\/percorsi-del-cammino-di-santiago-in-base-ai-giorni-che-avete-a-disposizione\/"]}]},{"@type":"ImageObject","inLanguage":"it-IT","@id":"https:\/\/www.pilgrim.es\/it\/percorsi-del-cammino-di-santiago-in-base-ai-giorni-che-avete-a-disposizione\/#primaryimage","url":"https:\/\/www.pilgrim.es\/wp-content\/uploads\/2019\/08\/que-camino-escoger-2.jpg","contentUrl":"https:\/\/www.pilgrim.es\/wp-content\/uploads\/2019\/08\/que-camino-escoger-2.jpg","width":1000,"height":666},{"@type":"BreadcrumbList","@id":"https:\/\/www.pilgrim.es\/it\/percorsi-del-cammino-di-santiago-in-base-ai-giorni-che-avete-a-disposizione\/#breadcrumb","itemListElement":[{"@type":"ListItem","position":1,"name":"Camino de Santiago","item":"https:\/\/www.pilgrim.es\/it\/"},{"@type":"ListItem","position":2,"name":"Percorsi del Cammino di Santiago in base ai giorni che avete a disposizione"}]},{"@type":"WebSite","@id":"https:\/\/www.pilgrim.es\/it\/#website","url":"https:\/\/www.pilgrim.es\/it\/","name":"Pilgrim","description":"Camino de Santiago | Caminamos Contigo","publisher":{"@id":"https:\/\/www.pilgrim.es\/it\/#organization"},"potentialAction":[{"@type":"SearchAction","target":{"@type":"EntryPoint","urlTemplate":"https:\/\/www.pilgrim.es\/it\/?s={search_term_string}"},"query-input":{"@type":"PropertyValueSpecification","valueRequired":true,"valueName":"search_term_string"}}],"inLanguage":"it-IT"},{"@type":"Organization","@id":"https:\/\/www.pilgrim.es\/it\/#organization","name":"Pilgrim Camino de Santiago","url":"https:\/\/www.pilgrim.es\/it\/","logo":{"@type":"ImageObject","inLanguage":"it-IT","@id":"https:\/\/www.pilgrim.es\/it\/#\/schema\/logo\/image\/","url":"https:\/\/www.pilgrim.es\/wp-content\/uploads\/2019\/04\/logo_pilgrim.png","contentUrl":"https:\/\/www.pilgrim.es\/wp-content\/uploads\/2019\/04\/logo_pilgrim.png","width":512,"height":512,"caption":"Pilgrim Camino de Santiago"},"image":{"@id":"https:\/\/www.pilgrim.es\/it\/#\/schema\/logo\/image\/"},"sameAs":["https:\/\/www.facebook.com\/pilgrim.es\/","https:\/\/x.com\/pilgrim_es","https:\/\/www.instagram.com\/pilgrim.es\/","https:\/\/www.linkedin.com\/company\/pilgrim-camino-de-santiago\/","https:\/\/www.pinterest.es\/pilgrimcaminodesantiago\/","https:\/\/www.youtube.com\/channel\/UCIv2ZzFLXVqthkNF32rKedw\/featured"]},{"@type":"Person","@id":"https:\/\/www.pilgrim.es\/it\/#\/schema\/person\/de7c8aca996c64c61f23fc45f892394b","name":"pilgrim","image":{"@type":"ImageObject","inLanguage":"it-IT","@id":"https:\/\/secure.gravatar.com\/avatar\/06d7281d39935d7eb573e805b5eeb500b575a7dd7a75083cef280bf51b3e5e62?s=96&d=mm&r=g","url":"https:\/\/secure.gravatar.com\/avatar\/06d7281d39935d7eb573e805b5eeb500b575a7dd7a75083cef280bf51b3e5e62?s=96&d=mm&r=g","contentUrl":"https:\/\/secure.gravatar.com\/avatar\/06d7281d39935d7eb573e805b5eeb500b575a7dd7a75083cef280bf51b3e5e62?s=96&d=mm&r=g","caption":"pilgrim"}}]}},"_links":{"self":[{"href":"https:\/\/www.pilgrim.es\/it\/wp-json\/wp\/v2\/posts\/99255","targetHints":{"allow":["GET"]}}],"collection":[{"href":"https:\/\/www.pilgrim.es\/it\/wp-json\/wp\/v2\/posts"}],"about":[{"href":"https:\/\/www.pilgrim.es\/it\/wp-json\/wp\/v2\/types\/post"}],"author":[{"embeddable":true,"href":"https:\/\/www.pilgrim.es\/it\/wp-json\/wp\/v2\/users\/1"}],"replies":[{"embeddable":true,"href":"https:\/\/www.pilgrim.es\/it\/wp-json\/wp\/v2\/comments?post=99255"}],"version-history":[{"count":3,"href":"https:\/\/www.pilgrim.es\/it\/wp-json\/wp\/v2\/posts\/99255\/revisions"}],"predecessor-version":[{"id":123501,"href":"https:\/\/www.pilgrim.es\/it\/wp-json\/wp\/v2\/posts\/99255\/revisions\/123501"}],"wp:featuredmedia":[{"embeddable":true,"href":"https:\/\/www.pilgrim.es\/it\/wp-json\/wp\/v2\/media\/124158"}],"wp:attachment":[{"href":"https:\/\/www.pilgrim.es\/it\/wp-json\/wp\/v2\/media?parent=99255"}],"wp:term":[{"taxonomy":"category","embeddable":true,"href":"https:\/\/www.pilgrim.es\/it\/wp-json\/wp\/v2\/categories?post=99255"},{"taxonomy":"post_tag","embeddable":true,"href":"https:\/\/www.pilgrim.es\/it\/wp-json\/wp\/v2\/tags?post=99255"}],"curies":[{"name":"wp","href":"https:\/\/api.w.org\/{rel}","templated":true}]}}