{"id":99237,"date":"2025-04-01T08:32:07","date_gmt":"2025-04-01T08:32:07","guid":{"rendered":"https:\/\/www.pilgrim.es\/?p=99237"},"modified":"2025-06-09T08:13:46","modified_gmt":"2025-06-09T08:13:46","slug":"la-piccola-strada-del-re","status":"publish","type":"post","link":"https:\/\/www.pilgrim.es\/it\/la-piccola-strada-del-re\/","title":{"rendered":"La piccola strada del Re (El caminito del Rey)"},"content":{"rendered":"\n<div class=\"entry-content__introduction\">\n  <p>\n    \u00c8 comune pensare che <strong>il Caminito del Rey<\/strong> e il\n    <a href=\"https:\/\/www.pilgrim.es\/it\/cammini\/\">Cammino di Santiago<\/a> siano\n    percorsi correlati, ma questo pensiero non \u00e8 corretto. In questo post\n    spiegheremo cos&#8217;\u00e8 il Caminito del Rey e alcuni altri aspetti, anche se non \u00e8\n    legato al Cammino di Santiago, \u00e8\n    <strong>un percorso importante che merita di essere menzionato<\/strong> in\n    quanto patrimonio dell&#8217;umanit\u00e0 dell&#8217;UNESCO.\n  <\/p>\n  <h5>\n    POTREBBE INTERESSARTI ANCHE:\n    <a href=\"https:\/\/www.pilgrim.es\/it\/il-cammino-olvidado\/\"\n      >IL CAMMINO DIMENTICATO DI SANTIAGO<\/a\n    >\n  <\/h5>\n<\/div>\n<hr class=\"single-bar\" \/>\n<ul class=\"index float-none float-sm-left mb-3\">\n  <span>Indice<\/span>\n  <li><a href=\"#history\">Storia<\/a><\/li>\n  <li><a href=\"#how\">Come raggiungere<\/a><\/li>\n  <li><a href=\"#visit\">Visitare<\/a><\/li>\n  <li><a href=\"#time\">Quanto dura<\/a><\/li>\n<\/ul>\n<hr class=\"single-bar\" \/>\n<div class=\"section-post\" id=\"what\">\n  <h2 class=\"mt-5 mb-3\" id=\"what\">Cos&#8217;\u00e8 il Caminito del Rey<\/h2>\n  <p>\n    \u00c8 un sentiero costruito, all&#8217;inizio del XX secolo, proprio nella gola dei\n    Gaitanes (un canyon scavato dal fiume Guadalhorce) che si trova tra i comuni\n    di Ardales, \u00c1lora e Antequera, situati a Malaga (Andalusia, Spagna).\n  <\/p>\n  <p>\n    L&#8217;attrazione principale di questo sentiero \u00e8 costituita dalle\n    <strong\n      >passerelle di 3 km, alte pi\u00f9 di 100 metri sulla parete della gola<\/strong\n    >, situate sopra un canale d&#8217;acqua e con una larghezza di poco pi\u00f9 di 1\n    metro. Tuttavia, il suo percorso comprende altri 4 km di accessi.\n  <\/p>\n  <h3 class=\"mt-4 mb-3\">Perch\u00e9 si chiama cos\u00ec<\/h3>\n  <p>\n    Nel 1921 <strong>il re Alfonso XIII inaugur\u00f2 gli accessi<\/strong> tra i\n    bacini di Guadalhorce e Guadalteba e, per farlo, dovette attraversare la\n    passerella creata per raggiungere il punto in cui si trovavano queste\n    costruzioni. Da quel momento inizi\u00f2 a chiamarsi Caminito del Rey, come \u00e8\n    conosciuto oggi.\n  <\/p>\n  <img decoding=\"async\"\n    alt=\"Foto del Caminito del Rey\"\n    class=\"p-w-full p-h-96 p-object-cover\"\n    src=\"\/wp-content\/uploads\/2019\/10\/recorrido-caminito-del-rey-1024x768.jpg\"\n  \/>\n<\/div>\n<div class=\"section-post\" id=\"history\">\n  <h2 class=\"mt-5 mb-3\" id=\"history\">La Storia<\/h2>\n  <h3 class=\"mt-4 mb-3\">Origine<\/h3>\n  <p>\n    Il Caminito nacque dalla necessit\u00e0 di collegare i comuni di Malaga\n    attraverso il Desiladero de los Gaitanes. I responsabili della sua\n    costruzione, tra il 1901 e il 1905, furono i dirigenti della Sociedad\n    Hidroel\u00e9ctrica del Chorro, poich\u00e9 i\n    <strong>loro operai dovevano attraversare il passo in qualche modo<\/strong>\n    per poter spostare il materiale per i lavori.\n  <\/p>\n  <h3 class=\"mt-4 mb-3\">Deterioramento<\/h3>\n  <p>\n    Dopo il completamento dei lavori di costruzione e anni di assenza di\n    manutenzione del percorso e delle passerelle,\n    <strong>queste erano in pessime condizioni<\/strong>, senza corrimano, e\n    nella parte del percorso senza passerelle il terreno era distrutto,\n    lasciando visibili le fondamenta. Tuttavia, questo non spavent\u00f2 gli\n    scalatori, ma anzi accrebbe il loro desiderio di scalare, e la sua fama tra\n    loro crebbe fino a diventare una delle aree di arrampicata pi\u00f9 importanti\n    d&#8217;Europa.\n  <\/p>\n  <h4>Incidenti mortali<\/h4>\n  <p>\n    A causa della sua pericolosit\u00e0 e dell&#8217;aumento del numero di escursionisti,\n    <strong>tra il 1999 e il 2000 morirono 4 escursionisti,<\/strong>la Junta de\n    Andaluc\u00eda decise di chiudere gli accessi per evitare altre disgrazie come\n    queste, imponendo multe fino a 6000 \u20ac per chi fosse stato sorpreso a\n    infrangere le regole e a percorrere il Caminito del Rey.\n  <\/p>\n  <h3 class=\"mt-4 mb-3\">Recupero<\/h3>\n  <p>\n    A seguito di una proposta avanzata nel 2006 tra la Diputaci\u00f3n Provincial de\n    M\u00e1laga e la Junta de Andaluc\u00eda,\n    <strong\n      >nel 2014 sono iniziati i lavori per il ripristino di questo famoso\n      sentiero.<\/strong\n    >\n    I lavori sono durati un anno e, finalmente, nel 2015 (il 28 marzo) \u00e8 stato\n    aperto al pubblico.\n  <\/p>\n  <img decoding=\"async\"\n    alt=\"vistas caminito del rey\"\n    class=\"img-fluid d-block mx-auto mt-5\"\n    src=\"\/wp-content\/uploads\/2019\/10\/vistas-caminito-del-rey-1024x685.jpg\"\n  \/>\n<\/div>\n<div class=\"section-post\" id=\"how\">\n  <h2 class=\"mt-5 mb-3\" id=\"how\">Come arrivare<\/h2>\n  <h3 class=\"mt-4 mb-3\">In auto<\/h3>\n  <p>\n    Per raggiungere l&#8217;inizio del Caminito del Rey, si pu\u00f2 arrivare da 3 punti:\n  <\/p>\n  <ul>\n    <li>\n      <strong>Da Malaga<\/strong>: lasciate la capitale sulla A-357 in direzione\n      MA-5403. Si attraversano i comuni di C\u00e1rtama, Pizarra, Carratraca e\n      Ardales su un percorso di circa 60 km.\n    <\/li>\n    <li>\n      <strong>Da Antequera<\/strong>: Una volta lasciata la citt\u00e0, ci sono due\n      possibilit\u00e0: dirigersi verso Campillos (A-384) fino ai bacini di El Chorro\n      (A-357 e MA-451), oppure verso Valle de Abdalaj\u00eds (A-343) e da l\u00ec alla\n      stazione di El Chorro (MA-4401).\n    <\/li>\n    <li>\n      <strong>Da Ronda<\/strong>: si pu\u00f2 arrivare da C\u00e1diz attraverso la A-367.\n      Una volta arrivati nel comune di Ardales, prendete la MA-5403 per 60 km\n      fino alla tua destinazione finale.\n    <\/li>\n  <\/ul>\n  <p>\n    Una volta arrivati in zona, bisogna sapere che\n    <strong>il parcheggio \u00e8 ancora lontano dall&#8217;inizio del percorso.<\/strong>\n    Per arrivarci hai due alternative: nord o sud. Sebbene la zona nord sia\n    accessibile prima all&#8217;inizio, \u00e8 pi\u00f9 lontana alla fine, quindi si consiglia\n    di parcheggiare nella zona sud, poich\u00e9 alla fine del percorso \u00e8 sempre\n    meglio avere l&#8217;auto pi\u00f9 vicina.\n  <\/p>\n  <p>\n    Dopo aver parcheggiato nella zona sud, a El Chorro,\n    <strong\n      >ci vorr\u00e0 circa un&#8217;ora e mezza per arrivare al punto di partenza<\/strong\n    >\n    del Caminito del Rey perch\u00e9, prima, dovrai aspettare il bus navetta (ti\n    lasciamo i\n    <a\n      href=\"http:\/\/static.malaga.es\/malaga\/subidas\/archivos\/0\/8\/arc_218080_v4.pdf\"\n      rel=\"nofollow noopener noreferrer\"\n      target=\"_blank\"\n      >suoi orari<\/a\n    >); una volta usciti dal bus dovrai raggiungere il rifugio di controllo dove\n    si formano i gruppi di visitatori, per i quali dovrai passare attraverso il\n    tunnel accanto al bar\/ristorante &#8220;El Kiosco&#8221; o il piccolo tunnel che si\n    trova prima.\n  <\/p>\n  <h3 class=\"mt-4 mb-3\">\n    BIGLIETTO COMBINATO TRENO + AUTOBUS + INGRESSO AL CAMINITO DEL REY\n  <\/h3>\n  <p>\n    Ti lasciamo un&#8217;immagine di un pacchetto, creato da Renfe, che specifica come\n    ottenere questo biglietto combinato e i suoi prezzi.\n  <\/p>\n  <p>\n    Vedi immagine:\n    <a\n      href=\"http:\/\/static.malaga.es\/malaga\/subidas\/imagenes\/1\/2\/arc_312121_g.jpg\"\n      rel=\"nofollow noopener noreferrer\"\n      target=\"_blank\"\n      >Biglietto combinato Caminito del Rey<\/a\n    >\n  <\/p>\n<\/div>\n<div class=\"section-post\" id=\"visit\">\n  <h2 class=\"mt-5 mb-3\" id=\"visit\">Visite precedenti<\/h2>\n  <p>\n    Per vivere l&#8217;avventura del Caminito del Rey, \u00e8 necessario prenotare il\n    proprio posto in anticipo sul sito ufficiale.\n  <\/p>\n  <p>\n    Attraverso questo link \u00e8 possibile\n    <a\n      href=\"https:\/\/reservas.caminitodelrey.info\/\"\n      rel=\"nofollow noopener noreferrer\"\n      target=\"_blank\"\n      >prenotare il proprio posto per il Caminito del Rey.<\/a\n    >\n  <\/p>\n  <img decoding=\"async\"\n    alt=\"visite caminito del rey\"\n    class=\"p-w-full p-h-96 p-object-cover\"\n    src=\"\/wp-content\/uploads\/2019\/10\/grupo-de-visita-caminito-del-rey-1024x682.jpg\"\n  \/>\n<\/div>\n<div class=\"section-post\" id=\"time\">\n  <h2 class=\"mt-5 mb-3\" id=\"time\">Quanto dura il percorso<\/h2>\n  <p>\n    Come gi\u00e0 detto,\n    <strong>il Caminito del Rey si compone di due parti<\/strong>: gli accessi e\n    le passerelle. La parte degli accessi ha una distanza di 4,8 km e la parte\n    delle passerelle (la pi\u00f9 conosciuta) \u00e8 lunga 2,9 km.\n  <\/p>\n  <p>\n    Si percorre in una sola direzione, da nord a sud, cio\u00e8 da Ardales a El\n    Chorro, e richiede un <strong>tempo stimato tra le 3 e le 4 ore<\/strong>, a\n    seconda del passo dell&#8217;escursionista. La decisione di percorrere\n    l&#8217;itinerario in un&#8217;unica direzione, da nord a sud, \u00e8 stata presa per ridurre\n    la difficolt\u00e0, poich\u00e9 in questo modo si cammina in discesa.\n  <\/p>\n<\/div>\n<div class=\"section-post\" id=\"\">\n  <h2 class=\"mt-5 mb-3\">\u00c8 tempo di avventura<\/h2>\n  <p>\n    Speriamo che tutte le informazioni che ti abbiamo dato sul Caminito del Rey\n    ti aiutino a pianificarlo e che, in un prossimo futuro, decida di farlo.\n    Sarebbe un buon inizio per, in un prossimo futuro,\n    <strong>osare il Cammino di Santiago<\/strong> (o riprenderlo nel caso in cui\n    l&#8217;abbiate gi\u00e0 fatto).\n  <\/p>\n  <p>\n    <strong><em>Bon Camino!\/em><\/strong>\n  <\/p>\n<\/div>\n\n\n\n<p><\/p>\n","protected":false},"excerpt":{"rendered":"<p> \u00c8 comune pensare che il Caminito del Rey e il Cammino di Santiago siano<br \/>\n      percorsi correlati, ma questo pensiero non \u00e8 corretto. In questo post<br \/>\n      spiegheremo cos&#8217;\u00e8 il Caminito del Rey e alcuni altri aspetti, anche se non<br \/>\n      \u00e8 legato al Cammino di Santiago, \u00e8 un percorso importante che merita di<br \/>\n      essere menzionato in quanto patrimonio dell&#8217;umanit\u00e0 dell&#8217;UNESCO.<\/p>\n","protected":false},"author":1,"featured_media":123996,"comment_status":"open","ping_status":"closed","sticky":false,"template":"","format":"standard","meta":{"footnotes":""},"categories":[38],"tags":[],"class_list":["post-99237","post","type-post","status-publish","format-standard","has-post-thumbnail","hentry","category-altro"],"yoast_head":"<!-- This site is optimized with the Yoast SEO plugin v27.4 - https:\/\/yoast.com\/product\/yoast-seo-wordpress\/ -->\n<title>La piccola strada del Re (El caminito del Rey) - Pilgrim<\/title>\n<meta name=\"robots\" content=\"index, follow, max-snippet:-1, max-image-preview:large, max-video-preview:-1\" \/>\n<link rel=\"canonical\" href=\"https:\/\/www.pilgrim.es\/it\/la-piccola-strada-del-re\/\" \/>\n<meta property=\"og:locale\" content=\"it_IT\" \/>\n<meta property=\"og:type\" content=\"article\" \/>\n<meta property=\"og:title\" content=\"La piccola strada del Re (El caminito del Rey) - Pilgrim\" \/>\n<meta property=\"og:description\" content=\"\u00c8 comune pensare che il Caminito del Rey e il Cammino di Santiago siano    percorsi correlati, ma questo pensiero non \u00e8 corretto. In questo post    spiegheremo cos&#039;\u00e8 il Caminito del Rey e alcuni altri aspetti, anche se non    \u00e8 legato al Cammino di Santiago, \u00e8 un percorso importante che merita di    essere menzionato in quanto patrimonio dell&#039;umanit\u00e0 dell&#039;UNESCO.\" \/>\n<meta property=\"og:url\" content=\"https:\/\/www.pilgrim.es\/it\/la-piccola-strada-del-re\/\" \/>\n<meta property=\"og:site_name\" content=\"Pilgrim\" \/>\n<meta property=\"article:publisher\" content=\"https:\/\/www.facebook.com\/pilgrim.es\/\" \/>\n<meta property=\"article:published_time\" content=\"2025-04-01T08:32:07+00:00\" \/>\n<meta property=\"article:modified_time\" content=\"2025-06-09T08:13:46+00:00\" \/>\n<meta property=\"og:image\" content=\"https:\/\/www.pilgrim.es\/wp-content\/uploads\/2019\/10\/caminito-del-rey-2.jpg\" \/>\n\t<meta property=\"og:image:width\" content=\"1000\" \/>\n\t<meta property=\"og:image:height\" content=\"666\" \/>\n\t<meta property=\"og:image:type\" content=\"image\/jpeg\" \/>\n<meta name=\"author\" content=\"pilgrim\" \/>\n<meta name=\"twitter:card\" content=\"summary_large_image\" \/>\n<meta name=\"twitter:creator\" content=\"@pilgrim_es\" \/>\n<meta name=\"twitter:site\" content=\"@pilgrim_es\" \/>\n<meta name=\"twitter:label1\" content=\"Scritto da\" \/>\n\t<meta name=\"twitter:data1\" content=\"pilgrim\" \/>\n\t<meta name=\"twitter:label2\" content=\"Tempo di lettura stimato\" \/>\n\t<meta name=\"twitter:data2\" content=\"4 minuti\" \/>\n<script type=\"application\/ld+json\" class=\"yoast-schema-graph\">{\"@context\":\"https:\\\/\\\/schema.org\",\"@graph\":[{\"@type\":\"Article\",\"@id\":\"https:\\\/\\\/www.pilgrim.es\\\/it\\\/la-piccola-strada-del-re\\\/#article\",\"isPartOf\":{\"@id\":\"https:\\\/\\\/www.pilgrim.es\\\/it\\\/la-piccola-strada-del-re\\\/\"},\"author\":{\"name\":\"pilgrim\",\"@id\":\"https:\\\/\\\/www.pilgrim.es\\\/it\\\/#\\\/schema\\\/person\\\/de7c8aca996c64c61f23fc45f892394b\"},\"headline\":\"La piccola strada del Re (El caminito del Rey)\",\"datePublished\":\"2025-04-01T08:32:07+00:00\",\"dateModified\":\"2025-06-09T08:13:46+00:00\",\"mainEntityOfPage\":{\"@id\":\"https:\\\/\\\/www.pilgrim.es\\\/it\\\/la-piccola-strada-del-re\\\/\"},\"wordCount\":921,\"commentCount\":0,\"publisher\":{\"@id\":\"https:\\\/\\\/www.pilgrim.es\\\/it\\\/#organization\"},\"image\":{\"@id\":\"https:\\\/\\\/www.pilgrim.es\\\/it\\\/la-piccola-strada-del-re\\\/#primaryimage\"},\"thumbnailUrl\":\"https:\\\/\\\/www.pilgrim.es\\\/wp-content\\\/uploads\\\/2019\\\/10\\\/caminito-del-rey-2.jpg\",\"articleSection\":[\"Altro\"],\"inLanguage\":\"it-IT\",\"potentialAction\":[{\"@type\":\"CommentAction\",\"name\":\"Comment\",\"target\":[\"https:\\\/\\\/www.pilgrim.es\\\/it\\\/la-piccola-strada-del-re\\\/#respond\"]}]},{\"@type\":\"WebPage\",\"@id\":\"https:\\\/\\\/www.pilgrim.es\\\/it\\\/la-piccola-strada-del-re\\\/\",\"url\":\"https:\\\/\\\/www.pilgrim.es\\\/it\\\/la-piccola-strada-del-re\\\/\",\"name\":\"La piccola strada del Re (El caminito del Rey) - Pilgrim\",\"isPartOf\":{\"@id\":\"https:\\\/\\\/www.pilgrim.es\\\/it\\\/#website\"},\"primaryImageOfPage\":{\"@id\":\"https:\\\/\\\/www.pilgrim.es\\\/it\\\/la-piccola-strada-del-re\\\/#primaryimage\"},\"image\":{\"@id\":\"https:\\\/\\\/www.pilgrim.es\\\/it\\\/la-piccola-strada-del-re\\\/#primaryimage\"},\"thumbnailUrl\":\"https:\\\/\\\/www.pilgrim.es\\\/wp-content\\\/uploads\\\/2019\\\/10\\\/caminito-del-rey-2.jpg\",\"datePublished\":\"2025-04-01T08:32:07+00:00\",\"dateModified\":\"2025-06-09T08:13:46+00:00\",\"breadcrumb\":{\"@id\":\"https:\\\/\\\/www.pilgrim.es\\\/it\\\/la-piccola-strada-del-re\\\/#breadcrumb\"},\"inLanguage\":\"it-IT\",\"potentialAction\":[{\"@type\":\"ReadAction\",\"target\":[\"https:\\\/\\\/www.pilgrim.es\\\/it\\\/la-piccola-strada-del-re\\\/\"]}]},{\"@type\":\"ImageObject\",\"inLanguage\":\"it-IT\",\"@id\":\"https:\\\/\\\/www.pilgrim.es\\\/it\\\/la-piccola-strada-del-re\\\/#primaryimage\",\"url\":\"https:\\\/\\\/www.pilgrim.es\\\/wp-content\\\/uploads\\\/2019\\\/10\\\/caminito-del-rey-2.jpg\",\"contentUrl\":\"https:\\\/\\\/www.pilgrim.es\\\/wp-content\\\/uploads\\\/2019\\\/10\\\/caminito-del-rey-2.jpg\",\"width\":1000,\"height\":666},{\"@type\":\"BreadcrumbList\",\"@id\":\"https:\\\/\\\/www.pilgrim.es\\\/it\\\/la-piccola-strada-del-re\\\/#breadcrumb\",\"itemListElement\":[{\"@type\":\"ListItem\",\"position\":1,\"name\":\"Camino de Santiago\",\"item\":\"https:\\\/\\\/www.pilgrim.es\\\/it\\\/\"},{\"@type\":\"ListItem\",\"position\":2,\"name\":\"La piccola strada del Re (El caminito del Rey)\"}]},{\"@type\":\"WebSite\",\"@id\":\"https:\\\/\\\/www.pilgrim.es\\\/it\\\/#website\",\"url\":\"https:\\\/\\\/www.pilgrim.es\\\/it\\\/\",\"name\":\"Pilgrim\",\"description\":\"Camino de Santiago | Caminamos Contigo\",\"publisher\":{\"@id\":\"https:\\\/\\\/www.pilgrim.es\\\/it\\\/#organization\"},\"potentialAction\":[{\"@type\":\"SearchAction\",\"target\":{\"@type\":\"EntryPoint\",\"urlTemplate\":\"https:\\\/\\\/www.pilgrim.es\\\/it\\\/?s={search_term_string}\"},\"query-input\":{\"@type\":\"PropertyValueSpecification\",\"valueRequired\":true,\"valueName\":\"search_term_string\"}}],\"inLanguage\":\"it-IT\"},{\"@type\":\"Organization\",\"@id\":\"https:\\\/\\\/www.pilgrim.es\\\/it\\\/#organization\",\"name\":\"Pilgrim Camino de Santiago\",\"url\":\"https:\\\/\\\/www.pilgrim.es\\\/it\\\/\",\"logo\":{\"@type\":\"ImageObject\",\"inLanguage\":\"it-IT\",\"@id\":\"https:\\\/\\\/www.pilgrim.es\\\/it\\\/#\\\/schema\\\/logo\\\/image\\\/\",\"url\":\"https:\\\/\\\/www.pilgrim.es\\\/wp-content\\\/uploads\\\/2019\\\/04\\\/logo_pilgrim.png\",\"contentUrl\":\"https:\\\/\\\/www.pilgrim.es\\\/wp-content\\\/uploads\\\/2019\\\/04\\\/logo_pilgrim.png\",\"width\":512,\"height\":512,\"caption\":\"Pilgrim Camino de Santiago\"},\"image\":{\"@id\":\"https:\\\/\\\/www.pilgrim.es\\\/it\\\/#\\\/schema\\\/logo\\\/image\\\/\"},\"sameAs\":[\"https:\\\/\\\/www.facebook.com\\\/pilgrim.es\\\/\",\"https:\\\/\\\/x.com\\\/pilgrim_es\",\"https:\\\/\\\/www.instagram.com\\\/pilgrim.es\\\/\",\"https:\\\/\\\/www.linkedin.com\\\/company\\\/pilgrim-camino-de-santiago\\\/\",\"https:\\\/\\\/www.pinterest.es\\\/pilgrimcaminodesantiago\\\/\",\"https:\\\/\\\/www.youtube.com\\\/channel\\\/UCIv2ZzFLXVqthkNF32rKedw\\\/featured\"]},{\"@type\":\"Person\",\"@id\":\"https:\\\/\\\/www.pilgrim.es\\\/it\\\/#\\\/schema\\\/person\\\/de7c8aca996c64c61f23fc45f892394b\",\"name\":\"pilgrim\",\"image\":{\"@type\":\"ImageObject\",\"inLanguage\":\"it-IT\",\"@id\":\"https:\\\/\\\/secure.gravatar.com\\\/avatar\\\/06d7281d39935d7eb573e805b5eeb500b575a7dd7a75083cef280bf51b3e5e62?s=96&d=mm&r=g\",\"url\":\"https:\\\/\\\/secure.gravatar.com\\\/avatar\\\/06d7281d39935d7eb573e805b5eeb500b575a7dd7a75083cef280bf51b3e5e62?s=96&d=mm&r=g\",\"contentUrl\":\"https:\\\/\\\/secure.gravatar.com\\\/avatar\\\/06d7281d39935d7eb573e805b5eeb500b575a7dd7a75083cef280bf51b3e5e62?s=96&d=mm&r=g\",\"caption\":\"pilgrim\"}}]}<\/script>\n<!-- \/ Yoast SEO plugin. -->","yoast_head_json":{"title":"La piccola strada del Re (El caminito del Rey) - Pilgrim","robots":{"index":"index","follow":"follow","max-snippet":"max-snippet:-1","max-image-preview":"max-image-preview:large","max-video-preview":"max-video-preview:-1"},"canonical":"https:\/\/www.pilgrim.es\/it\/la-piccola-strada-del-re\/","og_locale":"it_IT","og_type":"article","og_title":"La piccola strada del Re (El caminito del Rey) - Pilgrim","og_description":"\u00c8 comune pensare che il Caminito del Rey e il Cammino di Santiago siano    percorsi correlati, ma questo pensiero non \u00e8 corretto. In questo post    spiegheremo cos'\u00e8 il Caminito del Rey e alcuni altri aspetti, anche se non    \u00e8 legato al Cammino di Santiago, \u00e8 un percorso importante che merita di    essere menzionato in quanto patrimonio dell'umanit\u00e0 dell'UNESCO.","og_url":"https:\/\/www.pilgrim.es\/it\/la-piccola-strada-del-re\/","og_site_name":"Pilgrim","article_publisher":"https:\/\/www.facebook.com\/pilgrim.es\/","article_published_time":"2025-04-01T08:32:07+00:00","article_modified_time":"2025-06-09T08:13:46+00:00","og_image":[{"width":1000,"height":666,"url":"https:\/\/www.pilgrim.es\/wp-content\/uploads\/2019\/10\/caminito-del-rey-2.jpg","type":"image\/jpeg"}],"author":"pilgrim","twitter_card":"summary_large_image","twitter_creator":"@pilgrim_es","twitter_site":"@pilgrim_es","twitter_misc":{"Scritto da":"pilgrim","Tempo di lettura stimato":"4 minuti"},"schema":{"@context":"https:\/\/schema.org","@graph":[{"@type":"Article","@id":"https:\/\/www.pilgrim.es\/it\/la-piccola-strada-del-re\/#article","isPartOf":{"@id":"https:\/\/www.pilgrim.es\/it\/la-piccola-strada-del-re\/"},"author":{"name":"pilgrim","@id":"https:\/\/www.pilgrim.es\/it\/#\/schema\/person\/de7c8aca996c64c61f23fc45f892394b"},"headline":"La piccola strada del Re (El caminito del Rey)","datePublished":"2025-04-01T08:32:07+00:00","dateModified":"2025-06-09T08:13:46+00:00","mainEntityOfPage":{"@id":"https:\/\/www.pilgrim.es\/it\/la-piccola-strada-del-re\/"},"wordCount":921,"commentCount":0,"publisher":{"@id":"https:\/\/www.pilgrim.es\/it\/#organization"},"image":{"@id":"https:\/\/www.pilgrim.es\/it\/la-piccola-strada-del-re\/#primaryimage"},"thumbnailUrl":"https:\/\/www.pilgrim.es\/wp-content\/uploads\/2019\/10\/caminito-del-rey-2.jpg","articleSection":["Altro"],"inLanguage":"it-IT","potentialAction":[{"@type":"CommentAction","name":"Comment","target":["https:\/\/www.pilgrim.es\/it\/la-piccola-strada-del-re\/#respond"]}]},{"@type":"WebPage","@id":"https:\/\/www.pilgrim.es\/it\/la-piccola-strada-del-re\/","url":"https:\/\/www.pilgrim.es\/it\/la-piccola-strada-del-re\/","name":"La piccola strada del Re (El caminito del Rey) - Pilgrim","isPartOf":{"@id":"https:\/\/www.pilgrim.es\/it\/#website"},"primaryImageOfPage":{"@id":"https:\/\/www.pilgrim.es\/it\/la-piccola-strada-del-re\/#primaryimage"},"image":{"@id":"https:\/\/www.pilgrim.es\/it\/la-piccola-strada-del-re\/#primaryimage"},"thumbnailUrl":"https:\/\/www.pilgrim.es\/wp-content\/uploads\/2019\/10\/caminito-del-rey-2.jpg","datePublished":"2025-04-01T08:32:07+00:00","dateModified":"2025-06-09T08:13:46+00:00","breadcrumb":{"@id":"https:\/\/www.pilgrim.es\/it\/la-piccola-strada-del-re\/#breadcrumb"},"inLanguage":"it-IT","potentialAction":[{"@type":"ReadAction","target":["https:\/\/www.pilgrim.es\/it\/la-piccola-strada-del-re\/"]}]},{"@type":"ImageObject","inLanguage":"it-IT","@id":"https:\/\/www.pilgrim.es\/it\/la-piccola-strada-del-re\/#primaryimage","url":"https:\/\/www.pilgrim.es\/wp-content\/uploads\/2019\/10\/caminito-del-rey-2.jpg","contentUrl":"https:\/\/www.pilgrim.es\/wp-content\/uploads\/2019\/10\/caminito-del-rey-2.jpg","width":1000,"height":666},{"@type":"BreadcrumbList","@id":"https:\/\/www.pilgrim.es\/it\/la-piccola-strada-del-re\/#breadcrumb","itemListElement":[{"@type":"ListItem","position":1,"name":"Camino de Santiago","item":"https:\/\/www.pilgrim.es\/it\/"},{"@type":"ListItem","position":2,"name":"La piccola strada del Re (El caminito del Rey)"}]},{"@type":"WebSite","@id":"https:\/\/www.pilgrim.es\/it\/#website","url":"https:\/\/www.pilgrim.es\/it\/","name":"Pilgrim","description":"Camino de Santiago | Caminamos Contigo","publisher":{"@id":"https:\/\/www.pilgrim.es\/it\/#organization"},"potentialAction":[{"@type":"SearchAction","target":{"@type":"EntryPoint","urlTemplate":"https:\/\/www.pilgrim.es\/it\/?s={search_term_string}"},"query-input":{"@type":"PropertyValueSpecification","valueRequired":true,"valueName":"search_term_string"}}],"inLanguage":"it-IT"},{"@type":"Organization","@id":"https:\/\/www.pilgrim.es\/it\/#organization","name":"Pilgrim Camino de Santiago","url":"https:\/\/www.pilgrim.es\/it\/","logo":{"@type":"ImageObject","inLanguage":"it-IT","@id":"https:\/\/www.pilgrim.es\/it\/#\/schema\/logo\/image\/","url":"https:\/\/www.pilgrim.es\/wp-content\/uploads\/2019\/04\/logo_pilgrim.png","contentUrl":"https:\/\/www.pilgrim.es\/wp-content\/uploads\/2019\/04\/logo_pilgrim.png","width":512,"height":512,"caption":"Pilgrim Camino de Santiago"},"image":{"@id":"https:\/\/www.pilgrim.es\/it\/#\/schema\/logo\/image\/"},"sameAs":["https:\/\/www.facebook.com\/pilgrim.es\/","https:\/\/x.com\/pilgrim_es","https:\/\/www.instagram.com\/pilgrim.es\/","https:\/\/www.linkedin.com\/company\/pilgrim-camino-de-santiago\/","https:\/\/www.pinterest.es\/pilgrimcaminodesantiago\/","https:\/\/www.youtube.com\/channel\/UCIv2ZzFLXVqthkNF32rKedw\/featured"]},{"@type":"Person","@id":"https:\/\/www.pilgrim.es\/it\/#\/schema\/person\/de7c8aca996c64c61f23fc45f892394b","name":"pilgrim","image":{"@type":"ImageObject","inLanguage":"it-IT","@id":"https:\/\/secure.gravatar.com\/avatar\/06d7281d39935d7eb573e805b5eeb500b575a7dd7a75083cef280bf51b3e5e62?s=96&d=mm&r=g","url":"https:\/\/secure.gravatar.com\/avatar\/06d7281d39935d7eb573e805b5eeb500b575a7dd7a75083cef280bf51b3e5e62?s=96&d=mm&r=g","contentUrl":"https:\/\/secure.gravatar.com\/avatar\/06d7281d39935d7eb573e805b5eeb500b575a7dd7a75083cef280bf51b3e5e62?s=96&d=mm&r=g","caption":"pilgrim"}}]}},"_links":{"self":[{"href":"https:\/\/www.pilgrim.es\/it\/wp-json\/wp\/v2\/posts\/99237","targetHints":{"allow":["GET"]}}],"collection":[{"href":"https:\/\/www.pilgrim.es\/it\/wp-json\/wp\/v2\/posts"}],"about":[{"href":"https:\/\/www.pilgrim.es\/it\/wp-json\/wp\/v2\/types\/post"}],"author":[{"embeddable":true,"href":"https:\/\/www.pilgrim.es\/it\/wp-json\/wp\/v2\/users\/1"}],"replies":[{"embeddable":true,"href":"https:\/\/www.pilgrim.es\/it\/wp-json\/wp\/v2\/comments?post=99237"}],"version-history":[{"count":5,"href":"https:\/\/www.pilgrim.es\/it\/wp-json\/wp\/v2\/posts\/99237\/revisions"}],"predecessor-version":[{"id":127725,"href":"https:\/\/www.pilgrim.es\/it\/wp-json\/wp\/v2\/posts\/99237\/revisions\/127725"}],"wp:featuredmedia":[{"embeddable":true,"href":"https:\/\/www.pilgrim.es\/it\/wp-json\/wp\/v2\/media\/123996"}],"wp:attachment":[{"href":"https:\/\/www.pilgrim.es\/it\/wp-json\/wp\/v2\/media?parent=99237"}],"wp:term":[{"taxonomy":"category","embeddable":true,"href":"https:\/\/www.pilgrim.es\/it\/wp-json\/wp\/v2\/categories?post=99237"},{"taxonomy":"post_tag","embeddable":true,"href":"https:\/\/www.pilgrim.es\/it\/wp-json\/wp\/v2\/tags?post=99237"}],"curies":[{"name":"wp","href":"https:\/\/api.w.org\/{rel}","templated":true}]}}