{"id":99216,"date":"2025-04-01T08:15:52","date_gmt":"2025-04-01T08:15:52","guid":{"rendered":"https:\/\/www.pilgrim.es\/?p=99216"},"modified":"2025-06-09T07:57:51","modified_gmt":"2025-06-09T07:57:51","slug":"il-monte-do-gozo","status":"publish","type":"post","link":"https:\/\/www.pilgrim.es\/it\/il-monte-do-gozo\/","title":{"rendered":"Il Monte do Gozo"},"content":{"rendered":"\n<div class=\"entry-content__introduction\">\n  <p>\n    Nel Medioevo e nei secoli passati, percorrere il Cammino di Santiago era\n    un&#8217;impresa pericolosa, al punto che gli stessi pellegrini facevano\n    testamento prima della partenza nel caso non fossero riusciti a tornare.\n  <\/p>\n  <p>\n    In questo contesto, possiamo comprendere la gioia che questi pellegrini\n    provavano quando finalmente vedevano la\n    <strong>Cattedrale di Santiago<\/strong>. Tale era la gioia che la montagna\n    da cui fu avvistata per la prima volta la fine di questa avventura prese il\n    nome di Monte do Gozo (\u201cMonte della Gioia\u201d).\n  <\/p>\n  <p>\n    Oggi parliamo del <strong>Monte do Gozo<\/strong>, un luogo emblematico del\n    Cammino di Santiago.\n  <\/p>\n<\/div>\n<hr class=\"single-bar\" \/>\n<ul class=\"index float-none float-sm-left mb-3\">\n  <span class=\"\">Indice<\/span>\n  <li><a href=\"#fin-camino\">Monte do Gozo: l&#8217;inizio della fine della strada<\/a><\/li>\n  <li><a href=\"#ver-monte\">Cosa si pu\u00f2 vedere a Monte do Gozo?<\/a><\/li>\n  <li><a href=\"#nombre-monte\">Perch\u00e9 si chiama Monte do Gozo?<\/a><\/li>\n  <li><a href=\"#albergues-monte\">Ostelli a Monte do Gozo<\/a><\/li>\n<\/ul>\n<hr class=\"single-bar\" \/>\n<div class=\"section-post\" id=\"fin-camino\">\n  <h2 class=\"mt-5 mb-3\" id=\"fin-camino\">\n    Monte do Gozo: L&#8217;inizio della finde del Cammino\n  <\/h2>\n  <p>\n    A soli 5 km da Santiago de Compostela si trova il Monte do Gozo, una collina\n    di circa <strong>380 metri di altezza<\/strong> da cui si pu\u00f2 vedere la\n    Cattedrale. Lasciandosi alle spalle il villaggio di San Marcos, i pellegrini\n    raggiungono questa collina dopo aver superato l&#8217;omonima cappella.\n  <\/p>\n  <p>\n    Il Monte do Gozo \u00e8 un luogo ricco di simbolismi per il Cammino di Santiago\n    de Compostela. In passato, era il primo punto del Cammino da cui i\n    pellegrini potevano scorgere la citt\u00e0 di Compostela e, soprattutto, la\n    Cattedrale.\n  <\/p>\n  <p>\n    Pi\u00f9 recentemente, nel 1989, su questa stessa collina si sono svolti gli\n    eventi principali dell&#8217;<strong>Incontro Mondiale della Giovent\u00f9<\/strong>,\n    con Papa Giovanni Paolo II come protagonista. Questo evento ha dato al\n    Cammino di Santiago una grande pubblicit\u00e0 a livello internazionale, poich\u00e9\n    ha riunito pi\u00f9 di 100.000 persone, oltre a ottenere visibilit\u00e0 nei media.\n  <\/p>\n<\/div>\n<div class=\"section-post\" id=\"ver-monte\">\n  <h2 class=\"mt-5 mb-3\" id=\"ver-monte\">Cosa si pu\u00f2 vedere a Monte do Gozo?<\/h2>\n  <p>\n    In omaggio a Papa Giovanni Paolo II e a questa congregazione giovanile nel\n    1989, sul Monte do Gozo \u00e8 stato installato un\n    <strong>monumento commemorativo<\/strong>, realizzato in ceramica, acciaio e\n    pietra dall&#8217;artista brasiliana Yolanda d&#8217;Augsburg. Questo monumento,\n    tuttavia, \u00e8 stato recentemente rimosso dalla Xunta de Galicia, a causa del\n    suo irreversibile deterioramento.\n  <\/p>\n  <p>\n    Ci\u00f2 nonostante, il monumento pi\u00f9 caratteristico del Monte do Gozo (almeno\n    per gli escursionisti) \u00e8 probabilmente quello aggiunto nel 1992 dallo\n    scultore galiziano <strong>Jos\u00e9 Mar\u00eda Acu\u00f1a<\/strong>: una rappresentazione\n    in bronzo di due pellegrini che scorgono per la prima volta la Cattedrale\n    all&#8217;orizzonte.\n  <\/p>\n  <p>\n    Oggi il Monte do Gozo \u00e8 una vera e propria area ricreativa dove si svolgono\n    festival musicali, concerti e altri eventi. Oltre a un auditorium all&#8217;aperto\n    e a piscine pubbliche, c&#8217;\u00e8 spazio per il\n    <strong>Centro Europeo di Pellegrinaggio Giovanni Paolo II<\/strong>, un&#8217;area\n    di campeggio e un paio di ostelli con una capacit\u00e0 di ospitare pi\u00f9 di 800\n    pellegrini e visitatori.\n  <\/p>\n<\/div>\n<div class=\"section-post\" id=\"nombre-monte\">\n  <h2 class=\"mt-5 mb-3\" id=\"nombre-monte\">Perch\u00e9 si chiama Monte do Gozo?<\/h2>\n  <p>\n    La menzione del Monte do Gozo appare gi\u00e0 nel Codex Calixtinus, intorno al\n    XII secolo. A quell&#8217;epoca e come riportato in questi documenti, si chiamava\n    Mons Gaudii, diventando noto ai pellegrini provenienti dalla Francia come\n    Mont Joie.\n  <\/p>\n  <p>\n    Questo nome sembra essere dovuto alla gioia e alla felicit\u00e0 che i pellegrini\n    provavano nel raggiungere questa montagna, poich\u00e9 dopo lunghi giorni di\n    cammino potevano finalmente intravedere la Cattedrale.\n  <\/p>\n  <p>\n    Incoraggiati dal fatto di aver finalmente visto la meta del loro lungo\n    cammino, molti di questi pellegrini hanno proseguito i 5 chilometri\n    rimanenti a piedi nudi. Coloro che viaggiavano a cavallo sono scesi per\n    proseguire a piedi fino alla Cattedrale.\n  <\/p>\n<\/div>\n<div class=\"section-post\" id=\"albergues-monte\">\n  <h2 class=\"mt-5 mb-3\" id=\"albergues-monte\">Ostelli a Monte do Gozo<\/h2>\n  <p>\n    Sul Monte do Gozo si trovano due ostelli pensati per i pellegrini. Uno \u00e8\n    l&#8217;ostello pubblico della Xunta de Galicia, l&#8217;altro \u00e8 un ostello privato,\n    dove oltre ai letti a castello avrai a disposizione camere private e\n    familiari se hai bisogno di maggiore privacy.\n  <\/p>\n  <h3>OSTELLO DEI PELLEGRINI DELLA XUNTA DE GALICIA<\/h3>\n  <p>\n    Il prezzo di un letto a castello in questo ostello \u00e8 di\n    <strong>8 \u20ac<\/strong> e non \u00e8 consentita la prenotazione, come in tutti gli\n    ostelli pubblici. \u00c8 inoltre indispensabile esibire le proprie credenziali di\n    pellegrino.\n  <\/p>\n  <p>\n    Questo ostello \u00e8 suddiviso in padiglioni lungo il Monte do Gozo e dispone di\n    un&#8217;<strong>ampia variet\u00e0 di servizi<\/strong>, come lavatrice e asciugatrice\n    (a pagamento), riscaldamento, docce calde, cucina, sala da pranzo o\n    distributori automatici di caff\u00e8 e bibite.\n  <\/p>\n  <h3>OSTELLO MONTE DO GOZO<\/h3>\n  <p>\n    Se opti per questo ostello privato, il prezzo pi\u00f9 basso per un letto a\n    castello in questa sistemazione \u00e8 di <strong>15 \u20ac<\/strong> in una stanza\n    condivisa per un massimo di 8 persone. Il prezzo include le lenzuola e un\n    armadio dove riporre i propri effetti personali. Un&#8217;altra opzione \u00e8 quella\n    di concedersi un lusso prima di conquistare Santiago de Compostela e\n    soggiornare in una <strong>camera privata<\/strong>. In questo modo potrai\n    godere di una privacy totale, con bagno privato o TV a schermo piatto, oltre\n    ad altri servizi aggiuntivi.\n  <\/p>\n  <p>\n    Essendo un ostello privato, potrai prenotare il tuo letto in anticipo e\n    quindi assicurarti il soggiorno anche quando c&#8217;\u00e8 un grande afflusso di\n    pellegrini. Tieni presente che, oltre a essere l&#8217;ultima tappa del Cammino\n    Francese, la pi\u00f9 popolare di tutte, i pellegrini provenienti dal Camino del\n    Norte e dal Camino Primitivo passano anche per il Monte do Gozo.\n  <\/p>\n<\/div>\n","protected":false},"excerpt":{"rendered":"<p> Il Monte do Gozo \u00e8 uno dei punti pi\u00f9 importanti del Cammino di Santiago.<br \/>\n      Ti raccontiamo perch\u00e9 \u00e8 stato un luogo chiave per i pellegrini fin dal<br \/>\n      Medioevo, oltre all&#8217;origine del suo curioso nome.<\/p>\n","protected":false},"author":1,"featured_media":124404,"comment_status":"open","ping_status":"closed","sticky":false,"template":"","format":"standard","meta":{"footnotes":""},"categories":[39,4],"tags":[],"class_list":["post-99216","post","type-post","status-publish","format-standard","has-post-thumbnail","hentry","category-informazioni-base","category-non-categorizzato"],"yoast_head":"<!-- This site is optimized with the Yoast SEO plugin v27.4 - https:\/\/yoast.com\/product\/yoast-seo-wordpress\/ -->\n<title>Il Monte do Gozo - Pilgrim<\/title>\n<meta name=\"robots\" content=\"index, follow, max-snippet:-1, max-image-preview:large, max-video-preview:-1\" \/>\n<link rel=\"canonical\" href=\"https:\/\/www.pilgrim.es\/it\/il-monte-do-gozo\/\" \/>\n<meta property=\"og:locale\" content=\"it_IT\" \/>\n<meta property=\"og:type\" content=\"article\" \/>\n<meta property=\"og:title\" content=\"Il Monte do Gozo - Pilgrim\" \/>\n<meta property=\"og:description\" content=\"Il Monte do Gozo \u00e8 uno dei punti pi\u00f9 importanti del Cammino di Santiago.    Ti raccontiamo perch\u00e9 \u00e8 stato un luogo chiave per i pellegrini fin dal    Medioevo, oltre all&#039;origine del suo curioso nome.\" \/>\n<meta property=\"og:url\" content=\"https:\/\/www.pilgrim.es\/it\/il-monte-do-gozo\/\" \/>\n<meta property=\"og:site_name\" content=\"Pilgrim\" \/>\n<meta property=\"article:publisher\" content=\"https:\/\/www.facebook.com\/pilgrim.es\/\" \/>\n<meta property=\"article:published_time\" content=\"2025-04-01T08:15:52+00:00\" \/>\n<meta property=\"article:modified_time\" content=\"2025-06-09T07:57:51+00:00\" \/>\n<meta property=\"og:image\" content=\"https:\/\/www.pilgrim.es\/wp-content\/uploads\/2022\/05\/montegozo-1.jpg\" \/>\n\t<meta property=\"og:image:width\" content=\"1000\" \/>\n\t<meta property=\"og:image:height\" content=\"666\" \/>\n\t<meta property=\"og:image:type\" content=\"image\/jpeg\" \/>\n<meta name=\"author\" content=\"pilgrim\" \/>\n<meta name=\"twitter:card\" content=\"summary_large_image\" \/>\n<meta name=\"twitter:creator\" content=\"@pilgrim_es\" \/>\n<meta name=\"twitter:site\" content=\"@pilgrim_es\" \/>\n<meta name=\"twitter:label1\" content=\"Scritto da\" \/>\n\t<meta name=\"twitter:data1\" content=\"pilgrim\" \/>\n\t<meta name=\"twitter:label2\" content=\"Tempo di lettura stimato\" \/>\n\t<meta name=\"twitter:data2\" content=\"4 minuti\" \/>\n<script type=\"application\/ld+json\" class=\"yoast-schema-graph\">{\"@context\":\"https:\\\/\\\/schema.org\",\"@graph\":[{\"@type\":\"Article\",\"@id\":\"https:\\\/\\\/www.pilgrim.es\\\/it\\\/il-monte-do-gozo\\\/#article\",\"isPartOf\":{\"@id\":\"https:\\\/\\\/www.pilgrim.es\\\/it\\\/il-monte-do-gozo\\\/\"},\"author\":{\"name\":\"pilgrim\",\"@id\":\"https:\\\/\\\/www.pilgrim.es\\\/it\\\/#\\\/schema\\\/person\\\/de7c8aca996c64c61f23fc45f892394b\"},\"headline\":\"Il Monte do Gozo\",\"datePublished\":\"2025-04-01T08:15:52+00:00\",\"dateModified\":\"2025-06-09T07:57:51+00:00\",\"mainEntityOfPage\":{\"@id\":\"https:\\\/\\\/www.pilgrim.es\\\/it\\\/il-monte-do-gozo\\\/\"},\"wordCount\":815,\"commentCount\":0,\"publisher\":{\"@id\":\"https:\\\/\\\/www.pilgrim.es\\\/it\\\/#organization\"},\"image\":{\"@id\":\"https:\\\/\\\/www.pilgrim.es\\\/it\\\/il-monte-do-gozo\\\/#primaryimage\"},\"thumbnailUrl\":\"https:\\\/\\\/www.pilgrim.es\\\/wp-content\\\/uploads\\\/2022\\\/05\\\/montegozo-1.jpg\",\"articleSection\":[\"Informazioni base\",\"Non categorizzato\"],\"inLanguage\":\"it-IT\",\"potentialAction\":[{\"@type\":\"CommentAction\",\"name\":\"Comment\",\"target\":[\"https:\\\/\\\/www.pilgrim.es\\\/it\\\/il-monte-do-gozo\\\/#respond\"]}]},{\"@type\":\"WebPage\",\"@id\":\"https:\\\/\\\/www.pilgrim.es\\\/it\\\/il-monte-do-gozo\\\/\",\"url\":\"https:\\\/\\\/www.pilgrim.es\\\/it\\\/il-monte-do-gozo\\\/\",\"name\":\"Il Monte do Gozo - Pilgrim\",\"isPartOf\":{\"@id\":\"https:\\\/\\\/www.pilgrim.es\\\/it\\\/#website\"},\"primaryImageOfPage\":{\"@id\":\"https:\\\/\\\/www.pilgrim.es\\\/it\\\/il-monte-do-gozo\\\/#primaryimage\"},\"image\":{\"@id\":\"https:\\\/\\\/www.pilgrim.es\\\/it\\\/il-monte-do-gozo\\\/#primaryimage\"},\"thumbnailUrl\":\"https:\\\/\\\/www.pilgrim.es\\\/wp-content\\\/uploads\\\/2022\\\/05\\\/montegozo-1.jpg\",\"datePublished\":\"2025-04-01T08:15:52+00:00\",\"dateModified\":\"2025-06-09T07:57:51+00:00\",\"breadcrumb\":{\"@id\":\"https:\\\/\\\/www.pilgrim.es\\\/it\\\/il-monte-do-gozo\\\/#breadcrumb\"},\"inLanguage\":\"it-IT\",\"potentialAction\":[{\"@type\":\"ReadAction\",\"target\":[\"https:\\\/\\\/www.pilgrim.es\\\/it\\\/il-monte-do-gozo\\\/\"]}]},{\"@type\":\"ImageObject\",\"inLanguage\":\"it-IT\",\"@id\":\"https:\\\/\\\/www.pilgrim.es\\\/it\\\/il-monte-do-gozo\\\/#primaryimage\",\"url\":\"https:\\\/\\\/www.pilgrim.es\\\/wp-content\\\/uploads\\\/2022\\\/05\\\/montegozo-1.jpg\",\"contentUrl\":\"https:\\\/\\\/www.pilgrim.es\\\/wp-content\\\/uploads\\\/2022\\\/05\\\/montegozo-1.jpg\",\"width\":1000,\"height\":666},{\"@type\":\"BreadcrumbList\",\"@id\":\"https:\\\/\\\/www.pilgrim.es\\\/it\\\/il-monte-do-gozo\\\/#breadcrumb\",\"itemListElement\":[{\"@type\":\"ListItem\",\"position\":1,\"name\":\"Camino de Santiago\",\"item\":\"https:\\\/\\\/www.pilgrim.es\\\/it\\\/\"},{\"@type\":\"ListItem\",\"position\":2,\"name\":\"Il Monte do Gozo\"}]},{\"@type\":\"WebSite\",\"@id\":\"https:\\\/\\\/www.pilgrim.es\\\/it\\\/#website\",\"url\":\"https:\\\/\\\/www.pilgrim.es\\\/it\\\/\",\"name\":\"Pilgrim\",\"description\":\"Camino de Santiago | Caminamos Contigo\",\"publisher\":{\"@id\":\"https:\\\/\\\/www.pilgrim.es\\\/it\\\/#organization\"},\"potentialAction\":[{\"@type\":\"SearchAction\",\"target\":{\"@type\":\"EntryPoint\",\"urlTemplate\":\"https:\\\/\\\/www.pilgrim.es\\\/it\\\/?s={search_term_string}\"},\"query-input\":{\"@type\":\"PropertyValueSpecification\",\"valueRequired\":true,\"valueName\":\"search_term_string\"}}],\"inLanguage\":\"it-IT\"},{\"@type\":\"Organization\",\"@id\":\"https:\\\/\\\/www.pilgrim.es\\\/it\\\/#organization\",\"name\":\"Pilgrim Camino de Santiago\",\"url\":\"https:\\\/\\\/www.pilgrim.es\\\/it\\\/\",\"logo\":{\"@type\":\"ImageObject\",\"inLanguage\":\"it-IT\",\"@id\":\"https:\\\/\\\/www.pilgrim.es\\\/it\\\/#\\\/schema\\\/logo\\\/image\\\/\",\"url\":\"https:\\\/\\\/www.pilgrim.es\\\/wp-content\\\/uploads\\\/2019\\\/04\\\/logo_pilgrim.png\",\"contentUrl\":\"https:\\\/\\\/www.pilgrim.es\\\/wp-content\\\/uploads\\\/2019\\\/04\\\/logo_pilgrim.png\",\"width\":512,\"height\":512,\"caption\":\"Pilgrim Camino de Santiago\"},\"image\":{\"@id\":\"https:\\\/\\\/www.pilgrim.es\\\/it\\\/#\\\/schema\\\/logo\\\/image\\\/\"},\"sameAs\":[\"https:\\\/\\\/www.facebook.com\\\/pilgrim.es\\\/\",\"https:\\\/\\\/x.com\\\/pilgrim_es\",\"https:\\\/\\\/www.instagram.com\\\/pilgrim.es\\\/\",\"https:\\\/\\\/www.linkedin.com\\\/company\\\/pilgrim-camino-de-santiago\\\/\",\"https:\\\/\\\/www.pinterest.es\\\/pilgrimcaminodesantiago\\\/\",\"https:\\\/\\\/www.youtube.com\\\/channel\\\/UCIv2ZzFLXVqthkNF32rKedw\\\/featured\"]},{\"@type\":\"Person\",\"@id\":\"https:\\\/\\\/www.pilgrim.es\\\/it\\\/#\\\/schema\\\/person\\\/de7c8aca996c64c61f23fc45f892394b\",\"name\":\"pilgrim\",\"image\":{\"@type\":\"ImageObject\",\"inLanguage\":\"it-IT\",\"@id\":\"https:\\\/\\\/secure.gravatar.com\\\/avatar\\\/06d7281d39935d7eb573e805b5eeb500b575a7dd7a75083cef280bf51b3e5e62?s=96&d=mm&r=g\",\"url\":\"https:\\\/\\\/secure.gravatar.com\\\/avatar\\\/06d7281d39935d7eb573e805b5eeb500b575a7dd7a75083cef280bf51b3e5e62?s=96&d=mm&r=g\",\"contentUrl\":\"https:\\\/\\\/secure.gravatar.com\\\/avatar\\\/06d7281d39935d7eb573e805b5eeb500b575a7dd7a75083cef280bf51b3e5e62?s=96&d=mm&r=g\",\"caption\":\"pilgrim\"}}]}<\/script>\n<!-- \/ Yoast SEO plugin. -->","yoast_head_json":{"title":"Il Monte do Gozo - Pilgrim","robots":{"index":"index","follow":"follow","max-snippet":"max-snippet:-1","max-image-preview":"max-image-preview:large","max-video-preview":"max-video-preview:-1"},"canonical":"https:\/\/www.pilgrim.es\/it\/il-monte-do-gozo\/","og_locale":"it_IT","og_type":"article","og_title":"Il Monte do Gozo - Pilgrim","og_description":"Il Monte do Gozo \u00e8 uno dei punti pi\u00f9 importanti del Cammino di Santiago.    Ti raccontiamo perch\u00e9 \u00e8 stato un luogo chiave per i pellegrini fin dal    Medioevo, oltre all'origine del suo curioso nome.","og_url":"https:\/\/www.pilgrim.es\/it\/il-monte-do-gozo\/","og_site_name":"Pilgrim","article_publisher":"https:\/\/www.facebook.com\/pilgrim.es\/","article_published_time":"2025-04-01T08:15:52+00:00","article_modified_time":"2025-06-09T07:57:51+00:00","og_image":[{"width":1000,"height":666,"url":"https:\/\/www.pilgrim.es\/wp-content\/uploads\/2022\/05\/montegozo-1.jpg","type":"image\/jpeg"}],"author":"pilgrim","twitter_card":"summary_large_image","twitter_creator":"@pilgrim_es","twitter_site":"@pilgrim_es","twitter_misc":{"Scritto da":"pilgrim","Tempo di lettura stimato":"4 minuti"},"schema":{"@context":"https:\/\/schema.org","@graph":[{"@type":"Article","@id":"https:\/\/www.pilgrim.es\/it\/il-monte-do-gozo\/#article","isPartOf":{"@id":"https:\/\/www.pilgrim.es\/it\/il-monte-do-gozo\/"},"author":{"name":"pilgrim","@id":"https:\/\/www.pilgrim.es\/it\/#\/schema\/person\/de7c8aca996c64c61f23fc45f892394b"},"headline":"Il Monte do Gozo","datePublished":"2025-04-01T08:15:52+00:00","dateModified":"2025-06-09T07:57:51+00:00","mainEntityOfPage":{"@id":"https:\/\/www.pilgrim.es\/it\/il-monte-do-gozo\/"},"wordCount":815,"commentCount":0,"publisher":{"@id":"https:\/\/www.pilgrim.es\/it\/#organization"},"image":{"@id":"https:\/\/www.pilgrim.es\/it\/il-monte-do-gozo\/#primaryimage"},"thumbnailUrl":"https:\/\/www.pilgrim.es\/wp-content\/uploads\/2022\/05\/montegozo-1.jpg","articleSection":["Informazioni base","Non categorizzato"],"inLanguage":"it-IT","potentialAction":[{"@type":"CommentAction","name":"Comment","target":["https:\/\/www.pilgrim.es\/it\/il-monte-do-gozo\/#respond"]}]},{"@type":"WebPage","@id":"https:\/\/www.pilgrim.es\/it\/il-monte-do-gozo\/","url":"https:\/\/www.pilgrim.es\/it\/il-monte-do-gozo\/","name":"Il Monte do Gozo - Pilgrim","isPartOf":{"@id":"https:\/\/www.pilgrim.es\/it\/#website"},"primaryImageOfPage":{"@id":"https:\/\/www.pilgrim.es\/it\/il-monte-do-gozo\/#primaryimage"},"image":{"@id":"https:\/\/www.pilgrim.es\/it\/il-monte-do-gozo\/#primaryimage"},"thumbnailUrl":"https:\/\/www.pilgrim.es\/wp-content\/uploads\/2022\/05\/montegozo-1.jpg","datePublished":"2025-04-01T08:15:52+00:00","dateModified":"2025-06-09T07:57:51+00:00","breadcrumb":{"@id":"https:\/\/www.pilgrim.es\/it\/il-monte-do-gozo\/#breadcrumb"},"inLanguage":"it-IT","potentialAction":[{"@type":"ReadAction","target":["https:\/\/www.pilgrim.es\/it\/il-monte-do-gozo\/"]}]},{"@type":"ImageObject","inLanguage":"it-IT","@id":"https:\/\/www.pilgrim.es\/it\/il-monte-do-gozo\/#primaryimage","url":"https:\/\/www.pilgrim.es\/wp-content\/uploads\/2022\/05\/montegozo-1.jpg","contentUrl":"https:\/\/www.pilgrim.es\/wp-content\/uploads\/2022\/05\/montegozo-1.jpg","width":1000,"height":666},{"@type":"BreadcrumbList","@id":"https:\/\/www.pilgrim.es\/it\/il-monte-do-gozo\/#breadcrumb","itemListElement":[{"@type":"ListItem","position":1,"name":"Camino de Santiago","item":"https:\/\/www.pilgrim.es\/it\/"},{"@type":"ListItem","position":2,"name":"Il Monte do Gozo"}]},{"@type":"WebSite","@id":"https:\/\/www.pilgrim.es\/it\/#website","url":"https:\/\/www.pilgrim.es\/it\/","name":"Pilgrim","description":"Camino de Santiago | Caminamos Contigo","publisher":{"@id":"https:\/\/www.pilgrim.es\/it\/#organization"},"potentialAction":[{"@type":"SearchAction","target":{"@type":"EntryPoint","urlTemplate":"https:\/\/www.pilgrim.es\/it\/?s={search_term_string}"},"query-input":{"@type":"PropertyValueSpecification","valueRequired":true,"valueName":"search_term_string"}}],"inLanguage":"it-IT"},{"@type":"Organization","@id":"https:\/\/www.pilgrim.es\/it\/#organization","name":"Pilgrim Camino de Santiago","url":"https:\/\/www.pilgrim.es\/it\/","logo":{"@type":"ImageObject","inLanguage":"it-IT","@id":"https:\/\/www.pilgrim.es\/it\/#\/schema\/logo\/image\/","url":"https:\/\/www.pilgrim.es\/wp-content\/uploads\/2019\/04\/logo_pilgrim.png","contentUrl":"https:\/\/www.pilgrim.es\/wp-content\/uploads\/2019\/04\/logo_pilgrim.png","width":512,"height":512,"caption":"Pilgrim Camino de Santiago"},"image":{"@id":"https:\/\/www.pilgrim.es\/it\/#\/schema\/logo\/image\/"},"sameAs":["https:\/\/www.facebook.com\/pilgrim.es\/","https:\/\/x.com\/pilgrim_es","https:\/\/www.instagram.com\/pilgrim.es\/","https:\/\/www.linkedin.com\/company\/pilgrim-camino-de-santiago\/","https:\/\/www.pinterest.es\/pilgrimcaminodesantiago\/","https:\/\/www.youtube.com\/channel\/UCIv2ZzFLXVqthkNF32rKedw\/featured"]},{"@type":"Person","@id":"https:\/\/www.pilgrim.es\/it\/#\/schema\/person\/de7c8aca996c64c61f23fc45f892394b","name":"pilgrim","image":{"@type":"ImageObject","inLanguage":"it-IT","@id":"https:\/\/secure.gravatar.com\/avatar\/06d7281d39935d7eb573e805b5eeb500b575a7dd7a75083cef280bf51b3e5e62?s=96&d=mm&r=g","url":"https:\/\/secure.gravatar.com\/avatar\/06d7281d39935d7eb573e805b5eeb500b575a7dd7a75083cef280bf51b3e5e62?s=96&d=mm&r=g","contentUrl":"https:\/\/secure.gravatar.com\/avatar\/06d7281d39935d7eb573e805b5eeb500b575a7dd7a75083cef280bf51b3e5e62?s=96&d=mm&r=g","caption":"pilgrim"}}]}},"_links":{"self":[{"href":"https:\/\/www.pilgrim.es\/it\/wp-json\/wp\/v2\/posts\/99216","targetHints":{"allow":["GET"]}}],"collection":[{"href":"https:\/\/www.pilgrim.es\/it\/wp-json\/wp\/v2\/posts"}],"about":[{"href":"https:\/\/www.pilgrim.es\/it\/wp-json\/wp\/v2\/types\/post"}],"author":[{"embeddable":true,"href":"https:\/\/www.pilgrim.es\/it\/wp-json\/wp\/v2\/users\/1"}],"replies":[{"embeddable":true,"href":"https:\/\/www.pilgrim.es\/it\/wp-json\/wp\/v2\/comments?post=99216"}],"version-history":[{"count":3,"href":"https:\/\/www.pilgrim.es\/it\/wp-json\/wp\/v2\/posts\/99216\/revisions"}],"predecessor-version":[{"id":123522,"href":"https:\/\/www.pilgrim.es\/it\/wp-json\/wp\/v2\/posts\/99216\/revisions\/123522"}],"wp:featuredmedia":[{"embeddable":true,"href":"https:\/\/www.pilgrim.es\/it\/wp-json\/wp\/v2\/media\/124404"}],"wp:attachment":[{"href":"https:\/\/www.pilgrim.es\/it\/wp-json\/wp\/v2\/media?parent=99216"}],"wp:term":[{"taxonomy":"category","embeddable":true,"href":"https:\/\/www.pilgrim.es\/it\/wp-json\/wp\/v2\/categories?post=99216"},{"taxonomy":"post_tag","embeddable":true,"href":"https:\/\/www.pilgrim.es\/it\/wp-json\/wp\/v2\/tags?post=99216"}],"curies":[{"name":"wp","href":"https:\/\/api.w.org\/{rel}","templated":true}]}}