{"id":99207,"date":"2025-04-01T08:08:02","date_gmt":"2025-04-01T08:08:02","guid":{"rendered":"https:\/\/www.pilgrim.es\/?p=99207"},"modified":"2025-10-09T12:57:36","modified_gmt":"2025-10-09T12:57:36","slug":"il-cammino-del-salvador","status":"publish","type":"post","link":"https:\/\/www.pilgrim.es\/it\/il-cammino-del-salvador\/","title":{"rendered":"Il Cammino del Salvador"},"content":{"rendered":"\n<div class=\"entry-content__introduction\">\n  <blockquote class=\"wp-block-quote\">\n    <p>\n      <em>&#8220;Chi va a Santiago e non al Salvatore, serve il servo e dimentica il\n        Signore&#8221;.<\/em>\n    <\/p>\n  <\/blockquote>\n  <p>\n    Il Cammino di San Salvatore \u00e8 un <strong>percorso alternativo<\/strong> del\n    Cammino di Santiago,\n    <strong>che unisce le cattedrali di Le\u00f3n<\/strong> (luogo di partenza del\n    Cammino) <strong>e Oviedo<\/strong> (luogo di arrivo del Cammino) in un\n    percorso emblematico di circa 130 chilometri.\n  <\/p>\n  <h5>\n    POTREBBE INTERESSARTI ANCHE:\n    <a href=\"https:\/\/www.pilgrim.es\/it\/cammino-di-santiago-dalla-a-coruna-ottenere-compostela\/\">IL CAMMINO DI SANTIAGO DA A CORU\u00d1A<\/a>\n  <\/h5>\n  <p>\n    Questo pellegrinaggio \u00e8 nato come deviazione dal\n    <a href=\"https:\/\/www.pilgrim.es\/it\/cammino-francese\/\">Cammino Francese<\/a>;\n    anticamente i pellegrini provenienti da\n    <a href=\"https:\/\/www.pilgrim.es\/it\/cammino-francese\/saint-jean-pied-de-port\/\">Saint Jean Pied de Port<\/a>\n    o Roncisvalle, al loro arrivo a\n    <a href=\"https:\/\/www.pilgrim.es\/it\/cammino-francese\/leon\/\">Le\u00f3n<\/a>, deviavano il loro <strong>percorso\n      verso le Asturie<\/strong>, per poi\n    proseguire il loro cammino verso Santiago de Compostela lungo gli\n    <a href=\"https:\/\/www.pilgrim.es\/it\/cammino-nord\/\">itinerari del nord<\/a> o\n    il\n    <a href=\"https:\/\/www.pilgrim.es\/it\/cammino-primitivo\/\">Cammino Primitivo.<\/a>\n  <\/p>\n<\/div>\n<hr class=\"single-bar\" \/>\n<ul class=\"index\">\n  <span class=\"\">Indice<\/span>\n  <li><a href=\"#Historia\">Storia e origini<\/a><\/li>\n  <li>\n    <a href=\"#Particularidades\">Particolarit\u00e0<\/a>\n    <ul>\n      <li><a href=\"#Credencial-propia\">Credenziale propria<\/a><\/li>\n      <li><a href=\"#La-Salvadorana\">La Salvadorana<\/a><\/li>\n      <li><a href=\"#Octavario-Jubilar\">L&#8217;Ottavario Giubilare<\/a><\/li>\n    <\/ul>\n  <\/li>\n  <li><a href=\"#Lugares\">Luoghi di interesse<\/a><\/li>\n<\/ul>\n<hr class=\"single-bar\" \/>\n<div class=\"section-post\" id=\"Etapas\">\n  <h2 id=\"Etapas\">TAPPE DEL CAMMINO DI SAN SALVATORE<\/h2>\n  <p>\n    Come si dice di tutti i\n    <a href=\"https:\/\/www.pilgrim.es\/it\/cammini\/\">percorsi del Cammino di Santiago<\/a>, esistono tante varianti quanti sono i pellegrini e il\n    Cammino di San\n    Salvatore non fa eccezione.\n  <\/p>\n  <p>\n    Le <strong>due opzioni<\/strong> che secondo noi di Pilgrim sono le pi\u00f9\n    consigliate sono:\n  <\/p>\n  <table class=\"wp-block-table table text-left p-my-5\">\n    <thead>\n      <tr>\n        <th>TAPPE<\/th>\n        <th>OPZIONE A<\/th>\n        <th>OPZIONE B<\/th>\n      <\/tr>\n    <\/thead>\n    <tbody>\n      <tr>\n        <td><strong>Tappa 1<\/strong><\/td>\n        <td>Le\u00f3n \u2013 La Robla (27 km)<\/td>\n        <td>Le\u00f3n \u2013 La Robla (27 km)<\/td>\n      <\/tr>\n      <tr>\n        <td><strong>Tappa 2<\/strong><\/td>\n        <td>La Robla \u2013 Buiza (15 km)<\/td>\n        <td>La Robla \u2013 Poladura (26 km)<\/td>\n      <\/tr>\n      <tr>\n        <td><strong>Tappa 3<\/strong><\/td>\n        <td>Buiza \u2013 Pajares (27 km)<\/td>\n        <td>Poladura \u2013 Pajares (14 km)<\/td>\n      <\/tr>\n      <tr>\n        <td><strong>Tappa 4<\/strong><\/td>\n        <td>Pajares \u2013 Pola de Lena (27,5 km)<\/td>\n        <td>Pajares \u2013 Pola de Lena (26 km)<\/td>\n      <\/tr>\n      <tr>\n        <td><strong>Tappa 5<\/strong><\/td>\n        <td>Pola de Lena \u2013 Oviedo (32 km)<\/td>\n        <td>Pola de Lena \u2013 Oviedo (32 km)<\/td>\n      <\/tr>\n    <\/tbody>\n  <\/table>\n<\/div>\n<div class=\"section-post\" id=\"\">\n  <h2>LE TAPPE DEL CAMINO DEL SALVADOR IN BICICLETTA<\/h2>\n  <table class=\"wp-block-table table text-left p-my-5\">\n    <thead>\n      <tr>\n        <th>TAPPE<\/th>\n        <th>PERCORSO<\/th>\n        <th>KM<\/th>\n      <\/tr>\n    <\/thead>\n    <tbody>\n      <tr>\n        <td><strong>Tappa 1<\/strong><\/td>\n        <td>Le\u00f3n \u2013 Pajares<\/td>\n        <td>63<\/td>\n      <\/tr>\n      <tr>\n        <td><strong>Tappa 2<\/strong><\/td>\n        <td>Pajares \u2013 Oviedo<\/td>\n        <td>56<\/td>\n      <\/tr>\n    <\/tbody>\n  <\/table>\n  <p>\n    In totale, a piedi, percorrerai circa 130 chilometri e poi, se lo desideri,\n    potrai proseguire lungo il\n    <a href=\"https:\/\/www.pilgrim.es\/it\/cammino-primitivo\/\">Cammino Primitivo<\/a>\n    o il\n    <a href=\"https:\/\/www.pilgrim.es\/it\/cammino-nord\/\">Cammino del Norte<\/a>, a\n    seconda dell&#8217;opzione scelta, potrai accorciare un po&#8217; questa distanza:\n  <\/p>\n  <ul>\n    <li><strong>Opzione A<\/strong>: \u00e8 un po&#8217; pi\u00f9 lunga (1,5 km).<\/li>\n    <li>\n      <strong>Opzione B<\/strong>: anche se la distanza da percorrere a piedi \u00e8\n      minore, \u00e8 un po&#8217; pi\u00f9 complicata perch\u00e9 incontrerai un maggior numero di\n      difficolt\u00e0 lungo il percorso.\n    <\/li>\n  <\/ul>\n  <p>\n    In bicicletta coprirai all&#8217;incirca la stessa distanza e potrai anche unirti\n    ai percorsi sopra menzionati:\n  <\/p>\n  <ul>\n    <li>\n      <a href=\"https:\/\/www.pilgrim.es\/it\/pianificare\/cammino-santiago-bicicletta\/#Camino-del-Norte\">Tappe del Cammino del Nord in\n        Bicicletta<\/a>\n    <\/li>\n    <li>\n      <a href=\"https:\/\/www.pilgrim.es\/it\/pianificare\/cammino-santiago-bicicletta\/#Camino-Primitivo\">Tappe Cammino Primitivo in Bicicletta<\/a>\n    <\/li>\n  <\/ul>\n<\/div>\n<div class=\"section-post\" id=\"Historia\">\n  <h2 id=\"Historia\">STORIA E ORIGINI DEL CAMMINO DI SAN SALVATORE<\/h2>\n  <p>\n    Le sue origini risalgono all&#8217;epoca in cui la\n    <strong>Spagna fu invasa<\/strong> dai musulmani che avanzavano verso nord,\n    il che obblig\u00f2 le truppe spagnole a trasferire le reliquie sparse per il\n    paese in luoghi sicuri da custodire.\n  <\/p>\n  <p>\n    A quel tempo,\n    <a href=\"https:\/\/www.pilgrim.es\/it\/cammino-primitivo\/oviedo\/\">Oviedo<\/a>\n    era la capitale della Spagna, per cui si decise di\n    <strong>trasferire tutti i preziosi oggetti<\/strong> in questa citt\u00e0 del\n    nord delle Asturie, <strong>, dove il re Alfonso II<\/strong> ordin\u00f2 la\n    costruzione di una camera santa all&#8217;interno della cattedrale di Oviedo per\n    ospitare tutti questi oggetti di grande valore, rendendo cos\u00ec Oviedo\n    <strong>il pi\u00f9 grande custode di reliquie<\/strong> reliquie in Europa,\n    secondo solo a quello che si trova a Roma.\n  <\/p>\n  <p>\n    Anni dopo, inizi\u00f2 la riconquista e Oviedo perse il potere politico a favore\n    di Le\u00f3n, citt\u00e0 in cui fu trasferita la capitale del regno.\n  <\/p>\n  <p>\n    Anche gli itinerari giacobei del <strong>Cammino del Nord<\/strong> e del\n    <strong>Cammino Primitivo<\/strong> <strong>persero terreno<\/strong> a favore\n    del Cammino Francese, che si consolid\u00f2 come l&#8217;itinerario pi\u00f9 importante.\n  <\/p>\n  <p>\n    Il culto delle reliquie nella Cattedrale di Oviedo port\u00f2 alla\n    <strong>creazione del Cammino del Salvatore<\/strong> per la loro venerazione\n    sia durante il cammino verso\n    <a href=\"https:\/\/www.pilgrim.es\/it\/santiago-di-compostela\/\">Santiago de Compostela<\/a>, per poi proseguire lungo uno degli itinerari che\n    passano per la capitale\n    asturiana, sia durante il ritorno.\n  <\/p>\n<\/div>\n<div class=\"section-post\" id=\"Particularidades\">\n  <h2 id=\"Particularidades\">PARTICOLARIT\u00c0 DEL CAMINO DI SAN SALVATORE<\/h2>\n  <p>\n    Oltre a essere un grande sconosciuto all&#8217;interno degli itinerari di\n    pellegrinaggio del Cammino di Santiago, questo Cammino nasconde alcuni\n    elementi identificativi, di seguito ne riassumiamo alcuni tra i pi\u00f9\n    significativi:\n  <\/p>\n  <h3 id=\"Credencial-propia\">CREDENZIALE PROPRIA<\/h3>\n  <p>\n    Questo itinerario del Cammino mette a disposizione dei pellegrini che lo\n    percorrono una credenziale unica che\n    <strong>si differenzia notevolmente dalla credenziale tipica<\/strong> del\n    Cammino di Santiago, sebbene anche quest&#8217;ultima possa essere timbrata lungo\n    questo percorso.\n  <\/p>\n  <p>\n    Alcuni degli elementi di differenziazione sono, ad esempio, che la\n    credenziale di San Salvatore\n    <strong>include informazioni sugli ostelli<\/strong> che troverai lungo il\n    percorso, <strong>sui servizi<\/strong> di cui potrai usufruire nelle diverse\n    citt\u00e0 che compongono l&#8217;itinerario o sul\n    <strong>profilo orografico<\/strong> del Cammino, tra gli altri elementi.\n  <\/p>\n  <p>\n    Questa credenziale <strong>pu\u00f2 essere ottenuta<\/strong> nell&#8217;ostello di Las\n    Carbajalas (Le\u00f3n), nell&#8217;ostello municipale di Le\u00f3n e nell&#8217;ostello di Oviedo.\n  <\/p>\n  <div class=\"wp-block-image\">\n    <figure class=\"aligncenter\">\n      <img loading=\"lazy\" decoding=\"async\" width=\"1000\" height=\"714\" alt=\"Credenziale Salvadorana\" class=\"wp-image-35040\"\n        src=\"\/wp-content\/uploads\/2019\/04\/credencial-salvadorana.png.jpg\" srcset=\"https:\/\/www.pilgrim.es\/wp-content\/uploads\/2019\/04\/credencial-salvadorana.png.jpg 1000w, https:\/\/www.pilgrim.es\/wp-content\/uploads\/2019\/04\/credencial-salvadorana.png-300x214.jpg 300w, https:\/\/www.pilgrim.es\/wp-content\/uploads\/2019\/04\/credencial-salvadorana.png-768x548.jpg 768w\" sizes=\"auto, (max-width: 1000px) 100vw, 1000px\" \/>\n      <figcaption>Credenziale Salvadorana<\/figcaption>\n    <\/figure>\n  <\/div>\n  <h3 id=\"La-Salvadorana\">LA SALVADORANA<\/h3>\n  <p>\n    \u00c8 <strong>il certificato<\/strong> di aver percorso questo itinerario del\n    Cammino di Santiago, \u00e8 simile a quello della\n    <a href=\"https:\/\/www.pilgrim.es\/it\/pianificare\/la-compostela\/\">Compostela<\/a>\n    ma presenta alcune variazioni.\n  <\/p>\n  <p>\n    Questo documento viene consegnato ai pellegrini dopo il pagamento ed \u00e8\n    firmato dal Decano della\n    <a href=\"http:\/\/catedraldeoviedo.com\/\" rel=\"noreferrer noopener nofollow\" target=\"_blank\">Cattedrale di Oviedo<\/a>;\n    <strong>si pu\u00f2 ottenere<\/strong> sia nella cattedrale stessa che\n    nell&#8217;ostello di Oviedo.\n  <\/p>\n  <div class=\"wp-block-image\">\n    <figure class=\"aligncenter\">\n      <img loading=\"lazy\" decoding=\"async\" width=\"725\" height=\"1024\" alt=\"Salvadorana\" class=\"wp-image-35028\" src=\"\/wp-content\/uploads\/2019\/04\/la-salvadorana-725x1024.jpg\" srcset=\"https:\/\/www.pilgrim.es\/wp-content\/uploads\/2019\/04\/la-salvadorana-725x1024.jpg 725w, https:\/\/www.pilgrim.es\/wp-content\/uploads\/2019\/04\/la-salvadorana-212x300.jpg 212w, https:\/\/www.pilgrim.es\/wp-content\/uploads\/2019\/04\/la-salvadorana-768x1085.jpg 768w, https:\/\/www.pilgrim.es\/wp-content\/uploads\/2019\/04\/la-salvadorana.jpg 1300w\" sizes=\"auto, (max-width: 725px) 100vw, 725px\" \/>\n      <figcaption>La Salvadorana<\/figcaption>\n    <\/figure>\n  <\/div>\n  <h3 id=\"Octavario-Jubilar\">L&#8217;OTTAVARIO GIUBILARE<\/h3>\n  <p>Si celebra dal <strong>14 al 21 settembre<\/strong>.<\/p>\n  <p>\n    Durante questi giorni \u00e8 possibile ottenere l&#8217;indulgenza plenaria, cio\u00e8 il\n    perdono di ogni colpa morale o temporale.\n  <\/p>\n  <p>\n    La differenza con Santiago \u00e8 che per l\u2019indulgenza plenaria bisogna aspettare\n    che sia un anno giubilare, mentre per il San Salvatore\n    <strong>si celebra ogni anno.<\/strong>\n  <\/p>\n  <h3>LA SEGNALETICA<\/h3>\n  <p>\n    Anche la segnaletica varia in gran parte di questo Cammino, nella zona di\n    Le\u00f3n del percorso salvadoregno.\n  <\/p>\n  <p>\n    <a href=\"https:\/\/www.pilgrim.es\/it\/pianificare\/segnaletica-del-cammino-di-santiago\/\">La segnaletica<\/a>\n    \u00e8 costituita da <strong>pali di legno<\/strong> che indicano chiaramente\n    l&#8217;appartenenza al Cammino di San Salvatore.\n  <\/p>\n  <p>\n    Quando si raggiunge la parte asturiana si possono vedere\n    <strong>i tipici cippi<\/strong> utilizzati in tutte le varianti del Cammino\n    di Santiago.\n  <\/p>\n  <div class=\"wp-block-image\">\n    <figure class=\"aligncenter\">\n      <img loading=\"lazy\" decoding=\"async\" width=\"456\" height=\"303\" alt=\"Cartello del Cammino de San Salvador\" class=\"wp-image-35034\"\n        src=\"\/wp-content\/uploads\/2019\/04\/seal-madera-salvador.jpg\" srcset=\"https:\/\/www.pilgrim.es\/wp-content\/uploads\/2019\/04\/seal-madera-salvador.jpg 456w, https:\/\/www.pilgrim.es\/wp-content\/uploads\/2019\/04\/seal-madera-salvador-300x199.jpg 300w\" sizes=\"auto, (max-width: 456px) 100vw, 456px\" \/>\n      <figcaption>Cartello del Cammino de San Salvador<\/figcaption>\n    <\/figure>\n  <\/div>\n<\/div>\n<div class=\"section-post\" id=\"Lugares\">\n  <h2 id=\"Lugares\">LUOGHI DI INTERESSE SUL CAMMINO DI SAN SALVATORE<\/h2>\n  <p>\n    Il Cammino di San Salvatore \u00e8 un\n    <strong>percorso ricco di monumenti e luoghi che vale la pena<\/strong>\n    conoscere, poich\u00e9 oltre a due cattedrali, questo itinerario ospita un gran\n    numero di luoghi che chiunque sia interessato ai diversi monumenti che\n    circondano il\n    <a href=\"https:\/\/www.pilgrim.es\/it\/cammini\/\">Cammino di Santiago<\/a>\n    vorrebbe visitare almeno una volta nella vita.\n  <\/p>\n  <p>\n    Un esempio di alcuni di essi, a seconda della tappa in cui sono inquadrati,\n    sono:\n  <\/p>\n  <h3>Tappa 1: LE\u00d3N \u2013 LA ROBLA<\/h3>\n  <p>\n    All&#8217;inizio di questo Cammino troverai uno dei pilastri del percorso di San\n    Salvatore e non \u00e8 altro che la <strong>Cattedrale di Le\u00f3n<\/strong>, in stile\n    gotico e situata nel centro storico di una delle citt\u00e0 pi\u00f9 importanti della\n    storia del nostro Paese.\n  <\/p>\n  <p>\n    Oltre a questo luogo di culto della\n    <a href=\"https:\/\/www.pilgrim.es\/it\/cammino-francese\/leon\/\">citt\u00e0 di Le\u00f3n<\/a>, vi sono altri siti degni di\n    nota come\n    <strong>l&#8217;Ospedale di San Froil\u00e1n, la Casa de Botines di Gaud\u00ed e il Palacio de\n      los Guzmanes<\/strong>, tra gli altri.\n  <\/p>\n  <p>\n    Una volta lasciata questa citt\u00e0, troviamo la\n    <strong>chiesa parrocchiale di Carbajal de la Legua<\/strong>, che\n    incontrerai dopo pochi chilometri.\n  <\/p>\n  <p>\n    Alla fine di questa prima tappa arriverai a La Robla, un comune che possiede\n    anch&#8217;esso luoghi importanti come l&#8217;<strong>Eremo di Celada o la Chiesa parrocchiale di San Roque.<\/strong>\n  <\/p>\n  <h3>Tappa 2 (A\/B): LA ROBLA \u2013 BUIZA\/POLADURA<\/h3>\n  <p>\n    In questa seconda tappa troverai il monumento in onore a\n    <strong>Nuestra Se\u00f1ora de la Asunci\u00f3n<\/strong> appena arrivato\/a a Pola de\n    Gord\u00f3n, e pi\u00f9 avanti, quando entrerai nel villaggio di Buiza, potrai\n    visitare\n    <strong>l&#8217;Eremo della Virgen del Valle e la chiesa parrocchiale di Santos Justo y\n      Pastor.<\/strong>\n  <\/p>\n  <h3>Tappa 3 (A\/B): BUIZA\/POLADURA \u2013 PAJARES<\/h3>\n  <p>\n    Durante questa tappa, quasi alla fine, potrai visitare la\n    <strong>Collegiata di Santa Mar\u00eda de Arb\u00e1s del Puerto<\/strong>, situata nel\n    piccolo comune di Arb\u00e1s.\n  <\/p>\n  <h3>Tappa 4: PAJARES \u2013 POLA DE LENA<\/h3>\n  <p>\n    In questa parte del tuo pellegrinaggio passerai per il villaggio di\n    <strong>Santa Cristina de Lena,<\/strong> dove si trova la chiesa preromanica\n    che d\u00e0 il nome al paese.\n  <\/p>\n  <h3>Tappa 5: POLA DE LENA \u2013 OVIEDO<\/h3>\n  <p>\n    In quest&#8217;ultima tappa attraverserai due delle citt\u00e0 pi\u00f9 conosciute del\n    Cammino di Santiago e del Cammino del Salvador.\n  <\/p>\n  <p>\n    Prima passerai per Mieres, dove potrai visitare l<strong>a Casa Duro, il Palazzo dei Marchesi di Camposagrado e il\n      Monumento al\n      Minatore in pensione.<\/strong>\n  <\/p>\n  <p>\n    Nella citt\u00e0 di Oviedo, ultima citt\u00e0 del Cammino, troverai la seconda\n    cattedrale che coincide con la meta del tuo pellegrinaggio.\n  <\/p>\n  <p>\n    Inoltre, nella capitale asturiana, potrai vedere il Palazzo Episcopale, la\n    Casa del De\u00e1n Payarinos e il Palazzo del Conte di Toreno.\n  <\/p>\n<\/div>\n<div class=\"section-post\" id=\"\">\n  <h2>CONCLUSIONE<\/h2>\n  <p>\n    In conclusione, possiamo dire che questo Cammino di San Salvatore \u00e8 un\n    viaggio in cui<strong> vivrai un&#8217;esperienza unica,<\/strong>, in cui fuggerai\n    dal sovraffollamento degli altri percorsi del Cammino di Santiago e in cui\n    sarai messo\/a alla prova, poich\u00e9 questo percorso richiede una notevole\n    <a href=\"https:\/\/www.pilgrim.es\/it\/preparazione-fisica-cammino-santiago\/\">preparazione fisica<\/a>\n    e presenta molte salite e discese ripide.\n  <\/p>\n  <p>\n    Nonostante questo siamo sicuri che sar\u00e0 un&#8217;esperienza che non dimenticherai\n    pellegrino\/a.\n  <\/p>\n  <p>\n    <strong><em>Ultreia Pellegrini!<\/em><\/strong>\n  <\/p>\n<\/div>\n","protected":false},"excerpt":{"rendered":"<p> Il Cammino di San Salvatore \u00e8 un percorso alternativo del Cammino di<br \/>\n      Santiago, che unisce le cattedrali di Le\u00f3n (luogo di partenza del Cammino)<br \/>\n      e Oviedo (luogo di arrivo del Cammino) in un percorso emblematico di circa<br \/>\n      130 chilometri.<\/p>\n","protected":false},"author":1,"featured_media":124974,"comment_status":"open","ping_status":"closed","sticky":false,"template":"","format":"standard","meta":{"footnotes":""},"categories":[40],"tags":[],"class_list":["post-99207","post","type-post","status-publish","format-standard","has-post-thumbnail","hentry","category-rotte-del-cammino"],"yoast_head":"<!-- This site is optimized with the Yoast SEO plugin v27.4 - https:\/\/yoast.com\/product\/yoast-seo-wordpress\/ -->\n<title>Il Cammino del Salvador - Pilgrim<\/title>\n<meta name=\"robots\" content=\"index, follow, max-snippet:-1, max-image-preview:large, max-video-preview:-1\" \/>\n<link rel=\"canonical\" href=\"https:\/\/www.pilgrim.es\/it\/il-cammino-del-salvador\/\" \/>\n<meta property=\"og:locale\" content=\"it_IT\" \/>\n<meta property=\"og:type\" content=\"article\" \/>\n<meta property=\"og:title\" content=\"Il Cammino del Salvador - Pilgrim\" \/>\n<meta property=\"og:description\" content=\"Il Cammino di San Salvatore \u00e8 un percorso alternativo del Cammino di    Santiago, che unisce le cattedrali di Le\u00f3n (luogo di partenza del Cammino)    e Oviedo (luogo di arrivo del Cammino) in un percorso emblematico di circa    130 chilometri.\" \/>\n<meta property=\"og:url\" content=\"https:\/\/www.pilgrim.es\/it\/il-cammino-del-salvador\/\" \/>\n<meta property=\"og:site_name\" content=\"Pilgrim\" \/>\n<meta property=\"article:publisher\" content=\"https:\/\/www.facebook.com\/pilgrim.es\/\" \/>\n<meta property=\"article:published_time\" content=\"2025-04-01T08:08:02+00:00\" \/>\n<meta property=\"article:modified_time\" content=\"2025-10-09T12:57:36+00:00\" \/>\n<meta property=\"og:image\" content=\"https:\/\/www.pilgrim.es\/wp-content\/uploads\/2019\/04\/camino-del-salvador-2.jpg\" \/>\n\t<meta property=\"og:image:width\" content=\"1000\" \/>\n\t<meta property=\"og:image:height\" content=\"666\" \/>\n\t<meta property=\"og:image:type\" content=\"image\/jpeg\" \/>\n<meta name=\"author\" content=\"pilgrim\" \/>\n<meta name=\"twitter:card\" content=\"summary_large_image\" \/>\n<meta name=\"twitter:creator\" content=\"@pilgrim_es\" \/>\n<meta name=\"twitter:site\" content=\"@pilgrim_es\" \/>\n<meta name=\"twitter:label1\" content=\"Scritto da\" \/>\n\t<meta name=\"twitter:data1\" content=\"pilgrim\" \/>\n\t<meta name=\"twitter:label2\" content=\"Tempo di lettura stimato\" \/>\n\t<meta name=\"twitter:data2\" content=\"7 minuti\" \/>\n<script type=\"application\/ld+json\" class=\"yoast-schema-graph\">{\"@context\":\"https:\\\/\\\/schema.org\",\"@graph\":[{\"@type\":\"Article\",\"@id\":\"https:\\\/\\\/www.pilgrim.es\\\/it\\\/il-cammino-del-salvador\\\/#article\",\"isPartOf\":{\"@id\":\"https:\\\/\\\/www.pilgrim.es\\\/it\\\/il-cammino-del-salvador\\\/\"},\"author\":{\"name\":\"pilgrim\",\"@id\":\"https:\\\/\\\/www.pilgrim.es\\\/it\\\/#\\\/schema\\\/person\\\/de7c8aca996c64c61f23fc45f892394b\"},\"headline\":\"Il Cammino del Salvador\",\"datePublished\":\"2025-04-01T08:08:02+00:00\",\"dateModified\":\"2025-10-09T12:57:36+00:00\",\"mainEntityOfPage\":{\"@id\":\"https:\\\/\\\/www.pilgrim.es\\\/it\\\/il-cammino-del-salvador\\\/\"},\"wordCount\":1363,\"commentCount\":0,\"publisher\":{\"@id\":\"https:\\\/\\\/www.pilgrim.es\\\/it\\\/#organization\"},\"image\":{\"@id\":\"https:\\\/\\\/www.pilgrim.es\\\/it\\\/il-cammino-del-salvador\\\/#primaryimage\"},\"thumbnailUrl\":\"https:\\\/\\\/www.pilgrim.es\\\/wp-content\\\/uploads\\\/2019\\\/04\\\/camino-del-salvador-2.jpg\",\"articleSection\":[\"Rotte del Cammino\"],\"inLanguage\":\"it-IT\",\"potentialAction\":[{\"@type\":\"CommentAction\",\"name\":\"Comment\",\"target\":[\"https:\\\/\\\/www.pilgrim.es\\\/it\\\/il-cammino-del-salvador\\\/#respond\"]}]},{\"@type\":\"WebPage\",\"@id\":\"https:\\\/\\\/www.pilgrim.es\\\/it\\\/il-cammino-del-salvador\\\/\",\"url\":\"https:\\\/\\\/www.pilgrim.es\\\/it\\\/il-cammino-del-salvador\\\/\",\"name\":\"Il Cammino del Salvador - Pilgrim\",\"isPartOf\":{\"@id\":\"https:\\\/\\\/www.pilgrim.es\\\/it\\\/#website\"},\"primaryImageOfPage\":{\"@id\":\"https:\\\/\\\/www.pilgrim.es\\\/it\\\/il-cammino-del-salvador\\\/#primaryimage\"},\"image\":{\"@id\":\"https:\\\/\\\/www.pilgrim.es\\\/it\\\/il-cammino-del-salvador\\\/#primaryimage\"},\"thumbnailUrl\":\"https:\\\/\\\/www.pilgrim.es\\\/wp-content\\\/uploads\\\/2019\\\/04\\\/camino-del-salvador-2.jpg\",\"datePublished\":\"2025-04-01T08:08:02+00:00\",\"dateModified\":\"2025-10-09T12:57:36+00:00\",\"breadcrumb\":{\"@id\":\"https:\\\/\\\/www.pilgrim.es\\\/it\\\/il-cammino-del-salvador\\\/#breadcrumb\"},\"inLanguage\":\"it-IT\",\"potentialAction\":[{\"@type\":\"ReadAction\",\"target\":[\"https:\\\/\\\/www.pilgrim.es\\\/it\\\/il-cammino-del-salvador\\\/\"]}]},{\"@type\":\"ImageObject\",\"inLanguage\":\"it-IT\",\"@id\":\"https:\\\/\\\/www.pilgrim.es\\\/it\\\/il-cammino-del-salvador\\\/#primaryimage\",\"url\":\"https:\\\/\\\/www.pilgrim.es\\\/wp-content\\\/uploads\\\/2019\\\/04\\\/camino-del-salvador-2.jpg\",\"contentUrl\":\"https:\\\/\\\/www.pilgrim.es\\\/wp-content\\\/uploads\\\/2019\\\/04\\\/camino-del-salvador-2.jpg\",\"width\":1000,\"height\":666},{\"@type\":\"BreadcrumbList\",\"@id\":\"https:\\\/\\\/www.pilgrim.es\\\/it\\\/il-cammino-del-salvador\\\/#breadcrumb\",\"itemListElement\":[{\"@type\":\"ListItem\",\"position\":1,\"name\":\"Camino de Santiago\",\"item\":\"https:\\\/\\\/www.pilgrim.es\\\/it\\\/\"},{\"@type\":\"ListItem\",\"position\":2,\"name\":\"Il Cammino del Salvador\"}]},{\"@type\":\"WebSite\",\"@id\":\"https:\\\/\\\/www.pilgrim.es\\\/it\\\/#website\",\"url\":\"https:\\\/\\\/www.pilgrim.es\\\/it\\\/\",\"name\":\"Pilgrim\",\"description\":\"Camino de Santiago | Caminamos Contigo\",\"publisher\":{\"@id\":\"https:\\\/\\\/www.pilgrim.es\\\/it\\\/#organization\"},\"potentialAction\":[{\"@type\":\"SearchAction\",\"target\":{\"@type\":\"EntryPoint\",\"urlTemplate\":\"https:\\\/\\\/www.pilgrim.es\\\/it\\\/?s={search_term_string}\"},\"query-input\":{\"@type\":\"PropertyValueSpecification\",\"valueRequired\":true,\"valueName\":\"search_term_string\"}}],\"inLanguage\":\"it-IT\"},{\"@type\":\"Organization\",\"@id\":\"https:\\\/\\\/www.pilgrim.es\\\/it\\\/#organization\",\"name\":\"Pilgrim Camino de Santiago\",\"url\":\"https:\\\/\\\/www.pilgrim.es\\\/it\\\/\",\"logo\":{\"@type\":\"ImageObject\",\"inLanguage\":\"it-IT\",\"@id\":\"https:\\\/\\\/www.pilgrim.es\\\/it\\\/#\\\/schema\\\/logo\\\/image\\\/\",\"url\":\"https:\\\/\\\/www.pilgrim.es\\\/wp-content\\\/uploads\\\/2019\\\/04\\\/logo_pilgrim.png\",\"contentUrl\":\"https:\\\/\\\/www.pilgrim.es\\\/wp-content\\\/uploads\\\/2019\\\/04\\\/logo_pilgrim.png\",\"width\":512,\"height\":512,\"caption\":\"Pilgrim Camino de Santiago\"},\"image\":{\"@id\":\"https:\\\/\\\/www.pilgrim.es\\\/it\\\/#\\\/schema\\\/logo\\\/image\\\/\"},\"sameAs\":[\"https:\\\/\\\/www.facebook.com\\\/pilgrim.es\\\/\",\"https:\\\/\\\/x.com\\\/pilgrim_es\",\"https:\\\/\\\/www.instagram.com\\\/pilgrim.es\\\/\",\"https:\\\/\\\/www.linkedin.com\\\/company\\\/pilgrim-camino-de-santiago\\\/\",\"https:\\\/\\\/www.pinterest.es\\\/pilgrimcaminodesantiago\\\/\",\"https:\\\/\\\/www.youtube.com\\\/channel\\\/UCIv2ZzFLXVqthkNF32rKedw\\\/featured\"]},{\"@type\":\"Person\",\"@id\":\"https:\\\/\\\/www.pilgrim.es\\\/it\\\/#\\\/schema\\\/person\\\/de7c8aca996c64c61f23fc45f892394b\",\"name\":\"pilgrim\",\"image\":{\"@type\":\"ImageObject\",\"inLanguage\":\"it-IT\",\"@id\":\"https:\\\/\\\/secure.gravatar.com\\\/avatar\\\/06d7281d39935d7eb573e805b5eeb500b575a7dd7a75083cef280bf51b3e5e62?s=96&d=mm&r=g\",\"url\":\"https:\\\/\\\/secure.gravatar.com\\\/avatar\\\/06d7281d39935d7eb573e805b5eeb500b575a7dd7a75083cef280bf51b3e5e62?s=96&d=mm&r=g\",\"contentUrl\":\"https:\\\/\\\/secure.gravatar.com\\\/avatar\\\/06d7281d39935d7eb573e805b5eeb500b575a7dd7a75083cef280bf51b3e5e62?s=96&d=mm&r=g\",\"caption\":\"pilgrim\"}}]}<\/script>\n<!-- \/ Yoast SEO plugin. -->","yoast_head_json":{"title":"Il Cammino del Salvador - Pilgrim","robots":{"index":"index","follow":"follow","max-snippet":"max-snippet:-1","max-image-preview":"max-image-preview:large","max-video-preview":"max-video-preview:-1"},"canonical":"https:\/\/www.pilgrim.es\/it\/il-cammino-del-salvador\/","og_locale":"it_IT","og_type":"article","og_title":"Il Cammino del Salvador - Pilgrim","og_description":"Il Cammino di San Salvatore \u00e8 un percorso alternativo del Cammino di    Santiago, che unisce le cattedrali di Le\u00f3n (luogo di partenza del Cammino)    e Oviedo (luogo di arrivo del Cammino) in un percorso emblematico di circa    130 chilometri.","og_url":"https:\/\/www.pilgrim.es\/it\/il-cammino-del-salvador\/","og_site_name":"Pilgrim","article_publisher":"https:\/\/www.facebook.com\/pilgrim.es\/","article_published_time":"2025-04-01T08:08:02+00:00","article_modified_time":"2025-10-09T12:57:36+00:00","og_image":[{"width":1000,"height":666,"url":"https:\/\/www.pilgrim.es\/wp-content\/uploads\/2019\/04\/camino-del-salvador-2.jpg","type":"image\/jpeg"}],"author":"pilgrim","twitter_card":"summary_large_image","twitter_creator":"@pilgrim_es","twitter_site":"@pilgrim_es","twitter_misc":{"Scritto da":"pilgrim","Tempo di lettura stimato":"7 minuti"},"schema":{"@context":"https:\/\/schema.org","@graph":[{"@type":"Article","@id":"https:\/\/www.pilgrim.es\/it\/il-cammino-del-salvador\/#article","isPartOf":{"@id":"https:\/\/www.pilgrim.es\/it\/il-cammino-del-salvador\/"},"author":{"name":"pilgrim","@id":"https:\/\/www.pilgrim.es\/it\/#\/schema\/person\/de7c8aca996c64c61f23fc45f892394b"},"headline":"Il Cammino del Salvador","datePublished":"2025-04-01T08:08:02+00:00","dateModified":"2025-10-09T12:57:36+00:00","mainEntityOfPage":{"@id":"https:\/\/www.pilgrim.es\/it\/il-cammino-del-salvador\/"},"wordCount":1363,"commentCount":0,"publisher":{"@id":"https:\/\/www.pilgrim.es\/it\/#organization"},"image":{"@id":"https:\/\/www.pilgrim.es\/it\/il-cammino-del-salvador\/#primaryimage"},"thumbnailUrl":"https:\/\/www.pilgrim.es\/wp-content\/uploads\/2019\/04\/camino-del-salvador-2.jpg","articleSection":["Rotte del Cammino"],"inLanguage":"it-IT","potentialAction":[{"@type":"CommentAction","name":"Comment","target":["https:\/\/www.pilgrim.es\/it\/il-cammino-del-salvador\/#respond"]}]},{"@type":"WebPage","@id":"https:\/\/www.pilgrim.es\/it\/il-cammino-del-salvador\/","url":"https:\/\/www.pilgrim.es\/it\/il-cammino-del-salvador\/","name":"Il Cammino del Salvador - Pilgrim","isPartOf":{"@id":"https:\/\/www.pilgrim.es\/it\/#website"},"primaryImageOfPage":{"@id":"https:\/\/www.pilgrim.es\/it\/il-cammino-del-salvador\/#primaryimage"},"image":{"@id":"https:\/\/www.pilgrim.es\/it\/il-cammino-del-salvador\/#primaryimage"},"thumbnailUrl":"https:\/\/www.pilgrim.es\/wp-content\/uploads\/2019\/04\/camino-del-salvador-2.jpg","datePublished":"2025-04-01T08:08:02+00:00","dateModified":"2025-10-09T12:57:36+00:00","breadcrumb":{"@id":"https:\/\/www.pilgrim.es\/it\/il-cammino-del-salvador\/#breadcrumb"},"inLanguage":"it-IT","potentialAction":[{"@type":"ReadAction","target":["https:\/\/www.pilgrim.es\/it\/il-cammino-del-salvador\/"]}]},{"@type":"ImageObject","inLanguage":"it-IT","@id":"https:\/\/www.pilgrim.es\/it\/il-cammino-del-salvador\/#primaryimage","url":"https:\/\/www.pilgrim.es\/wp-content\/uploads\/2019\/04\/camino-del-salvador-2.jpg","contentUrl":"https:\/\/www.pilgrim.es\/wp-content\/uploads\/2019\/04\/camino-del-salvador-2.jpg","width":1000,"height":666},{"@type":"BreadcrumbList","@id":"https:\/\/www.pilgrim.es\/it\/il-cammino-del-salvador\/#breadcrumb","itemListElement":[{"@type":"ListItem","position":1,"name":"Camino de Santiago","item":"https:\/\/www.pilgrim.es\/it\/"},{"@type":"ListItem","position":2,"name":"Il Cammino del Salvador"}]},{"@type":"WebSite","@id":"https:\/\/www.pilgrim.es\/it\/#website","url":"https:\/\/www.pilgrim.es\/it\/","name":"Pilgrim","description":"Camino de Santiago | Caminamos Contigo","publisher":{"@id":"https:\/\/www.pilgrim.es\/it\/#organization"},"potentialAction":[{"@type":"SearchAction","target":{"@type":"EntryPoint","urlTemplate":"https:\/\/www.pilgrim.es\/it\/?s={search_term_string}"},"query-input":{"@type":"PropertyValueSpecification","valueRequired":true,"valueName":"search_term_string"}}],"inLanguage":"it-IT"},{"@type":"Organization","@id":"https:\/\/www.pilgrim.es\/it\/#organization","name":"Pilgrim Camino de Santiago","url":"https:\/\/www.pilgrim.es\/it\/","logo":{"@type":"ImageObject","inLanguage":"it-IT","@id":"https:\/\/www.pilgrim.es\/it\/#\/schema\/logo\/image\/","url":"https:\/\/www.pilgrim.es\/wp-content\/uploads\/2019\/04\/logo_pilgrim.png","contentUrl":"https:\/\/www.pilgrim.es\/wp-content\/uploads\/2019\/04\/logo_pilgrim.png","width":512,"height":512,"caption":"Pilgrim Camino de Santiago"},"image":{"@id":"https:\/\/www.pilgrim.es\/it\/#\/schema\/logo\/image\/"},"sameAs":["https:\/\/www.facebook.com\/pilgrim.es\/","https:\/\/x.com\/pilgrim_es","https:\/\/www.instagram.com\/pilgrim.es\/","https:\/\/www.linkedin.com\/company\/pilgrim-camino-de-santiago\/","https:\/\/www.pinterest.es\/pilgrimcaminodesantiago\/","https:\/\/www.youtube.com\/channel\/UCIv2ZzFLXVqthkNF32rKedw\/featured"]},{"@type":"Person","@id":"https:\/\/www.pilgrim.es\/it\/#\/schema\/person\/de7c8aca996c64c61f23fc45f892394b","name":"pilgrim","image":{"@type":"ImageObject","inLanguage":"it-IT","@id":"https:\/\/secure.gravatar.com\/avatar\/06d7281d39935d7eb573e805b5eeb500b575a7dd7a75083cef280bf51b3e5e62?s=96&d=mm&r=g","url":"https:\/\/secure.gravatar.com\/avatar\/06d7281d39935d7eb573e805b5eeb500b575a7dd7a75083cef280bf51b3e5e62?s=96&d=mm&r=g","contentUrl":"https:\/\/secure.gravatar.com\/avatar\/06d7281d39935d7eb573e805b5eeb500b575a7dd7a75083cef280bf51b3e5e62?s=96&d=mm&r=g","caption":"pilgrim"}}]}},"_links":{"self":[{"href":"https:\/\/www.pilgrim.es\/it\/wp-json\/wp\/v2\/posts\/99207","targetHints":{"allow":["GET"]}}],"collection":[{"href":"https:\/\/www.pilgrim.es\/it\/wp-json\/wp\/v2\/posts"}],"about":[{"href":"https:\/\/www.pilgrim.es\/it\/wp-json\/wp\/v2\/types\/post"}],"author":[{"embeddable":true,"href":"https:\/\/www.pilgrim.es\/it\/wp-json\/wp\/v2\/users\/1"}],"replies":[{"embeddable":true,"href":"https:\/\/www.pilgrim.es\/it\/wp-json\/wp\/v2\/comments?post=99207"}],"version-history":[{"count":6,"href":"https:\/\/www.pilgrim.es\/it\/wp-json\/wp\/v2\/posts\/99207\/revisions"}],"predecessor-version":[{"id":136542,"href":"https:\/\/www.pilgrim.es\/it\/wp-json\/wp\/v2\/posts\/99207\/revisions\/136542"}],"wp:featuredmedia":[{"embeddable":true,"href":"https:\/\/www.pilgrim.es\/it\/wp-json\/wp\/v2\/media\/124974"}],"wp:attachment":[{"href":"https:\/\/www.pilgrim.es\/it\/wp-json\/wp\/v2\/media?parent=99207"}],"wp:term":[{"taxonomy":"category","embeddable":true,"href":"https:\/\/www.pilgrim.es\/it\/wp-json\/wp\/v2\/categories?post=99207"},{"taxonomy":"post_tag","embeddable":true,"href":"https:\/\/www.pilgrim.es\/it\/wp-json\/wp\/v2\/tags?post=99207"}],"curies":[{"name":"wp","href":"https:\/\/api.w.org\/{rel}","templated":true}]}}