{"id":49686,"date":"2019-12-13T13:29:51","date_gmt":"2019-12-13T13:29:51","guid":{"rendered":"https:\/\/prod.pilgrim.es\/cammino-di-santiago-da-burgos\/"},"modified":"2025-06-09T08:38:59","modified_gmt":"2025-06-09T08:38:59","slug":"cammino-di-santiago-da-burgos","status":"publish","type":"post","link":"https:\/\/www.pilgrim.es\/it\/cammino-di-santiago-da-burgos\/","title":{"rendered":"Cammino di Santiago da Burgos"},"content":{"rendered":"\n<div class=\"entry-content__introduction\">\n  In questa entrata nel nosttro blog ti mostreremo uno dei punti di inizio pi\u00fa\n  importanti nel\u00a0<a href=\"https:\/\/www.pilgrim.es\/it\/cammini\/\">Cammino di Santiago<\/a>, la citt\u00e1 di\n  Burgos. <strong>Sono vari i motivi <\/strong\n  ><span style=\"font-size: 1rem\"\n    ><strong>che possono motivarti<\/strong> a realizzare da questa localit\u00e1,per\u00f3\n    sapremo che uno di loro sar\u00e1 quello che ti aiuter\u00e1 a fare il passo\n    definitivo,lo tratteremo nel primo punto.\u00a0<\/span\n  >\n\n  \u00a0\n  <h5>\n    Inoltre ti potrebbe interessare:\n    <a href=\"https:\/\/www.pilgrim.es\/it\/cammino-di-santiago-da-leon\/\">Cammino di Santiago da Le\u00f3n<\/a>\n  <\/h5>\n  Sono 485 km che separano questa citt\u00e1 da\n  <a href=\"https:\/\/www.pilgrim.es\/it\/santiago-di-compostela\/\">Santiago di Compostela<\/a>, se lo realizzi a piedi,\n  l&#8217;esperienza comprender\u00e1 21 tappe e, in caso di realizzarlo in\n  bicicletta,saranno 8. Il suo percorso non \u00e8 di una grande difficolt\u00e0,\n  tuttavia, \u00e8 un percorso lungo, pi\u00f9 della met\u00e0 del\n  <a href=\"https:\/\/www.pilgrim.es\/it\/cammino-francese\/\">Cammino Francese ,<\/a>quindi devi avere \u00a0<a\n    href=\"https:\/\/www.pilgrim.es\/it\/preparazione-fisica-cammino-santiago\/\"\n    >una buona preparazione fisica<\/a\n  >\u00a0precedente come si pu\u00f2 assumere tutti i chilometri, come la conoscenza per\n  prendersi \u00a0<a href=\"https:\/\/www.pilgrim.es\/como-cuidar-los-pies-para-hacer-el-camino-de-santiago\/\">cura dei piedi <\/a>e non possono sorgere\n  problemi che ostacolano la tua camminata.\n<\/div>\n<hr class=\"single-bar\" \/>\n<ul class=\"index float-none float-sm-left mb-3\">\n  <span>Indice<\/span>\n  <li><a href=\"#why\">Perch\u00e9 da Burgos<\/a><\/li>\n  <li><a href=\"#stages-walk\">Tappe a piedi<\/a><\/li>\n  <li><a href=\"#stages-bike\">Tappe in bici<\/a><\/li>\n  <li><a href=\"#how\">Come arrivare<\/a><\/li>\n  <li><a href=\"#sleep\">Dove Dormire<\/a><\/li>\n  <li><a href=\"#credential\">Dove conseguire la Credenziale<\/a><\/li>\n  <li><a href=\"#pois\">Cosa vedere<\/a><\/li>\n<\/ul>\n<hr class=\"single-bar\" \/>\n<div class=\"section-post\" id=\"why\">\n  <h2 class=\"mt-5 mb-3\" id=\"why\">Perch\u00e9 il Cammino da Burgos?<\/h2>\n  Burgos \u00e9 una delle localit\u00e1 pi\u00fa conosciute in tutto il territorio spagnolo. Il\n  motivo principale di questo \u00e9 la\n  <strong\n    >Santa Chiesa Cattedrale Basilica Metropolitana di Santa Maria.<\/strong\n  >\n  Una Cattedrale imponenete di stile gotico che ha l&#8217;onore di essere\n  <strong\n    >riconosciuta come Monumento Nazionale e come Patrimonio dell&#8217;Umanit\u00e1 per\n    l&#8217;UNESCO.<\/strong\n  >\n  Per questo motivo,e per essere situata nel Cammino di Santiago, pi\u00f9 in\n  particolare sul Cammino Francese, \u00e8 considerato come uno dei punti principali\n  all&#8217;interno del percorso francese. Come un&#8217;immagine vale pi\u00f9 di mille parole,\n  ti lasciamo una foto in modo da poter ammirare la cattedrale e capire perch\u00e9\n  molti pellegrini decidono di iniziare da questa localit\u00e0 e dedicare un giorno\n  intero o due ad ammirare il suo centro storico.\n\n  <img decoding=\"async\"\n    alt=\"Catedral de Burgos\"\n    class=\"img-fluid d-block my-4\"\n    src=\"\/wp-content\/uploads\/2019\/05\/catedral-de-burgos.jpg\"\n  \/>\n\n  Intorno a questa magnifica opera si trova\n  <strong>una zona antica di grande valore<\/strong> per la quale dovrete\n  investire il vostro tempo ed apprezzare ogni dettaglio possibile. \u00c8 senza\n  dubbio storia viva del Cammino e delle varie epoche.\n<\/div>\n<div class=\"section-post\" id=\"stages-walk\">\n  <h2 class=\"mt-5 mb-3\" id=\"stages-walk\">Tappe a piedi da Burgos<\/h2>\n  <table class=\"wp-block-table table text-left p-my-10\">\n    <thead>\n      <tr>\n        <th>TAPPA<\/th>\n        <th>INIZIO<\/th>\n        <th>FINE<\/th>\n        <th>DURATA<\/th>\n        <th>DIFFICOLT\u00c1<\/th>\n      <\/tr>\n    <\/thead>\n    <tbody>\n      <tr>\n        <td>Tappa 1<\/td>\n        <td>Burgos<\/td>\n        <td>Hornillos del Camino<\/td>\n        <td>21 km<\/td>\n        <td>2\/5<\/td>\n      <\/tr>\n      <tr>\n        <td>Tappa 2<\/td>\n        <td>Hornillos del Camino<\/td>\n        <td>Catrojeriz<\/td>\n        <td>19,9 km<\/td>\n        <td>2\/5<\/td>\n      <\/tr>\n      <tr>\n        <td>Tappa 3<\/td>\n        <td>Catrojeriz<\/td>\n        <td>Fr\u00f3mista<\/td>\n        <td>24,7 km<\/td>\n        <td>2\/5<\/td>\n      <\/tr>\n      <tr>\n        <td>Tappa 4<\/td>\n        <td>Fr\u00f3mista<\/td>\n        <td>Carri\u00f3n de los Condes<\/td>\n        <td>18,8 km<\/td>\n        <td>1\/5<\/td>\n      <\/tr>\n      <tr>\n        <td>Tappa 5<\/td>\n        <td>Carri\u00f3n de los Condes<\/td>\n        <td>Terradillos de los Templarios<\/td>\n        <td>26,3 km<\/td>\n        <td>2\/5<\/td>\n      <\/tr>\n      <tr>\n        <td>Tappa6<\/td>\n        <td>Terradillos de los Templarios<\/td>\n        <td>Bercianos del Real Camino<\/td>\n        <td>23,2 km<\/td>\n        <td>2\/5<\/td>\n      <\/tr>\n      <tr>\n        <td>Tappa 7<\/td>\n        <td>Bercianos del Real Camino<\/td>\n        <td>Mansilla de las Mulas<\/td>\n        <td>26,3 km<\/td>\n        <td>2\/5<\/td>\n      <\/tr>\n      <tr>\n        <td>Tappa 8<\/td>\n        <td>Mansilla de las Mulas<\/td>\n        <td>Le\u00f3n<\/td>\n        <td>18,5 km<\/td>\n        <td>1\/5<\/td>\n      <\/tr>\n      <tr>\n        <td>Tappa 9<\/td>\n        <td>Le\u00f3n<\/td>\n        <td>San Mart\u00edn del Camino<\/td>\n        <td>24,6 km<\/td>\n        <td>2\/5<\/td>\n      <\/tr>\n      <tr>\n        <td>Tappa 10<\/td>\n        <td>San Mart\u00edn del Camino<\/td>\n        <td>Astorga<\/td>\n        <td>23,7km<\/td>\n        <td>2\/5<\/td>\n      <\/tr>\n      <tr>\n        <td>Tappa 11<\/td>\n        <td>Astorga<\/td>\n        <td>Foncebad\u00f3n<\/td>\n        <td>25,8 km<\/td>\n        <td>2\/5<\/td>\n      <\/tr>\n      <tr>\n        <td>Tappa 12<\/td>\n        <td>Foncebad\u00f3n<\/td>\n        <td>Ponferrada<\/td>\n        <td>26,8 km<\/td>\n        <td>3\/5<\/td>\n      <\/tr>\n      <tr>\n        <td>Tappa 13<\/td>\n        <td>Ponferrada<\/td>\n        <td>Villafranca<\/td>\n        <td>24,2 km<\/td>\n        <td>3\/5<\/td>\n      <\/tr>\n      <tr>\n        <td>Tappa 14<\/td>\n        <td>Villafranca<\/td>\n        <td>O Cebreiro<\/td>\n        <td>27,8 km<\/td>\n        <td>4\/5<\/td>\n      <\/tr>\n      <tr>\n        <td>Tappa 15<\/td>\n        <td>O Cebreiro<\/td>\n        <td>Triacastela<\/td>\n        <td>20,8 km<\/td>\n        <td>2\/5<\/td>\n      <\/tr>\n      <tr>\n        <td>Tappa 16<\/td>\n        <td>Triacastela<\/td>\n        <td>Sarria<\/td>\n        <td>18,4 km<\/td>\n        <td>2\/5<\/td>\n      <\/tr>\n      <tr>\n        <td>Tappa 17<\/td>\n        <td>Sarria<\/td>\n        <td>Portomar\u00edn<\/td>\n        <td>22,2 km<\/td>\n        <td>2\/5<\/td>\n      <\/tr>\n      <tr>\n        <td>Tappa 18<\/td>\n        <td>Portomar\u00edn<\/td>\n        <td>Palas de Rei<\/td>\n        <td>24,8 km<\/td>\n        <td>2\/5<\/td>\n      <\/tr>\n      <tr>\n        <td>Tappa 19<\/td>\n        <td>Palas de Rei<\/td>\n        <td>Arz\u00faa<\/td>\n        <td>28,5 km<\/td>\n        <td>3\/5<\/td>\n      <\/tr>\n      <tr>\n        <td>Tappa20<\/td>\n        <td>Arz\u00faa<\/td>\n        <td>O Pedrouzo<\/td>\n        <td>19,3 km<\/td>\n        <td>2\/5<\/td>\n      <\/tr>\n      <tr>\n        <td>Tappa 21<\/td>\n        <td>O Pedrouzo<\/td>\n        <td>Santiago de Compostela<\/td>\n        <td>19,4 km<\/td>\n        <td>2\/5<\/td>\n      <\/tr>\n    <\/tbody>\n  <\/table>\n<\/div>\n<div class=\"section-post\" id=\"stages-bike\">\n  <h2 class=\"mt-5 mb-3\" id=\"stages-bike\">Tappe in bici da Burgos<\/h2>\n  <table class=\"wp-block-table table text-left p-my-10\">\n    <thead>\n      <tr>\n        <th>TAPPA<\/th>\n        <th>INIZIO<\/th>\n        <th>FINE<\/th>\n        <th>DURATA<\/th>\n        <th>DIFFICOLT\u00c1<\/th>\n      <\/tr>\n    <\/thead>\n    <tbody>\n      <tr>\n        <td>Tappa 1<\/td>\n        <td>Burgos<\/td>\n        <td>Carri\u00f3n de los Condes<\/td>\n        <td>87 km<\/td>\n        <td>4\/5<\/td>\n      <\/tr>\n      <tr>\n        <td>Tappa 2<\/td>\n        <td>Carri\u00f3n de los Condes<\/td>\n        <td>Le\u00f3n<\/td>\n        <td>53 km<\/td>\n        <td>3\/5<\/td>\n      <\/tr>\n      <tr>\n        <td>Tappa 3<\/td>\n        <td>Le\u00f3n<\/td>\n        <td>Astorga<\/td>\n        <td>49 km<\/td>\n        <td>2\/5<\/td>\n      <\/tr>\n      <tr>\n        <td>Tappa 4<\/td>\n        <td>Astorga<\/td>\n        <td>Ponferrada<\/td>\n        <td>53 km<\/td>\n        <td>3\/5<\/td>\n      <\/tr>\n      <tr>\n        <td>Tappa 5<\/td>\n        <td>Ponferrada<\/td>\n        <td>O Cebreiro<\/td>\n        <td>55 km<\/td>\n        <td>4\/5<\/td>\n      <\/tr>\n      <tr>\n        <td>Tappa 6<\/td>\n        <td>O Cebreiro<\/td>\n        <td>Portomar\u00edn<\/td>\n        <td>62 km<\/td>\n        <td>3\/5<\/td>\n      <\/tr>\n      <tr>\n        <td>Tappa 7<\/td>\n        <td>Portomar\u00edn<\/td>\n        <td>Arz\u00faa<\/td>\n        <td>54 km<\/td>\n        <td>2\/5<\/td>\n      <\/tr>\n      <tr>\n        <td>Tappa 8<\/td>\n        <td>Arz\u00faa<\/td>\n        <td>Santiago de Compostela<\/td>\n        <td>39 km<\/td>\n        <td>2\/5<\/td>\n      <\/tr>\n    <\/tbody>\n  <\/table>\n<\/div>\n<div class=\"section-post\" id=\"how\">\n  <h2 class=\"mt-5 mb-3\" id=\"how\">Come arrivare a Burgos<\/h2>\n  Nella nostra sezione su\n  <a href=\"https:\/\/www.pilgrim.es\/it\/pianificare\/come-arrivare-a-i-punti-di-partenza-del-cammino-di-santiago\/\">come arrivare ai punti di inizio pi\u00fa\u00a0 importanti <\/a\n  ><a href=\"https:\/\/www.pilgrim.es\/it\/pianificare\/come-arrivare-a-i-punti-di-partenza-del-cammino-di-santiago\/\" style=\"font-size: 1rem\">del Cammino<\/a\n  ><span style=\"font-size: 1rem\"\n    >, abbiamo le informazioni necessarie per sostenere tutti i pellegrini che\n    hanno bisogno di informazioni su come raggiungere ogni localit\u00e0 del\n    Cammino.<\/span\n  >\n\n  Il modo principale per raggiungere la citt\u00e0 di Burgos \u00e8 stradale,\n  <strong>\u00e8 collegato grazie a strade importanti<\/strong> come la A-1, la A-73,\n  la N-627, la A-62, la N-120 e secondarie come BU-11, BU-30 e la E-5. Cos\u00ec\n  Burgos \u00e8 perfettamente collegato con le principali citt\u00e0. In caso \u00a0in cui si\n  proviene da un altro paese e si deve acquistare un volo, si consiglia di\n  andare in direzione Madrid o Santiago de Compostela, perch\u00e9 sono i migliori\n  collegamenti. Per spostarsi da l\u00ec, a Burgos, uno dei modi pi\u00f9 raccomandati \u00e8\n  il treno o prendere un altro aereo in direzione dell&#8217;aeroporto della citt\u00e0 (da\n  Barcellona). Sulla \u00a0<a\n    href=\"http:\/\/www.renfe.com\/\"\n    rel=\"nofollow noopener noreferrer\"\n    target=\"_blank\"\n    >pagina web di Renfe<\/a\n  >\n  potrai acquistare i biglietti necessari.\n<\/div>\n<div class=\"section-post\" id=\"sleep\">\n  <h2 class=\"mt-5 mb-3\" id=\"sleep\">Dove dormire a Le\u00f3n<\/h2>\n  <div class=\"row align-items-center my-4\">\n    <div class=\"col-md-6\">\n      Non garantiamo che ci sia disponibilit\u00e0 perch\u00e9 sul Cammino c&#8217;\u00e8 una grande\n      massa di pellegrini ed \u00e8 possibile che la capienza sia limitata. Se volete\n      aiuto con gli alloggi non esitate a chiederci aiuto, abbiamo una grande\n      rete di alloggi affidabili. Comunque, ti lasciamo due raccomandazioni per\n      poter riposare a Burgos dopo la partenza per Santiago:\n      <ul>\n        <li>\n          <strong>Albergo Municipale di Burgos<\/strong>\n          <ul>\n            <li>Capacit\u00e1: 150 posti<\/li>\n            <li>Indirizzo: C\/ Fern\u00e1n Gonz\u00e1lez, 28 (Burgos)<\/li>\n            <li>N\u00ba Telefono: 947 460 922<\/li>\n          <\/ul>\n        <\/li>\n        <li>\n          <strong>Albergo Parrocchia dei pellegrini Emaus<\/strong>\n          <ul>\n            <li>Capacit\u00e1: 20 plazas<\/li>\n            <li>Indirizzo: C\/ San Pedro Carde\u00f1a 31 Bis (Burgos)<\/li>\n          <\/ul>\n        <\/li>\n      <\/ul>\n    <\/div>\n  <\/div>\n<\/div>\n<div class=\"section-post\" id=\"credential\">\n  <h2 class=\"mt-5 mb-3\" id=\"credential\">\n    Dove conseguire la Credenziale del Pellegrino a Burgos\n  <\/h2>\n  Se\u00a0<a href=\"https:\/\/www.pilgrim.es\/it\/pianificare\/\">pianifichi con noi<\/a> la tua esperienza nel\n  Cammino riceverai la documentazione appropriata nel tuo primo alloggio dove\n  dormirai o in casa tua. Se lo fai per conto tuo,\n  <strong\n    >potrai comprarla all&#8217;Associazione Amici del Cammino di Santiago a\n    Burgos<\/strong\n  >, situata a Fern\u00e1n Gonz\u00e1lez, 28. Punto 331 (09003 &#8211; Burgos), o in ostello\n  comunale menzionato nel punto precedente.\n<\/div>\n<div class=\"section-post\" id=\"pois\">\n  <h2 class=\"mt-5 mb-3\" id=\"pois\">Cosa vedere a Burgos<\/h2>\n  Se hai letto fino a qui, crediamo che sia chiaro\n  <strong>quale sar\u00e0 la tua prima fermata a Burgos.<\/strong>Tuttavia, esistono\n  altri luoghi che potrai visitare e cos\u00ed dedicare un giorno ( almeno) a\n  percorrere le strade di questa bella citt\u00e0.\n  <h3 class=\"mt-4 mb-3\">Cattedrale di Burgos<\/h3>\n  La Cattedrale di Burgos \u00e9 dedicata alla Santa Maria la Mayor, la quale fu\n  dichiarata Patrimonio dell&#8217;Umanit\u00e1 dall&#8217;UNESCO nel 1984 e viene considerats\n  come il monumento pi\u00fa rappresentativo della citt\u00e1.La sua costruzion inizi\u00f3 nel\n  1221 e fin\u00ed nell&#8217;anno 1260.\n  <h3 class=\"mt-4 mb-3\">Ospedale del Re<\/h3>\n  Uno degli ospedali pi\u00fa famosi nella rotta del Cammino di Santiago. Fu protetto\n  dai re di Castilla che sempre lo hanno sempre mantenuto con grandi privilegi e\n  onori. Attualmente \u00e8 sede del Rettorato dell&#8217;Universit\u00e0 di Burgos e di Facolt\u00e0\n  di Giurisprudenza.\n  <h3 class=\"mt-4 mb-3\">Monastero della Huelgas<\/h3>\n  Situato nel quartiere di Huelgas, questo monastero \u00e8 stato costruito per\n  ordine del re Alfonso VIII ed \u00e8 stato il primo centro monaco della Castiglia a\n  causa della sua grande importanza.\n<\/div>\n<div class=\"section-post\">\n  <h2 class=\"mt-5 mb-3\">L&#8217;avventura ti aspetta<\/h2>\n  Speriamo che tutte le informazioni che ti abbiamo appena dato sul fare il\n  Cammino da Burgos, ti diano l&#8217;impulso e l&#8217;aiuto necessario per poter\n  affrontare l&#8217;avventura e che ti godi la magia del Cammino di Santiago. Se hai\n  bisogno di aiuto per pianificarlo, ci avrai sempre a tua disposizione.\n  Lasciaci il tuo contatto e troveremo insieme il modo migliore per aiutarti.\n\n  <em><strong>Ultreia pellegrini!<\/strong><\/em>\n<\/div>\n","protected":false},"excerpt":{"rendered":"<p>In questo post del nostro blog vi mostreremo uno dei punti di partenza pi\u00f9 importanti all&#8217;interno del Cammino di Santiago, la citt\u00e0 di Burgos. Sono vari i motivi che possono motivarti a farlo da quella localit\u00e0.<\/p>\n","protected":false},"author":4,"featured_media":124023,"comment_status":"open","ping_status":"closed","sticky":false,"template":"","format":"standard","meta":{"footnotes":""},"categories":[40],"tags":[],"class_list":["post-49686","post","type-post","status-publish","format-standard","has-post-thumbnail","hentry","category-rotte-del-cammino"],"yoast_head":"<!-- This site is optimized with the Yoast SEO plugin v27.4 - https:\/\/yoast.com\/product\/yoast-seo-wordpress\/ -->\n<title>Cammino di Santiago da Burgos - Guida 2022 - Pilgrim<\/title>\n<meta name=\"description\" content=\"Fare il Cammino di Santiago da Burgos \u00e8 una delle principali scelte fatte dal pellegrino. Scopri i motivi che spingono a realizzarlo.\" \/>\n<meta name=\"robots\" content=\"index, follow, max-snippet:-1, max-image-preview:large, max-video-preview:-1\" \/>\n<link rel=\"canonical\" href=\"https:\/\/www.pilgrim.es\/it\/cammino-di-santiago-da-burgos\/\" \/>\n<meta property=\"og:locale\" content=\"it_IT\" \/>\n<meta property=\"og:type\" content=\"article\" \/>\n<meta property=\"og:title\" content=\"Cammino di Santiago da Burgos - Guida 2022 - Pilgrim\" \/>\n<meta property=\"og:description\" content=\"Fare il Cammino di Santiago da Burgos \u00e8 una delle principali scelte fatte dal pellegrino. Scopri i motivi che spingono a realizzarlo.\" \/>\n<meta property=\"og:url\" content=\"https:\/\/www.pilgrim.es\/it\/cammino-di-santiago-da-burgos\/\" \/>\n<meta property=\"og:site_name\" content=\"Pilgrim\" \/>\n<meta property=\"article:publisher\" content=\"https:\/\/www.facebook.com\/pilgrim.es\/\" \/>\n<meta property=\"article:published_time\" content=\"2019-12-13T13:29:51+00:00\" \/>\n<meta property=\"article:modified_time\" content=\"2025-06-09T08:38:59+00:00\" \/>\n<meta property=\"og:image\" content=\"https:\/\/www.pilgrim.es\/wp-content\/uploads\/2019\/10\/camino-de-santiago-desde-burgos-1.jpg\" \/>\n\t<meta property=\"og:image:width\" content=\"1000\" \/>\n\t<meta property=\"og:image:height\" content=\"666\" \/>\n\t<meta property=\"og:image:type\" content=\"image\/jpeg\" \/>\n<meta name=\"author\" content=\"Pilgrim SEO\" \/>\n<meta name=\"twitter:card\" content=\"summary_large_image\" \/>\n<meta name=\"twitter:creator\" content=\"@pilgrim_es\" \/>\n<meta name=\"twitter:site\" content=\"@pilgrim_es\" \/>\n<meta name=\"twitter:label1\" content=\"Scritto da\" \/>\n\t<meta name=\"twitter:data1\" content=\"Pilgrim SEO\" \/>\n\t<meta name=\"twitter:label2\" content=\"Tempo di lettura stimato\" \/>\n\t<meta name=\"twitter:data2\" content=\"5 minuti\" \/>\n<script type=\"application\/ld+json\" class=\"yoast-schema-graph\">{\"@context\":\"https:\\\/\\\/schema.org\",\"@graph\":[{\"@type\":\"Article\",\"@id\":\"https:\\\/\\\/www.pilgrim.es\\\/it\\\/cammino-di-santiago-da-burgos\\\/#article\",\"isPartOf\":{\"@id\":\"https:\\\/\\\/www.pilgrim.es\\\/it\\\/cammino-di-santiago-da-burgos\\\/\"},\"author\":{\"name\":\"Pilgrim SEO\",\"@id\":\"https:\\\/\\\/www.pilgrim.es\\\/it\\\/#\\\/schema\\\/person\\\/14d46e928a02bc9b20d435748438c3e0\"},\"headline\":\"Cammino di Santiago da Burgos\",\"datePublished\":\"2019-12-13T13:29:51+00:00\",\"dateModified\":\"2025-06-09T08:38:59+00:00\",\"mainEntityOfPage\":{\"@id\":\"https:\\\/\\\/www.pilgrim.es\\\/it\\\/cammino-di-santiago-da-burgos\\\/\"},\"wordCount\":1077,\"commentCount\":0,\"publisher\":{\"@id\":\"https:\\\/\\\/www.pilgrim.es\\\/it\\\/#organization\"},\"image\":{\"@id\":\"https:\\\/\\\/www.pilgrim.es\\\/it\\\/cammino-di-santiago-da-burgos\\\/#primaryimage\"},\"thumbnailUrl\":\"https:\\\/\\\/www.pilgrim.es\\\/wp-content\\\/uploads\\\/2019\\\/10\\\/camino-de-santiago-desde-burgos-1.jpg\",\"articleSection\":[\"Rotte del Cammino\"],\"inLanguage\":\"it-IT\",\"potentialAction\":[{\"@type\":\"CommentAction\",\"name\":\"Comment\",\"target\":[\"https:\\\/\\\/www.pilgrim.es\\\/it\\\/cammino-di-santiago-da-burgos\\\/#respond\"]}]},{\"@type\":\"WebPage\",\"@id\":\"https:\\\/\\\/www.pilgrim.es\\\/it\\\/cammino-di-santiago-da-burgos\\\/\",\"url\":\"https:\\\/\\\/www.pilgrim.es\\\/it\\\/cammino-di-santiago-da-burgos\\\/\",\"name\":\"Cammino di Santiago da Burgos - Guida 2022 - Pilgrim\",\"isPartOf\":{\"@id\":\"https:\\\/\\\/www.pilgrim.es\\\/it\\\/#website\"},\"primaryImageOfPage\":{\"@id\":\"https:\\\/\\\/www.pilgrim.es\\\/it\\\/cammino-di-santiago-da-burgos\\\/#primaryimage\"},\"image\":{\"@id\":\"https:\\\/\\\/www.pilgrim.es\\\/it\\\/cammino-di-santiago-da-burgos\\\/#primaryimage\"},\"thumbnailUrl\":\"https:\\\/\\\/www.pilgrim.es\\\/wp-content\\\/uploads\\\/2019\\\/10\\\/camino-de-santiago-desde-burgos-1.jpg\",\"datePublished\":\"2019-12-13T13:29:51+00:00\",\"dateModified\":\"2025-06-09T08:38:59+00:00\",\"description\":\"Fare il Cammino di Santiago da Burgos \u00e8 una delle principali scelte fatte dal pellegrino. Scopri i motivi che spingono a realizzarlo.\",\"breadcrumb\":{\"@id\":\"https:\\\/\\\/www.pilgrim.es\\\/it\\\/cammino-di-santiago-da-burgos\\\/#breadcrumb\"},\"inLanguage\":\"it-IT\",\"potentialAction\":[{\"@type\":\"ReadAction\",\"target\":[\"https:\\\/\\\/www.pilgrim.es\\\/it\\\/cammino-di-santiago-da-burgos\\\/\"]}]},{\"@type\":\"ImageObject\",\"inLanguage\":\"it-IT\",\"@id\":\"https:\\\/\\\/www.pilgrim.es\\\/it\\\/cammino-di-santiago-da-burgos\\\/#primaryimage\",\"url\":\"https:\\\/\\\/www.pilgrim.es\\\/wp-content\\\/uploads\\\/2019\\\/10\\\/camino-de-santiago-desde-burgos-1.jpg\",\"contentUrl\":\"https:\\\/\\\/www.pilgrim.es\\\/wp-content\\\/uploads\\\/2019\\\/10\\\/camino-de-santiago-desde-burgos-1.jpg\",\"width\":1000,\"height\":666},{\"@type\":\"BreadcrumbList\",\"@id\":\"https:\\\/\\\/www.pilgrim.es\\\/it\\\/cammino-di-santiago-da-burgos\\\/#breadcrumb\",\"itemListElement\":[{\"@type\":\"ListItem\",\"position\":1,\"name\":\"Camino de Santiago\",\"item\":\"https:\\\/\\\/www.pilgrim.es\\\/it\\\/\"},{\"@type\":\"ListItem\",\"position\":2,\"name\":\"Cammino di Santiago da Burgos\"}]},{\"@type\":\"WebSite\",\"@id\":\"https:\\\/\\\/www.pilgrim.es\\\/it\\\/#website\",\"url\":\"https:\\\/\\\/www.pilgrim.es\\\/it\\\/\",\"name\":\"Pilgrim\",\"description\":\"Camino de Santiago | Caminamos Contigo\",\"publisher\":{\"@id\":\"https:\\\/\\\/www.pilgrim.es\\\/it\\\/#organization\"},\"potentialAction\":[{\"@type\":\"SearchAction\",\"target\":{\"@type\":\"EntryPoint\",\"urlTemplate\":\"https:\\\/\\\/www.pilgrim.es\\\/it\\\/?s={search_term_string}\"},\"query-input\":{\"@type\":\"PropertyValueSpecification\",\"valueRequired\":true,\"valueName\":\"search_term_string\"}}],\"inLanguage\":\"it-IT\"},{\"@type\":\"Organization\",\"@id\":\"https:\\\/\\\/www.pilgrim.es\\\/it\\\/#organization\",\"name\":\"Pilgrim Camino de Santiago\",\"url\":\"https:\\\/\\\/www.pilgrim.es\\\/it\\\/\",\"logo\":{\"@type\":\"ImageObject\",\"inLanguage\":\"it-IT\",\"@id\":\"https:\\\/\\\/www.pilgrim.es\\\/it\\\/#\\\/schema\\\/logo\\\/image\\\/\",\"url\":\"https:\\\/\\\/www.pilgrim.es\\\/wp-content\\\/uploads\\\/2019\\\/04\\\/logo_pilgrim.png\",\"contentUrl\":\"https:\\\/\\\/www.pilgrim.es\\\/wp-content\\\/uploads\\\/2019\\\/04\\\/logo_pilgrim.png\",\"width\":512,\"height\":512,\"caption\":\"Pilgrim Camino de Santiago\"},\"image\":{\"@id\":\"https:\\\/\\\/www.pilgrim.es\\\/it\\\/#\\\/schema\\\/logo\\\/image\\\/\"},\"sameAs\":[\"https:\\\/\\\/www.facebook.com\\\/pilgrim.es\\\/\",\"https:\\\/\\\/x.com\\\/pilgrim_es\",\"https:\\\/\\\/www.instagram.com\\\/pilgrim.es\\\/\",\"https:\\\/\\\/www.linkedin.com\\\/company\\\/pilgrim-camino-de-santiago\\\/\",\"https:\\\/\\\/www.pinterest.es\\\/pilgrimcaminodesantiago\\\/\",\"https:\\\/\\\/www.youtube.com\\\/channel\\\/UCIv2ZzFLXVqthkNF32rKedw\\\/featured\"]},{\"@type\":\"Person\",\"@id\":\"https:\\\/\\\/www.pilgrim.es\\\/it\\\/#\\\/schema\\\/person\\\/14d46e928a02bc9b20d435748438c3e0\",\"name\":\"Pilgrim SEO\",\"image\":{\"@type\":\"ImageObject\",\"inLanguage\":\"it-IT\",\"@id\":\"https:\\\/\\\/secure.gravatar.com\\\/avatar\\\/52a31ce4f1af059b5077e8c5aee5741b9dec86b4b6ee6b2a7e5aefc4ee670045?s=96&d=mm&r=g\",\"url\":\"https:\\\/\\\/secure.gravatar.com\\\/avatar\\\/52a31ce4f1af059b5077e8c5aee5741b9dec86b4b6ee6b2a7e5aefc4ee670045?s=96&d=mm&r=g\",\"contentUrl\":\"https:\\\/\\\/secure.gravatar.com\\\/avatar\\\/52a31ce4f1af059b5077e8c5aee5741b9dec86b4b6ee6b2a7e5aefc4ee670045?s=96&d=mm&r=g\",\"caption\":\"Pilgrim SEO\"}}]}<\/script>\n<!-- \/ Yoast SEO plugin. -->","yoast_head_json":{"title":"Cammino di Santiago da Burgos - Guida 2022 - Pilgrim","description":"Fare il Cammino di Santiago da Burgos \u00e8 una delle principali scelte fatte dal pellegrino. Scopri i motivi che spingono a realizzarlo.","robots":{"index":"index","follow":"follow","max-snippet":"max-snippet:-1","max-image-preview":"max-image-preview:large","max-video-preview":"max-video-preview:-1"},"canonical":"https:\/\/www.pilgrim.es\/it\/cammino-di-santiago-da-burgos\/","og_locale":"it_IT","og_type":"article","og_title":"Cammino di Santiago da Burgos - Guida 2022 - Pilgrim","og_description":"Fare il Cammino di Santiago da Burgos \u00e8 una delle principali scelte fatte dal pellegrino. Scopri i motivi che spingono a realizzarlo.","og_url":"https:\/\/www.pilgrim.es\/it\/cammino-di-santiago-da-burgos\/","og_site_name":"Pilgrim","article_publisher":"https:\/\/www.facebook.com\/pilgrim.es\/","article_published_time":"2019-12-13T13:29:51+00:00","article_modified_time":"2025-06-09T08:38:59+00:00","og_image":[{"width":1000,"height":666,"url":"https:\/\/www.pilgrim.es\/wp-content\/uploads\/2019\/10\/camino-de-santiago-desde-burgos-1.jpg","type":"image\/jpeg"}],"author":"Pilgrim SEO","twitter_card":"summary_large_image","twitter_creator":"@pilgrim_es","twitter_site":"@pilgrim_es","twitter_misc":{"Scritto da":"Pilgrim SEO","Tempo di lettura stimato":"5 minuti"},"schema":{"@context":"https:\/\/schema.org","@graph":[{"@type":"Article","@id":"https:\/\/www.pilgrim.es\/it\/cammino-di-santiago-da-burgos\/#article","isPartOf":{"@id":"https:\/\/www.pilgrim.es\/it\/cammino-di-santiago-da-burgos\/"},"author":{"name":"Pilgrim SEO","@id":"https:\/\/www.pilgrim.es\/it\/#\/schema\/person\/14d46e928a02bc9b20d435748438c3e0"},"headline":"Cammino di Santiago da Burgos","datePublished":"2019-12-13T13:29:51+00:00","dateModified":"2025-06-09T08:38:59+00:00","mainEntityOfPage":{"@id":"https:\/\/www.pilgrim.es\/it\/cammino-di-santiago-da-burgos\/"},"wordCount":1077,"commentCount":0,"publisher":{"@id":"https:\/\/www.pilgrim.es\/it\/#organization"},"image":{"@id":"https:\/\/www.pilgrim.es\/it\/cammino-di-santiago-da-burgos\/#primaryimage"},"thumbnailUrl":"https:\/\/www.pilgrim.es\/wp-content\/uploads\/2019\/10\/camino-de-santiago-desde-burgos-1.jpg","articleSection":["Rotte del Cammino"],"inLanguage":"it-IT","potentialAction":[{"@type":"CommentAction","name":"Comment","target":["https:\/\/www.pilgrim.es\/it\/cammino-di-santiago-da-burgos\/#respond"]}]},{"@type":"WebPage","@id":"https:\/\/www.pilgrim.es\/it\/cammino-di-santiago-da-burgos\/","url":"https:\/\/www.pilgrim.es\/it\/cammino-di-santiago-da-burgos\/","name":"Cammino di Santiago da Burgos - Guida 2022 - Pilgrim","isPartOf":{"@id":"https:\/\/www.pilgrim.es\/it\/#website"},"primaryImageOfPage":{"@id":"https:\/\/www.pilgrim.es\/it\/cammino-di-santiago-da-burgos\/#primaryimage"},"image":{"@id":"https:\/\/www.pilgrim.es\/it\/cammino-di-santiago-da-burgos\/#primaryimage"},"thumbnailUrl":"https:\/\/www.pilgrim.es\/wp-content\/uploads\/2019\/10\/camino-de-santiago-desde-burgos-1.jpg","datePublished":"2019-12-13T13:29:51+00:00","dateModified":"2025-06-09T08:38:59+00:00","description":"Fare il Cammino di Santiago da Burgos \u00e8 una delle principali scelte fatte dal pellegrino. Scopri i motivi che spingono a realizzarlo.","breadcrumb":{"@id":"https:\/\/www.pilgrim.es\/it\/cammino-di-santiago-da-burgos\/#breadcrumb"},"inLanguage":"it-IT","potentialAction":[{"@type":"ReadAction","target":["https:\/\/www.pilgrim.es\/it\/cammino-di-santiago-da-burgos\/"]}]},{"@type":"ImageObject","inLanguage":"it-IT","@id":"https:\/\/www.pilgrim.es\/it\/cammino-di-santiago-da-burgos\/#primaryimage","url":"https:\/\/www.pilgrim.es\/wp-content\/uploads\/2019\/10\/camino-de-santiago-desde-burgos-1.jpg","contentUrl":"https:\/\/www.pilgrim.es\/wp-content\/uploads\/2019\/10\/camino-de-santiago-desde-burgos-1.jpg","width":1000,"height":666},{"@type":"BreadcrumbList","@id":"https:\/\/www.pilgrim.es\/it\/cammino-di-santiago-da-burgos\/#breadcrumb","itemListElement":[{"@type":"ListItem","position":1,"name":"Camino de Santiago","item":"https:\/\/www.pilgrim.es\/it\/"},{"@type":"ListItem","position":2,"name":"Cammino di Santiago da Burgos"}]},{"@type":"WebSite","@id":"https:\/\/www.pilgrim.es\/it\/#website","url":"https:\/\/www.pilgrim.es\/it\/","name":"Pilgrim","description":"Camino de Santiago | Caminamos Contigo","publisher":{"@id":"https:\/\/www.pilgrim.es\/it\/#organization"},"potentialAction":[{"@type":"SearchAction","target":{"@type":"EntryPoint","urlTemplate":"https:\/\/www.pilgrim.es\/it\/?s={search_term_string}"},"query-input":{"@type":"PropertyValueSpecification","valueRequired":true,"valueName":"search_term_string"}}],"inLanguage":"it-IT"},{"@type":"Organization","@id":"https:\/\/www.pilgrim.es\/it\/#organization","name":"Pilgrim Camino de Santiago","url":"https:\/\/www.pilgrim.es\/it\/","logo":{"@type":"ImageObject","inLanguage":"it-IT","@id":"https:\/\/www.pilgrim.es\/it\/#\/schema\/logo\/image\/","url":"https:\/\/www.pilgrim.es\/wp-content\/uploads\/2019\/04\/logo_pilgrim.png","contentUrl":"https:\/\/www.pilgrim.es\/wp-content\/uploads\/2019\/04\/logo_pilgrim.png","width":512,"height":512,"caption":"Pilgrim Camino de Santiago"},"image":{"@id":"https:\/\/www.pilgrim.es\/it\/#\/schema\/logo\/image\/"},"sameAs":["https:\/\/www.facebook.com\/pilgrim.es\/","https:\/\/x.com\/pilgrim_es","https:\/\/www.instagram.com\/pilgrim.es\/","https:\/\/www.linkedin.com\/company\/pilgrim-camino-de-santiago\/","https:\/\/www.pinterest.es\/pilgrimcaminodesantiago\/","https:\/\/www.youtube.com\/channel\/UCIv2ZzFLXVqthkNF32rKedw\/featured"]},{"@type":"Person","@id":"https:\/\/www.pilgrim.es\/it\/#\/schema\/person\/14d46e928a02bc9b20d435748438c3e0","name":"Pilgrim SEO","image":{"@type":"ImageObject","inLanguage":"it-IT","@id":"https:\/\/secure.gravatar.com\/avatar\/52a31ce4f1af059b5077e8c5aee5741b9dec86b4b6ee6b2a7e5aefc4ee670045?s=96&d=mm&r=g","url":"https:\/\/secure.gravatar.com\/avatar\/52a31ce4f1af059b5077e8c5aee5741b9dec86b4b6ee6b2a7e5aefc4ee670045?s=96&d=mm&r=g","contentUrl":"https:\/\/secure.gravatar.com\/avatar\/52a31ce4f1af059b5077e8c5aee5741b9dec86b4b6ee6b2a7e5aefc4ee670045?s=96&d=mm&r=g","caption":"Pilgrim SEO"}}]}},"_links":{"self":[{"href":"https:\/\/www.pilgrim.es\/it\/wp-json\/wp\/v2\/posts\/49686","targetHints":{"allow":["GET"]}}],"collection":[{"href":"https:\/\/www.pilgrim.es\/it\/wp-json\/wp\/v2\/posts"}],"about":[{"href":"https:\/\/www.pilgrim.es\/it\/wp-json\/wp\/v2\/types\/post"}],"author":[{"embeddable":true,"href":"https:\/\/www.pilgrim.es\/it\/wp-json\/wp\/v2\/users\/4"}],"replies":[{"embeddable":true,"href":"https:\/\/www.pilgrim.es\/it\/wp-json\/wp\/v2\/comments?post=49686"}],"version-history":[{"count":5,"href":"https:\/\/www.pilgrim.es\/it\/wp-json\/wp\/v2\/posts\/49686\/revisions"}],"predecessor-version":[{"id":127749,"href":"https:\/\/www.pilgrim.es\/it\/wp-json\/wp\/v2\/posts\/49686\/revisions\/127749"}],"wp:featuredmedia":[{"embeddable":true,"href":"https:\/\/www.pilgrim.es\/it\/wp-json\/wp\/v2\/media\/124023"}],"wp:attachment":[{"href":"https:\/\/www.pilgrim.es\/it\/wp-json\/wp\/v2\/media?parent=49686"}],"wp:term":[{"taxonomy":"category","embeddable":true,"href":"https:\/\/www.pilgrim.es\/it\/wp-json\/wp\/v2\/categories?post=49686"},{"taxonomy":"post_tag","embeddable":true,"href":"https:\/\/www.pilgrim.es\/it\/wp-json\/wp\/v2\/tags?post=49686"}],"curies":[{"name":"wp","href":"https:\/\/api.w.org\/{rel}","templated":true}]}}