{"id":49684,"date":"2019-12-13T12:25:47","date_gmt":"2019-12-13T12:25:47","guid":{"rendered":"https:\/\/prod.pilgrim.es\/cammino-mozarabe\/"},"modified":"2025-06-09T08:40:24","modified_gmt":"2025-06-09T08:40:24","slug":"cammino-mozarabe","status":"publish","type":"post","link":"https:\/\/www.pilgrim.es\/it\/cammino-mozarabe\/","title":{"rendered":"Cammino Moz\u00e1rabe"},"content":{"rendered":"\n<div class=\"entry-content__introduction\">\n  \n\n  <p>\n    Come saprete, ci sono un sacco di percorsi secondari che collegano il<a\n      href=\"https:\/\/www.pilgrim.es\/it\/cammini\/\"\n      >Cammino de Santiago<\/a\n    >\n    con tutta la Spagna, fino a sviluppare una rete di Cammini che coprono tutto\n    il territorio peninsulare. In questa occasione,ti parleremo di una delle\n    rotte pi\u00fa importanti del sud, <strong>il Cammino Moz\u00e1rabe<\/strong> .\n  <\/p>\n  <h5>\n    Inoltre ti potrebbe interessare:\n    <a href=\"https:\/\/www.pilgrim.es\/it\/cammino-di-santiago-da-madrid\/\">Il Cammino di Madrid<\/a>\n  <\/h5>\n<\/div>\n<hr class=\"single-bar\" \/>\n<ul class=\"index float-none float-sm-left mb-3\">\n  <span>Indice<\/span>\n  <li><a href=\"#map\">Mappa<\/a><\/li>\n  <li><a href=\"#tips\">Caratteristiche<\/a><\/li>\n  <li><a href=\"#signals\">Segnaletica<\/a><\/li>\n  <li><a href=\"#pois\">Che cosa vedere<\/a><\/li>\n  <li><a href=\"#eat\">Gastronom\u00eda<\/a><\/li>\n  <li>\n    <a href=\"#stages\">Tappe<\/a>\n    <ul>\n      <li><a href=\"#jaen\">Da Ja\u00e9n<\/a><\/li>\n      <li><a href=\"#malaga\">Da M\u00e1laga<\/a><\/li>\n      <li><a href=\"#almeria\">Da Almer\u00eda<\/a><\/li>\n      <li><a href=\"#baena\">Tappe comuni da Baena<\/a><\/li>\n    <\/ul>\n    <hr class=\"single-bar\" \/>\n    <div class=\"section-post\" id=\"story\">\n      <h2 class=\"mt-5 mb-3\">Informazioni e Storia<\/h2>\n      <p>\n        Il Cammino di Santiago Moz\u00e1rabe \u00e9 uno dei Cammini di Santiago che\n        collega il sud della Spagna con una delle principali rotte,la\n        <a href=\"https:\/\/www.pilgrim.es\/it\/via-plata\/\">Via della Plata<\/a> Questo percorso \u00e8 composta\n        da<strong\n          > una serie di strade che hanno assunto un&#8217;importanza reale nel\n          Medioevo,<\/strong\n        >\n        soprattutto durante l&#8217;occupazione dei musulmani sul territorio spagnolo.\n        La loro importanza \u00e8 stata accresciuta in quanto rotte necessarie per la\n        comunicazione tra i porti pi\u00f9 importanti di Al-\u00c1ndalus e le principali\n        citt\u00e0 del l&#8217;entroterra.\n      <\/p>\n      <h3 class=\"mt-5 mb-3\">Perch\u00e9 si chiama Moz\u00e1rabe<\/h3>\n      <p>\n        Come abbiamo detto, i territori erano occupati dal popolo musulmano.\n        Tuttavia, dopo la scoperta del sepolcro di\n        <a href=\"https:\/\/www.pilgrim.es\/it\/pianificare\/giacomo-apostolo\/\">Santiago l&#8217;Apostolo<\/a>, i cristiani che\n        risiedevano in questa zona decisero di preservare la loro fede e di\n        iniziare il pellegrinaggio fino alla Cattedrale.<strong\n          > Questi cristiani erano chiamati mozarabici<\/strong\n        >, da qui il nome del Cammino Moz\u00e1rabico.\n      <\/p>\n      <h3 class=\"mt-5 mb-3\">Evoluzione e Attualit\u00e1<\/h3>\n      <p>\n        Dopo la Riconquista del territorio spagnolo, queste rotte hanno\n        continuato ad essere importanti, ma non allo stesso livello dei tempi\n        del passato. \u00c8 stato, solo relativamente poco tempo, e dopo anni di\n        lavoro\n        <a href=\"https:\/\/www.pilgrim.es\/planificar\/asociaciones-de-amigos-del-camino-de-santiago\/\"\n          >Associazione degli Amici del Cammino di Santiago<\/a\n        >\n        in collaborazione con altri istituti, torneremo a mettere in valore\n        queste rotte giacobee dimenticate e hanno cercato di concedergli il\n        coraggio perduto per ricominciare i pellegrinaggi verso la Cattedrale.\n      <\/p>\n      <p>\n        Oggi la sua crescita \u00e8 notevole e, all&#8217;interno delle rotte secondarie, \u00e8\n        una delle pi\u00f9 importanti.\n      <\/p>\n    <\/div>\n    <div class=\"section-post\" id=\"stages\">\n      <h2 class=\"mt-5 mb-3\">Tappe del Cammino Moz\u00e1rabe<\/h2>\n      <p>\n        Il Cammino Moz\u00e1rabe si pu\u00f3 iniziare da\n        <strong> 3 vie differenti: Ja\u00e9n,M\u00e1laga e Almer\u00eda.<\/strong> \u00c8 per questo\n        che cominceremo separando le tappe di ciascuna di queste vie fino a\n        menzionare quelle comuni, poich\u00e9 queste tre vie\n        <strong>si uniscono<\/strong>, successivamente, nella localit\u00e0 di Baena.\n      <\/p>\n      <p>\n        Da Baena a M\u00e9rida, dove si unisce alla Rotta della Plata, sar\u00e0 un\n        percorso unico.\n      <\/p>\n      <h3 class=\"mt-5 mb-3\" id=\"jaen\">\n        Tappe Cammino Moz\u00e1rabe da Ja\u00e9n fino Baena\n      <\/h3>\n      <div class=\"table-responsive p-my-10\">\n        <table class=\"table\">\n          <thead>\n            <tr>\n              <th scope=\"col\">Tappa<\/th>\n              <th scope=\"col\">Partenza<\/th>\n              <th scope=\"col\">Fine<\/th>\n              <th scope=\"col\">Durata<\/th>\n            <\/tr>\n          <\/thead>\n          <tbody>\n            <tr>\n              <th scope=\"row\">Tappa 1<\/th>\n              <td>Ja\u00e9n<\/td>\n              <td>Martos<\/td>\n              <td>21 km<\/td>\n            <\/tr>\n            <tr>\n              <th scope=\"row\">Tappa 2<\/th>\n              <td>Martos<\/td>\n              <td>Alcaudete<\/td>\n              <td>23 km<\/td>\n            <\/tr>\n            <tr>\n              <th scope=\"row\">Tappa 3<\/th>\n              <td>Alcaudete<\/td>\n              <td>Baena<\/td>\n              <td>25 km<\/td>\n            <\/tr>\n          <\/tbody>\n        <\/table>\n      <\/div>\n      <h3 class=\"mt-5 mb-3\" id=\"almeria\">\n        Tappe Cammino Moz\u00e1rabe da Almer\u00eda a Baena\n      <\/h3>\n      <div class=\"table-responsive p-my-10\">\n        <table class=\"table\">\n          <thead>\n            <tr>\n              <th scope=\"col\">Tappa<\/th>\n              <th scope=\"col\">Partenza<\/th>\n              <th scope=\"col\">Fine<\/th>\n              <th scope=\"col\">Durata<\/th>\n            <\/tr>\n          <\/thead>\n          <tbody>\n            <tr>\n              <th scope=\"row\">Tappa 1<\/th>\n              <td>Almer\u00eda<\/td>\n              <td>Santa F\u00e9 de Mondujar<\/td>\n              <td>25 km<\/td>\n            <\/tr>\n            <tr>\n              <th scope=\"row\">Tappa 2<\/th>\n              <td>Santa F\u00e9 de Mondujar<\/td>\n              <td>Alboloduy<\/td>\n              <td>15 km<\/td>\n            <\/tr>\n            <tr>\n              <th scope=\"row\">Tappa 3<\/th>\n              <td>Alboloduy<\/td>\n              <td>Abla<\/td>\n              <td>27 km<\/td>\n            <\/tr>\n            <tr>\n              <th scope=\"row\">Tappa 4<\/th>\n              <td>Abla<\/td>\n              <td>Hu\u00e9neja<\/td>\n              <td>26 km<\/td>\n            <\/tr>\n            <tr>\n              <th scope=\"row\">Tappa 5<\/th>\n              <td>Hu\u00e9neja<\/td>\n              <td>Alquife<\/td>\n              <td>21 km<\/td>\n            <\/tr>\n            <tr>\n              <th scope=\"row\">Tappa 6<\/th>\n              <td>Alquife<\/td>\n              <td>Guadix<\/td>\n              <td>22 km<\/td>\n            <\/tr>\n            <tr>\n              <th scope=\"row\">Tappa 7<\/th>\n              <td>Guadix<\/td>\n              <td>La Peza<\/td>\n              <td>20 km<\/td>\n            <\/tr>\n            <tr>\n              <th scope=\"row\">Tappa 8<\/th>\n              <td>La Peza<\/td>\n              <td>Qu\u00e9ntar<\/td>\n              <td>23 km<\/td>\n            <\/tr>\n            <tr>\n              <th scope=\"row\">Tappa 9<\/th>\n              <td>Qu\u00e9ntar<\/td>\n              <td>Granada<\/td>\n              <td>20 km<\/td>\n            <\/tr>\n            <tr>\n              <th scope=\"row\">Tappa 10<\/th>\n              <td>Granada<\/td>\n              <td>Pinos Puente<\/td>\n              <td>19 km<\/td>\n            <\/tr>\n            <tr>\n              <th scope=\"row\">Tappa 11<\/th>\n              <td>Pinos Puente<\/td>\n              <td>Mocl\u00edn<\/td>\n              <td>16 km<\/td>\n            <\/tr>\n            <tr>\n              <th scope=\"row\">Tappa 12<\/th>\n              <td>Mocl\u00edn<\/td>\n              <td>Alcal\u00e1 la Real<\/td>\n              <td>22 km<\/td>\n            <\/tr>\n            <tr>\n              <th scope=\"row\">Tappa 13<\/th>\n              <td>Alcal\u00e1 la Real<\/td>\n              <td>Alcaudete<\/td>\n              <td>24 km<\/td>\n            <\/tr>\n            <tr>\n              <th scope=\"row\">Tappa 14<\/th>\n              <td>Alcaudete<\/td>\n              <td>Baena<\/td>\n              <td>25 km<\/td>\n            <\/tr>\n          <\/tbody>\n        <\/table>\n      <\/div>\n      <h3 class=\"mt-5 mb-3\" id=\"malaga\">\n        Tappe Cammino Moz\u00e1rabe da M\u00e1laga a Baena\n      <\/h3>\n      <div class=\"table-responsive p-my-10\">\n        <table class=\"table\">\n          <thead>\n            <tr>\n              <th scope=\"col\">Tappa<\/th>\n              <th scope=\"col\">Partenza<\/th>\n              <th scope=\"col\">Fine<\/th>\n              <th scope=\"col\">Durata<\/th>\n            <\/tr>\n          <\/thead>\n          <tbody>\n            <tr>\n              <th scope=\"row\">Tappa 1<\/th>\n              <td>M\u00e1laga<\/td>\n              <td>Junta de los Caminos<\/td>\n              <td>11 km<\/td>\n            <\/tr>\n            <tr>\n              <th scope=\"row\">Tappa 2<\/th>\n              <td>Junta de los Caminos<\/td>\n              <td>Almog\u00eda<\/td>\n              <td>12 km<\/td>\n            <\/tr>\n            <tr>\n              <th scope=\"row\">Tappa 3<\/th>\n              <td>Almog\u00eda<\/td>\n              <td>Villanueva de la Concepci\u00f3n<\/td>\n              <td>18 km<\/td>\n            <\/tr>\n            <tr>\n              <th scope=\"row\">Tappa 4<\/th>\n              <td>Villanueva de la Concepci\u00f3n<\/td>\n              <td>Antequera<\/td>\n              <td>16 km<\/td>\n            <\/tr>\n            <tr>\n              <th scope=\"row\">Tappa 5<\/th>\n              <td>Antequera<\/td>\n              <td>Cartaojal<\/td>\n              <td>11 km<\/td>\n            <\/tr>\n            <tr>\n              <th scope=\"row\">Tappa 6<\/th>\n              <td>Cartaojal<\/td>\n              <td>Villanueva de Algaidas<\/td>\n              <td>13 km<\/td>\n            <\/tr>\n            <tr>\n              <th scope=\"row\">Tappa 7<\/th>\n              <td>Villanueva de Algaidas<\/td>\n              <td>Cuevas Bajas<\/td>\n              <td>10 km<\/td>\n            <\/tr>\n            <tr>\n              <th scope=\"row\">Tappa 8<\/th>\n              <td>Cuevas Bajas<\/td>\n              <td>Encinas Reales<\/td>\n              <td>6 km<\/td>\n            <\/tr>\n            <tr>\n              <th scope=\"row\">Tappa 9<\/th>\n              <td>Encinas Reales<\/td>\n              <td>Lucena<\/td>\n              <td>20 km<\/td>\n            <\/tr>\n            <tr>\n              <th scope=\"row\">Tappa 10<\/th>\n              <td>Lucena<\/td>\n              <td>Cabra<\/td>\n              <td>13 km<\/td>\n            <\/tr>\n            <tr>\n              <th scope=\"row\">Tappa 11<\/th>\n              <td>Cabra<\/td>\n              <td>Do\u00f1a Menc\u00eda<\/td>\n              <td>12 km<\/td>\n            <\/tr>\n            <tr>\n              <th scope=\"row\">Tappa 12<\/th>\n              <td>Do\u00f1a Menc\u00eda<\/td>\n              <td>Baena<\/td>\n              <td>9 km<\/td>\n            <\/tr>\n          <\/tbody>\n        <\/table>\n      <\/div>\n      <h3 class=\"mt-5 mb-3\" id=\"baena\">Tappe Cammino Moz\u00e1rabe da Baena<\/h3>\n      <div class=\"table-responsive p-my-10\">\n        <table class=\"table\">\n          <thead>\n            <tr>\n              <th scope=\"col\">Tappa<\/th>\n              <th scope=\"col\">Partenza<\/th>\n              <th scope=\"col\">Fine<\/th>\n              <th scope=\"col\">Durata<\/th>\n            <\/tr>\n          <\/thead>\n          <tbody>\n            <tr>\n              <th scope=\"row\">Tappa 1<\/th>\n              <td>Baena<\/td>\n              <td>Castro Del R\u00edo<\/td>\n              <td>25 km<\/td>\n            <\/tr>\n            <tr>\n              <th scope=\"row\">Tappa 2<\/th>\n              <td>Castro Del R\u00edo<\/td>\n              <td>C\u00f3rdoba<\/td>\n              <td>15 km<\/td>\n            <\/tr>\n            <tr>\n              <th scope=\"row\">Tappa 3<\/th>\n              <td>C\u00f3rdoba<\/td>\n              <td>Cerro Muriano<\/td>\n              <td>27 km<\/td>\n            <\/tr>\n            <tr>\n              <th scope=\"row\">Tappa 4<\/th>\n              <td>Cerro Muriano<\/td>\n              <td>Villaharta<\/td>\n              <td>26 km<\/td>\n            <\/tr>\n            <tr>\n              <th scope=\"row\">Tappa 5<\/th>\n              <td>Villaharta<\/td>\n              <td>Alcaracejos<\/td>\n              <td>21 km<\/td>\n            <\/tr>\n            <tr>\n              <th scope=\"row\">Tappa 6<\/th>\n              <td>Alcaracejos<\/td>\n              <td>Hinojosa Del Duque<\/td>\n              <td>22 km<\/td>\n            <\/tr>\n            <tr>\n              <th scope=\"row\">Tappa 7<\/th>\n              <td>Hinojosa Del Duque<\/td>\n              <td>Monterrubio de La Serena<\/td>\n              <td>20 km<\/td>\n            <\/tr>\n            <tr>\n              <th scope=\"row\">Tappa 8<\/th>\n              <td>Monterrubio de La Serena<\/td>\n              <td>Campanario<\/td>\n              <td>23 km<\/td>\n            <\/tr>\n            <tr>\n              <th scope=\"row\">Tappa 9<\/th>\n              <td>Campanario<\/td>\n              <td>Medell\u00edn<\/td>\n              <td>20 km<\/td>\n            <\/tr>\n            <tr>\n              <th scope=\"row\">Tappa 10<\/th>\n              <td>Medell\u00edn<\/td>\n              <td>San Pedro de M\u00e9rida<\/td>\n              <td>19 km<\/td>\n            <\/tr>\n            <tr>\n              <th scope=\"row\">Tappa 11<\/th>\n              <td>San Pedro de M\u00e9rida<\/td>\n              <td>M\u00e9rida<\/td>\n              <td>16 km<\/td>\n            <\/tr>\n          <\/tbody>\n        <\/table>\n      <\/div>\n      <p>\n        Una volta a M\u00e9rida, il Cammino Mozarabico si unisce alla\n        <a href=\"https:\/\/www.pilgrim.es\/it\/via-plata\/\">Via della Plata<\/a> nella\n        <a href=\"https:\/\/www.pilgrim.es\/it\/via-plata\/tappa-10-merida-alcuescar\/\">tappa numero 10<\/a>del suo percorso. Se decidi\n        proseguire,ti <strong>restano 28 tappe. 750 km<\/strong> per arrivare\n        alla fine del Cammino,Santiago di Compostela\n      <\/p>\n    <\/div>\n    <div class=\"section-post\" id=\"map\">\n      <h2 class=\"mt-5 mb-3\">Mappa del Cammino Moz\u00e1rabe<\/h2>\n      <img decoding=\"async\"\n        alt=\"Mappa Cammino Moz\u00e1rabe\"\n        class=\"img-fluid d-block mx-auto my-4\"\n        src=\"\/wp-content\/uploads\/2019\/10\/mapa-camino-mozarabe.jpg\"\n      \/>\n    <\/div>\n    <div class=\"section-post\" id=\"tips\">\n      <h2 class=\"mt-5 mb-3\">Caratteristiche del Cammino<\/h2>\n      <p>\n        Come avrete apprezzato nelle tappe,<strong\n          > la loro durata non soddisfa la media del numero di chilometri<\/strong\n        > che di solito \u00e8 comune nelle altre rotte giacobee, 25 km\/tappa. In\n        particolare, va sottolineato il percorso da Malaga che conta con pi\u00f9\n        tappe al di sotto dei 15 km. Nel caso tu sia un pellegrino esperto, ti\n        consigliamo di effettuare due tappe al giorno per accorciare i giorni e\n        poter coprire una maggiore lunghezza del tracciato.\n      <\/p>\n      <p>\n        Per quanto riguarda il suo profilo, non rappresenta una difficolt\u00e0\n        eccessiva, morbide colline e piste di terra, al suo arrivo a Granada,\n        quindi il tracciato non dovrebbe essere una delle tue preoccupazioni. Si\n        deve avere una considerazione importante e cio\u00e8 che, quando si realizza\n        in Andalusia,<strong\n          > l&#8217;estate lo fa diventare una dura esperienza e addirittura\n          pericolosa.<\/strong\n        >\n        Camminare con le temperature caratteristiche di questa epoca non \u00e8\n        affatto raccomandato.\n      <\/p>\n      <p>\n        Se decidi di fare questo percorso, che sia in altre epoche, inverno o\n        primi mesi di primavera e autunno. In caso di esecuzione nei mesi\n        prossimi all&#8217;estate,\n        <strong> dovrai essere preparato con cuffia o cappello,<\/strong> per\n        evitare raggi di sole, <strong>e con una buona borraccia<\/strong> da\n        riempire ogni volta che potrai, mantenere una buona idratazione sembra\n        vitale in questo tracciato.\n      <\/p>\n      <p>\n        I <strong>paesaggi che troverai<\/strong> saranno, per la maggior parte,\n        campi di ulivi, grandi vedute per i quali non hanno mai potuto\n        apprezzarli ma ripetitivo nel caso li conosciate gi\u00e0, Perch\u00e9 sono\n        diversi i chilometri in cui puoi vedere solo questi piani. A partire da\n        Granada, come abbiamo gi\u00e0 detto, il paesaggio si modifica e si\n        caratterizza come pista di terra.\n      <\/p>\n      <h3 class=\"mt-5 mb-3\">Fare il Cammino Moz\u00e1rabe in bicicletta<\/h3>\n      <p>\n        Non sar\u00e0 difficile realizzarlo in bicicletta, il suo percorso \u00e8 facile\n        da realizzare. Devi solo pianificare in anticipo il tuo itinerario per\n        far coincidere le tappe nei loro finali corretti. Per questo potrai\n        stimare il numero di chilometri che fai al giorno e poi trasferirlo\n        nelle tappe di cui ti abbiamo parlato prima e applicare il numero di\n        chilometri.\n      <\/p>\n    <\/div>\n    <div class=\"section-post\" id=\"signals\">\n      <h2 class=\"mt-5 mb-3\">Segnaletica<\/h2>\n      <p>\n        Grazie agli sforzi delle associazioni e dei partner,\n        <strong> questo tracciato presenta una segnaletica corretta<\/strong>, ma\n        pu\u00f2 ancora migliorare rispetto alle rotte principali. \u00c8 per questo che\n        prima di decidere di realizzare questo percorso, \u00e8 bene assicurarsi dell\n        itinerario dopo partenza, per avere chiaro il Cammino da seguire.\n      <\/p>\n    <\/div>\n    <div class=\"section-post\" id=\"pois\">\n      <h2 class=\"mt-5 mb-3\">Cosa vedere durante il Cammino Moz\u00e1rabe<\/h2>\n      <p>\n        I villaggi che percorrono questa strada secondaria non sono di una\n        grande popolazione, tutti hanno il loro fascino, ma vi consigliamo, nel\n        caso vogliate visitare con calma qualche localit\u00e0 all&#8217;interno del vostro\n        itinerario fino al punto di spendere un giorno in pi\u00f9, dedichi pi\u00f9 tempo\n        nelle capitali provinciali: Almeria, Malaga, Ja\u00e9n, C\u00f3rdoba, Granada e\n        M\u00e9rida.\n      <\/p>\n      <h3 class=\"mt-5 mb-3\">La Alhambra (Granada)<\/h3>\n      <p>\n        \u00c8 senza dubbio il pi\u00f9 importante patrimonio storico e culturale che\n        potrete trovare su questa rotta, in realt\u00e0 non solo su questa rotta, in\n        tutto il territorio spagnolo, poich\u00e9 \u00e8 il secondo monumento pi\u00f9 visitato\n        della Spagna, solo dietro la Sagrada Familia (Barcellona).\n      <\/p>\n      <img decoding=\"async\"\n        alt=\"La Alhambra de Granada - Cammino Moz\u00e1rabe\"\n        class=\"img-fluid d-block mx-auto my-4\"\n        src=\"\/wp-content\/uploads\/2019\/10\/alhambra-granada.jpg\"\n      \/>\n      <p>\n        Si tratta di un insieme di palazzi, giardini e una fortezza che ospitava\n        una cittadella all&#8217;interno della stessa Granada ai tempi di Al-Andalus.\n      <\/p>\n      <h3 class=\"mt-5 mb-3\">Mezquita-cattedrale di C\u00f3rdoba<\/h3>\n      <p>\n        \u00c8 il monumento pi\u00f9 importante di Cordova ed \u00e8 stato creato come moschea\n        al tempo dell&#8217;Emirato di Cordova. Successivamente, dopo la Riconquista\n        del territorio spagnolo, gli fu conferita la qualit\u00e0 di cattedrale\n        cristiana. Merita sicuramente un po&#8217; di tempo per apprezzarne la\n        bellezza e il significato che implica nella storia della citt\u00e0\n      <\/p>\n      <h3 class=\"mt-5 mb-3\">Teatro romano di M\u00e9rida<\/h3>\n      <p>\n        Mentre abbandoni l&#8217;Andalusia, lascerai alle spalle i monumenti\n        dell&#8217;antico territorio musulmano fino ad addentrarti nella comunit\u00e0\n        estremista dove \u00e8 ancora ben rappresentato il passaggio dell&#8217;impero\n        romano attraverso la penisola. Come buon segno di ci\u00f2, potrete\n        apprezzare il suo teatro romano, inaugurato negli anni 16-15 a.C.\n      <\/p>\n    <\/div>\n    <div class=\"section-post\" id=\"eat\">\n      <h2 class=\"mt-5 mb-3\">Gastronom\u00eda<\/h2>\n      <p>\n        Non tutto sar\u00e0 camminare, nei tuoi momenti di riposo potrai provare la\n        squisitezza culinaria del territorio andaluso. Ti abbiamo lasciato una\n        lista di cibi da non perdere lungo questa strada:\n      <\/p>\n      <ul>\n        <li>\n          <strong>Gazpacho<\/strong>: Zuppa fredda di pomodoro con qualche\n          ingrediente aggiunto come peperoni, aglio, cipolla&#8230;\n        <\/li>\n        <li>\n          <strong>Salmorejo<\/strong>:Simile al gazpacho ma con pane e pi\u00f9 denso.\n        <\/li>\n        <li>\n          <strong>Pesce fritto<\/strong>:Calamari, acciughe, chipiron o altri\n          pesci, rimbalzati e fritti.\n        <\/li>\n        <li>\n          <strong>Molliche:<\/strong>Pane duro, chorizo, aglio, olio d&#8217;oliva,\n          acqua e sale.\n        <\/li>\n        <li>\n          <strong>Tortilla di gamberetti:<\/strong>Tortilla fine e croccante\n          fatta con pasta di gamberetti.\n        <\/li>\n        <li>\n          <strong>Pipirrana:<\/strong>Un&#8217;insalata di cipolla, pomodoro, peperone\n          verde e cetriolo.\n        <\/li>\n        <li>\n          <strong>Prosciutto di Jabugo:<\/strong>Prosciutto caratteristico della\n          Sierra de Huelva\n        <\/li>\n      <\/ul>\n    <\/div>\n    <div class=\"section-post\">\n      <h2 class=\"mt-5 mb-3\">Arriva il momento di lanciarsi nell&#8217;avventura<\/h2>\n      <p>\n        Speriamo che tutte queste informazioni ti aiutino a scoprire di pi\u00f9\n        <strong> sul Cammino Mozarabico<\/strong>e a pianificarlo nel caso in cui\n        la tua intenzione sia quella di andare in pellegrinaggio. Se non hai\n        ancora deciso di farlo, o non vedi questo percorso come una possibilit\u00e0\n        per la tua prima avventura sul Cammino di Santiago, dai un&#8217;occhiata al\n        resto delle <a href=\"https:\/\/www.pilgrim.es\/it\/cammini\/\">rotte del Camino di Santiago<\/a> o\n        lasciaci il tuo contatto, cos\u00ec possiamo\n        <strong>consigliarti nel miglior modo possibile.<\/strong>\n      <\/p>\n    <\/div>\n  <\/li>\n<\/ul>\n","protected":false},"excerpt":{"rendered":"<p>Come sapete, ci sono un sacco di percorsi secondari che collegano il Cammino di Santiago con tutta la Spagna, fino a sviluppare una rete di Cammini che coprono tutto il territorio peninsulare. In questa occasione, ti parleremo di una delle rotte pi\u00fa importanti del sud, il Cammino Moz\u00e1rabe.<\/p>\n","protected":false},"author":4,"featured_media":123969,"comment_status":"open","ping_status":"closed","sticky":false,"template":"","format":"standard","meta":{"footnotes":""},"categories":[40],"tags":[],"class_list":["post-49684","post","type-post","status-publish","format-standard","has-post-thumbnail","hentry","category-rotte-del-cammino"],"yoast_head":"<!-- This site is optimized with the Yoast SEO plugin v27.4 - https:\/\/yoast.com\/product\/yoast-seo-wordpress\/ -->\n<title>Cammino Mozarabico : Tappe e mappa : Cammino di Santiago - Pilgrim<\/title>\n<meta name=\"description\" content=\"Cammino Moz\u00e1rabe. Scopri tutto \u2705quello che devi sapere di questa rotta secondaria del Cammino di Santiago: sue tappe,mappa,storia,cosa vedere e molto altro.\" \/>\n<meta name=\"robots\" content=\"index, follow, max-snippet:-1, max-image-preview:large, max-video-preview:-1\" \/>\n<link rel=\"canonical\" href=\"https:\/\/www.pilgrim.es\/it\/cammino-mozarabe\/\" \/>\n<meta property=\"og:locale\" content=\"it_IT\" \/>\n<meta property=\"og:type\" content=\"article\" \/>\n<meta property=\"og:title\" content=\"Cammino Mozarabico : Tappe e mappa : Cammino di Santiago - Pilgrim\" \/>\n<meta property=\"og:description\" content=\"Cammino Moz\u00e1rabe. Scopri tutto \u2705quello che devi sapere di questa rotta secondaria del Cammino di Santiago: sue tappe,mappa,storia,cosa vedere e molto altro.\" \/>\n<meta property=\"og:url\" content=\"https:\/\/www.pilgrim.es\/it\/cammino-mozarabe\/\" \/>\n<meta property=\"og:site_name\" content=\"Pilgrim\" \/>\n<meta property=\"article:publisher\" content=\"https:\/\/www.facebook.com\/pilgrim.es\/\" \/>\n<meta property=\"article:published_time\" content=\"2019-12-13T12:25:47+00:00\" \/>\n<meta property=\"article:modified_time\" content=\"2025-06-09T08:40:24+00:00\" \/>\n<meta property=\"og:image\" content=\"https:\/\/www.pilgrim.es\/wp-content\/uploads\/2019\/10\/camino-mozarabe-1.jpg\" \/>\n\t<meta property=\"og:image:width\" content=\"1000\" \/>\n\t<meta property=\"og:image:height\" content=\"666\" \/>\n\t<meta property=\"og:image:type\" content=\"image\/jpeg\" \/>\n<meta name=\"author\" content=\"Pilgrim SEO\" \/>\n<meta name=\"twitter:card\" content=\"summary_large_image\" \/>\n<meta name=\"twitter:creator\" content=\"@pilgrim_es\" \/>\n<meta name=\"twitter:site\" content=\"@pilgrim_es\" \/>\n<meta name=\"twitter:label1\" content=\"Scritto da\" \/>\n\t<meta name=\"twitter:data1\" content=\"Pilgrim SEO\" \/>\n\t<meta name=\"twitter:label2\" content=\"Tempo di lettura stimato\" \/>\n\t<meta name=\"twitter:data2\" content=\"7 minuti\" \/>\n<script type=\"application\/ld+json\" class=\"yoast-schema-graph\">{\"@context\":\"https:\\\/\\\/schema.org\",\"@graph\":[{\"@type\":\"Article\",\"@id\":\"https:\\\/\\\/www.pilgrim.es\\\/it\\\/cammino-mozarabe\\\/#article\",\"isPartOf\":{\"@id\":\"https:\\\/\\\/www.pilgrim.es\\\/it\\\/cammino-mozarabe\\\/\"},\"author\":{\"name\":\"Pilgrim SEO\",\"@id\":\"https:\\\/\\\/www.pilgrim.es\\\/it\\\/#\\\/schema\\\/person\\\/14d46e928a02bc9b20d435748438c3e0\"},\"headline\":\"Cammino Moz\u00e1rabe\",\"datePublished\":\"2019-12-13T12:25:47+00:00\",\"dateModified\":\"2025-06-09T08:40:24+00:00\",\"mainEntityOfPage\":{\"@id\":\"https:\\\/\\\/www.pilgrim.es\\\/it\\\/cammino-mozarabe\\\/\"},\"wordCount\":1514,\"commentCount\":0,\"publisher\":{\"@id\":\"https:\\\/\\\/www.pilgrim.es\\\/it\\\/#organization\"},\"image\":{\"@id\":\"https:\\\/\\\/www.pilgrim.es\\\/it\\\/cammino-mozarabe\\\/#primaryimage\"},\"thumbnailUrl\":\"https:\\\/\\\/www.pilgrim.es\\\/wp-content\\\/uploads\\\/2019\\\/10\\\/camino-mozarabe-1.jpg\",\"articleSection\":[\"Rotte del Cammino\"],\"inLanguage\":\"it-IT\",\"potentialAction\":[{\"@type\":\"CommentAction\",\"name\":\"Comment\",\"target\":[\"https:\\\/\\\/www.pilgrim.es\\\/it\\\/cammino-mozarabe\\\/#respond\"]}]},{\"@type\":\"WebPage\",\"@id\":\"https:\\\/\\\/www.pilgrim.es\\\/it\\\/cammino-mozarabe\\\/\",\"url\":\"https:\\\/\\\/www.pilgrim.es\\\/it\\\/cammino-mozarabe\\\/\",\"name\":\"Cammino Mozarabico : Tappe e mappa : Cammino di Santiago - Pilgrim\",\"isPartOf\":{\"@id\":\"https:\\\/\\\/www.pilgrim.es\\\/it\\\/#website\"},\"primaryImageOfPage\":{\"@id\":\"https:\\\/\\\/www.pilgrim.es\\\/it\\\/cammino-mozarabe\\\/#primaryimage\"},\"image\":{\"@id\":\"https:\\\/\\\/www.pilgrim.es\\\/it\\\/cammino-mozarabe\\\/#primaryimage\"},\"thumbnailUrl\":\"https:\\\/\\\/www.pilgrim.es\\\/wp-content\\\/uploads\\\/2019\\\/10\\\/camino-mozarabe-1.jpg\",\"datePublished\":\"2019-12-13T12:25:47+00:00\",\"dateModified\":\"2025-06-09T08:40:24+00:00\",\"description\":\"Cammino Moz\u00e1rabe. Scopri tutto \u2705quello che devi sapere di questa rotta secondaria del Cammino di Santiago: sue tappe,mappa,storia,cosa vedere e molto altro.\",\"breadcrumb\":{\"@id\":\"https:\\\/\\\/www.pilgrim.es\\\/it\\\/cammino-mozarabe\\\/#breadcrumb\"},\"inLanguage\":\"it-IT\",\"potentialAction\":[{\"@type\":\"ReadAction\",\"target\":[\"https:\\\/\\\/www.pilgrim.es\\\/it\\\/cammino-mozarabe\\\/\"]}]},{\"@type\":\"ImageObject\",\"inLanguage\":\"it-IT\",\"@id\":\"https:\\\/\\\/www.pilgrim.es\\\/it\\\/cammino-mozarabe\\\/#primaryimage\",\"url\":\"https:\\\/\\\/www.pilgrim.es\\\/wp-content\\\/uploads\\\/2019\\\/10\\\/camino-mozarabe-1.jpg\",\"contentUrl\":\"https:\\\/\\\/www.pilgrim.es\\\/wp-content\\\/uploads\\\/2019\\\/10\\\/camino-mozarabe-1.jpg\",\"width\":1000,\"height\":666},{\"@type\":\"BreadcrumbList\",\"@id\":\"https:\\\/\\\/www.pilgrim.es\\\/it\\\/cammino-mozarabe\\\/#breadcrumb\",\"itemListElement\":[{\"@type\":\"ListItem\",\"position\":1,\"name\":\"Camino de Santiago\",\"item\":\"https:\\\/\\\/www.pilgrim.es\\\/it\\\/\"},{\"@type\":\"ListItem\",\"position\":2,\"name\":\"Cammino Moz\u00e1rabe\"}]},{\"@type\":\"WebSite\",\"@id\":\"https:\\\/\\\/www.pilgrim.es\\\/it\\\/#website\",\"url\":\"https:\\\/\\\/www.pilgrim.es\\\/it\\\/\",\"name\":\"Pilgrim\",\"description\":\"Camino de Santiago | Caminamos Contigo\",\"publisher\":{\"@id\":\"https:\\\/\\\/www.pilgrim.es\\\/it\\\/#organization\"},\"potentialAction\":[{\"@type\":\"SearchAction\",\"target\":{\"@type\":\"EntryPoint\",\"urlTemplate\":\"https:\\\/\\\/www.pilgrim.es\\\/it\\\/?s={search_term_string}\"},\"query-input\":{\"@type\":\"PropertyValueSpecification\",\"valueRequired\":true,\"valueName\":\"search_term_string\"}}],\"inLanguage\":\"it-IT\"},{\"@type\":\"Organization\",\"@id\":\"https:\\\/\\\/www.pilgrim.es\\\/it\\\/#organization\",\"name\":\"Pilgrim Camino de Santiago\",\"url\":\"https:\\\/\\\/www.pilgrim.es\\\/it\\\/\",\"logo\":{\"@type\":\"ImageObject\",\"inLanguage\":\"it-IT\",\"@id\":\"https:\\\/\\\/www.pilgrim.es\\\/it\\\/#\\\/schema\\\/logo\\\/image\\\/\",\"url\":\"https:\\\/\\\/www.pilgrim.es\\\/wp-content\\\/uploads\\\/2019\\\/04\\\/logo_pilgrim.png\",\"contentUrl\":\"https:\\\/\\\/www.pilgrim.es\\\/wp-content\\\/uploads\\\/2019\\\/04\\\/logo_pilgrim.png\",\"width\":512,\"height\":512,\"caption\":\"Pilgrim Camino de Santiago\"},\"image\":{\"@id\":\"https:\\\/\\\/www.pilgrim.es\\\/it\\\/#\\\/schema\\\/logo\\\/image\\\/\"},\"sameAs\":[\"https:\\\/\\\/www.facebook.com\\\/pilgrim.es\\\/\",\"https:\\\/\\\/x.com\\\/pilgrim_es\",\"https:\\\/\\\/www.instagram.com\\\/pilgrim.es\\\/\",\"https:\\\/\\\/www.linkedin.com\\\/company\\\/pilgrim-camino-de-santiago\\\/\",\"https:\\\/\\\/www.pinterest.es\\\/pilgrimcaminodesantiago\\\/\",\"https:\\\/\\\/www.youtube.com\\\/channel\\\/UCIv2ZzFLXVqthkNF32rKedw\\\/featured\"]},{\"@type\":\"Person\",\"@id\":\"https:\\\/\\\/www.pilgrim.es\\\/it\\\/#\\\/schema\\\/person\\\/14d46e928a02bc9b20d435748438c3e0\",\"name\":\"Pilgrim SEO\",\"image\":{\"@type\":\"ImageObject\",\"inLanguage\":\"it-IT\",\"@id\":\"https:\\\/\\\/secure.gravatar.com\\\/avatar\\\/52a31ce4f1af059b5077e8c5aee5741b9dec86b4b6ee6b2a7e5aefc4ee670045?s=96&d=mm&r=g\",\"url\":\"https:\\\/\\\/secure.gravatar.com\\\/avatar\\\/52a31ce4f1af059b5077e8c5aee5741b9dec86b4b6ee6b2a7e5aefc4ee670045?s=96&d=mm&r=g\",\"contentUrl\":\"https:\\\/\\\/secure.gravatar.com\\\/avatar\\\/52a31ce4f1af059b5077e8c5aee5741b9dec86b4b6ee6b2a7e5aefc4ee670045?s=96&d=mm&r=g\",\"caption\":\"Pilgrim SEO\"}}]}<\/script>\n<!-- \/ Yoast SEO plugin. -->","yoast_head_json":{"title":"Cammino Mozarabico : Tappe e mappa : Cammino di Santiago - Pilgrim","description":"Cammino Moz\u00e1rabe. Scopri tutto \u2705quello che devi sapere di questa rotta secondaria del Cammino di Santiago: sue tappe,mappa,storia,cosa vedere e molto altro.","robots":{"index":"index","follow":"follow","max-snippet":"max-snippet:-1","max-image-preview":"max-image-preview:large","max-video-preview":"max-video-preview:-1"},"canonical":"https:\/\/www.pilgrim.es\/it\/cammino-mozarabe\/","og_locale":"it_IT","og_type":"article","og_title":"Cammino Mozarabico : Tappe e mappa : Cammino di Santiago - Pilgrim","og_description":"Cammino Moz\u00e1rabe. Scopri tutto \u2705quello che devi sapere di questa rotta secondaria del Cammino di Santiago: sue tappe,mappa,storia,cosa vedere e molto altro.","og_url":"https:\/\/www.pilgrim.es\/it\/cammino-mozarabe\/","og_site_name":"Pilgrim","article_publisher":"https:\/\/www.facebook.com\/pilgrim.es\/","article_published_time":"2019-12-13T12:25:47+00:00","article_modified_time":"2025-06-09T08:40:24+00:00","og_image":[{"width":1000,"height":666,"url":"https:\/\/www.pilgrim.es\/wp-content\/uploads\/2019\/10\/camino-mozarabe-1.jpg","type":"image\/jpeg"}],"author":"Pilgrim SEO","twitter_card":"summary_large_image","twitter_creator":"@pilgrim_es","twitter_site":"@pilgrim_es","twitter_misc":{"Scritto da":"Pilgrim SEO","Tempo di lettura stimato":"7 minuti"},"schema":{"@context":"https:\/\/schema.org","@graph":[{"@type":"Article","@id":"https:\/\/www.pilgrim.es\/it\/cammino-mozarabe\/#article","isPartOf":{"@id":"https:\/\/www.pilgrim.es\/it\/cammino-mozarabe\/"},"author":{"name":"Pilgrim SEO","@id":"https:\/\/www.pilgrim.es\/it\/#\/schema\/person\/14d46e928a02bc9b20d435748438c3e0"},"headline":"Cammino Moz\u00e1rabe","datePublished":"2019-12-13T12:25:47+00:00","dateModified":"2025-06-09T08:40:24+00:00","mainEntityOfPage":{"@id":"https:\/\/www.pilgrim.es\/it\/cammino-mozarabe\/"},"wordCount":1514,"commentCount":0,"publisher":{"@id":"https:\/\/www.pilgrim.es\/it\/#organization"},"image":{"@id":"https:\/\/www.pilgrim.es\/it\/cammino-mozarabe\/#primaryimage"},"thumbnailUrl":"https:\/\/www.pilgrim.es\/wp-content\/uploads\/2019\/10\/camino-mozarabe-1.jpg","articleSection":["Rotte del Cammino"],"inLanguage":"it-IT","potentialAction":[{"@type":"CommentAction","name":"Comment","target":["https:\/\/www.pilgrim.es\/it\/cammino-mozarabe\/#respond"]}]},{"@type":"WebPage","@id":"https:\/\/www.pilgrim.es\/it\/cammino-mozarabe\/","url":"https:\/\/www.pilgrim.es\/it\/cammino-mozarabe\/","name":"Cammino Mozarabico : Tappe e mappa : Cammino di Santiago - Pilgrim","isPartOf":{"@id":"https:\/\/www.pilgrim.es\/it\/#website"},"primaryImageOfPage":{"@id":"https:\/\/www.pilgrim.es\/it\/cammino-mozarabe\/#primaryimage"},"image":{"@id":"https:\/\/www.pilgrim.es\/it\/cammino-mozarabe\/#primaryimage"},"thumbnailUrl":"https:\/\/www.pilgrim.es\/wp-content\/uploads\/2019\/10\/camino-mozarabe-1.jpg","datePublished":"2019-12-13T12:25:47+00:00","dateModified":"2025-06-09T08:40:24+00:00","description":"Cammino Moz\u00e1rabe. Scopri tutto \u2705quello che devi sapere di questa rotta secondaria del Cammino di Santiago: sue tappe,mappa,storia,cosa vedere e molto altro.","breadcrumb":{"@id":"https:\/\/www.pilgrim.es\/it\/cammino-mozarabe\/#breadcrumb"},"inLanguage":"it-IT","potentialAction":[{"@type":"ReadAction","target":["https:\/\/www.pilgrim.es\/it\/cammino-mozarabe\/"]}]},{"@type":"ImageObject","inLanguage":"it-IT","@id":"https:\/\/www.pilgrim.es\/it\/cammino-mozarabe\/#primaryimage","url":"https:\/\/www.pilgrim.es\/wp-content\/uploads\/2019\/10\/camino-mozarabe-1.jpg","contentUrl":"https:\/\/www.pilgrim.es\/wp-content\/uploads\/2019\/10\/camino-mozarabe-1.jpg","width":1000,"height":666},{"@type":"BreadcrumbList","@id":"https:\/\/www.pilgrim.es\/it\/cammino-mozarabe\/#breadcrumb","itemListElement":[{"@type":"ListItem","position":1,"name":"Camino de Santiago","item":"https:\/\/www.pilgrim.es\/it\/"},{"@type":"ListItem","position":2,"name":"Cammino Moz\u00e1rabe"}]},{"@type":"WebSite","@id":"https:\/\/www.pilgrim.es\/it\/#website","url":"https:\/\/www.pilgrim.es\/it\/","name":"Pilgrim","description":"Camino de Santiago | Caminamos Contigo","publisher":{"@id":"https:\/\/www.pilgrim.es\/it\/#organization"},"potentialAction":[{"@type":"SearchAction","target":{"@type":"EntryPoint","urlTemplate":"https:\/\/www.pilgrim.es\/it\/?s={search_term_string}"},"query-input":{"@type":"PropertyValueSpecification","valueRequired":true,"valueName":"search_term_string"}}],"inLanguage":"it-IT"},{"@type":"Organization","@id":"https:\/\/www.pilgrim.es\/it\/#organization","name":"Pilgrim Camino de Santiago","url":"https:\/\/www.pilgrim.es\/it\/","logo":{"@type":"ImageObject","inLanguage":"it-IT","@id":"https:\/\/www.pilgrim.es\/it\/#\/schema\/logo\/image\/","url":"https:\/\/www.pilgrim.es\/wp-content\/uploads\/2019\/04\/logo_pilgrim.png","contentUrl":"https:\/\/www.pilgrim.es\/wp-content\/uploads\/2019\/04\/logo_pilgrim.png","width":512,"height":512,"caption":"Pilgrim Camino de Santiago"},"image":{"@id":"https:\/\/www.pilgrim.es\/it\/#\/schema\/logo\/image\/"},"sameAs":["https:\/\/www.facebook.com\/pilgrim.es\/","https:\/\/x.com\/pilgrim_es","https:\/\/www.instagram.com\/pilgrim.es\/","https:\/\/www.linkedin.com\/company\/pilgrim-camino-de-santiago\/","https:\/\/www.pinterest.es\/pilgrimcaminodesantiago\/","https:\/\/www.youtube.com\/channel\/UCIv2ZzFLXVqthkNF32rKedw\/featured"]},{"@type":"Person","@id":"https:\/\/www.pilgrim.es\/it\/#\/schema\/person\/14d46e928a02bc9b20d435748438c3e0","name":"Pilgrim SEO","image":{"@type":"ImageObject","inLanguage":"it-IT","@id":"https:\/\/secure.gravatar.com\/avatar\/52a31ce4f1af059b5077e8c5aee5741b9dec86b4b6ee6b2a7e5aefc4ee670045?s=96&d=mm&r=g","url":"https:\/\/secure.gravatar.com\/avatar\/52a31ce4f1af059b5077e8c5aee5741b9dec86b4b6ee6b2a7e5aefc4ee670045?s=96&d=mm&r=g","contentUrl":"https:\/\/secure.gravatar.com\/avatar\/52a31ce4f1af059b5077e8c5aee5741b9dec86b4b6ee6b2a7e5aefc4ee670045?s=96&d=mm&r=g","caption":"Pilgrim SEO"}}]}},"_links":{"self":[{"href":"https:\/\/www.pilgrim.es\/it\/wp-json\/wp\/v2\/posts\/49684","targetHints":{"allow":["GET"]}}],"collection":[{"href":"https:\/\/www.pilgrim.es\/it\/wp-json\/wp\/v2\/posts"}],"about":[{"href":"https:\/\/www.pilgrim.es\/it\/wp-json\/wp\/v2\/types\/post"}],"author":[{"embeddable":true,"href":"https:\/\/www.pilgrim.es\/it\/wp-json\/wp\/v2\/users\/4"}],"replies":[{"embeddable":true,"href":"https:\/\/www.pilgrim.es\/it\/wp-json\/wp\/v2\/comments?post=49684"}],"version-history":[{"count":8,"href":"https:\/\/www.pilgrim.es\/it\/wp-json\/wp\/v2\/posts\/49684\/revisions"}],"predecessor-version":[{"id":127716,"href":"https:\/\/www.pilgrim.es\/it\/wp-json\/wp\/v2\/posts\/49684\/revisions\/127716"}],"wp:featuredmedia":[{"embeddable":true,"href":"https:\/\/www.pilgrim.es\/it\/wp-json\/wp\/v2\/media\/123969"}],"wp:attachment":[{"href":"https:\/\/www.pilgrim.es\/it\/wp-json\/wp\/v2\/media?parent=49684"}],"wp:term":[{"taxonomy":"category","embeddable":true,"href":"https:\/\/www.pilgrim.es\/it\/wp-json\/wp\/v2\/categories?post=49684"},{"taxonomy":"post_tag","embeddable":true,"href":"https:\/\/www.pilgrim.es\/it\/wp-json\/wp\/v2\/tags?post=49684"}],"curies":[{"name":"wp","href":"https:\/\/api.w.org\/{rel}","templated":true}]}}