{"id":49682,"date":"2019-12-12T12:59:47","date_gmt":"2019-12-12T12:59:47","guid":{"rendered":"https:\/\/prod.pilgrim.es\/cammino-de-ucles\/"},"modified":"2025-06-09T08:40:23","modified_gmt":"2025-06-09T08:40:23","slug":"cammino-de-ucles","status":"publish","type":"post","link":"https:\/\/www.pilgrim.es\/it\/cammino-de-ucles\/","title":{"rendered":"Cammino de Ucl\u00e9s"},"content":{"rendered":"\n<div class=\"entry-content__introduction\">\nLungo il Cammino, ci sono percorsi a stretto contatto con\u00a0<a href=\"https:\/\/www.pilgrim.es\/it\/cammini\/\">il Cammino di Santiago<\/a> ma che non fanno parte della rete di percorsi jacobeas, come pu\u00f2 essere il caso del Cammino Lebaniego, di cui abbiamo gi\u00e0 parlato in un&#8217;altra occasione. Questa volta, parleremo di un&#8217;altra rotta simile che parte dalla capitale spagnola, Madrid, \u00e8 il Cammino de Ucl\u00e9s.\n<h5>Inoltre ti potrebbe interessare: <a href=\"https:\/\/www.pilgrim.es\/it\/cammino-di-santiago-da-madrid\/\">Il Cammino da Madrid (Gu\u00eda)<\/a><\/h5>\nCome abbiamo gi\u00e1 detto, non \u00e9 una rotta all&#8217;interno della rete giacobea poich\u00e9 il suo obbiettivo non \u00e8 quello di terminare a\u00a0<a style=\"font-size: 1rem\" href=\"https:\/\/www.pilgrim.es\/it\/santiago-di-compostela\/\">Santiago di Compostela <\/a><span style=\"font-size: 1rem\">, ma nel monastero di Ucl\u00e9s, un edificio storico <strong>creato nel X secolo dall&#8217;Ordine di Santiago<\/strong> nella localit\u00e0 di Ucl\u00e9s, provincia di Cuenca.<\/span>\n\nPer capire la creazione di questo percorso \u00e8 meglio <strong>ripercorrere brevemente la sua storia<\/strong> e capire il perch\u00e9 del suo pellegrinaggio.\n<\/div><hr class=\"single-bar\"><ul><span>\u00cdndice<\/span><li><a href=\"#history\">Storia<\/a><\/li><li><a href=\"#stages\">Tappe<\/a><\/li><li><a href=\"#signals\">Segnaletica<\/a><\/li><li><a href=\"#credential\">Credenziale prorpria<\/a><\/li><li><a href=\"#uclessiana\">La Uclessiana<\/a><\/li><\/ul><hr class=\"single-bar\"><div id=\"storia-del-cammino-de-ucles\" class=\"section-post\"><h2 id=\"history\" class=\"mt-5 mb-3\">Storia del Cammino de Ucl\u00e9s<\/h2>\nLa storia di questo percorso \u00e8 forgiato intorno al suo monastero. <strong>I suoi inizi risalgono alle epoche di dominio musulmano<\/strong> del territorio ispano quando decisero di costruire una fortezza su una collina elevata nel villaggio di Ucl\u00e9s.\n<h3 class=\"mt-5 mb-3\">Cessione all&#8217;Ordine di Santiago<\/h3>\nTra la conquista di queste terre per l&#8217;esercito cristiano del re Alfonso VII, questo <strong>cedette la fortezza all&#8217;Ord<span style=\"font-size: 1rem\">i<\/span><\/strong><span style=\"font-size: 1rem\"><strong>ne di Santiago,<\/strong> convertendosi in base a diventando la loro base centrale all&#8217;interno del territorio spagnolo. A poco a poco, la costruzione \u00e8 stata aumentata nel formato con l&#8217;aggiunta di varie dipendenze in modo che tutti i membri dell&#8217;ordine avessero posto.<\/span>\n\nTale ordine fu creato, nel XII secolo, con l&#8217;obiettivo militare di <strong>proteggere i pellegrini del Cammino di Santiago<\/strong> e di lottare contro i musulmani.\n\nUna volta riconquistata tutta la penisola, e posto fine al dominio musulmano,<strong> la fortificazione di Ucl\u00e9s ha avuto un rimodellamento importante.<\/strong> I suoi elementi difensivi non erano pi\u00f9 necessari e furono abbattuti. Tutti tranne le mura, che si conservano fino ad oggi.\n\nFu solo nel 1529 che, sotto il regno di Carlo I, si cominci\u00f2 a costruire il monastero che possiamo osservare ai nostri tempi. Inoltre, si aggiunge un&#8217;iglese contigua che, insieme a diverse opere ai maggiori, hanno fatto s\u00ec che la fine delle sue opere fosse rinviata al regno di Filippo V, nell&#8217;anno 1735.\n<h3 class=\"mt-5 mb-3\">Inizia il declino<\/h3>\nDopo essere stato danneggiato dall&#8217;esercito napoleonico durante la Battaglia di Ucl\u00e9s, nel XIX secolo, e a causa di vari cambiamenti che hanno colpito tutto il paese,<strong> nel 1836 l&#8217;Ordine di Santiago perse il possesso di questo edificio.<\/strong> Questo momento \u00e8 stato fondamentale nel declino di questa costruzione, poich\u00e9 da allora ha assunto altre funzioni.\n\nAll&#8217;inizio del XX secolo divenne una scuola d&#8217;insegnamento fino a quando, nel 1936, in piena Guerra Civile spagnola, il posto fu saccheggiato e il suo interno distrutto, diventando, provvisoriamente, un ospedale.\n\nDopo la fine della Guerra Civile,<strong> il monastero pass\u00f2 per i suoi tempi pi\u00f9 bui,<\/strong> essendo diventato una prigione destinata ai prigionieri politici repubblicani, essendo il luogo di morte per molti di loro (si stima che siano state quasi 300 le vittime).\n\nNel 1943, la prigione si chiuse e dopo gli anni, con un mezzo di ristrutturazione, nel 1949 il monastero torn\u00f2 a svolgere la funzione cristiana per la quale fu creato, diventando parte del seminario minore del vescovado di Cuenca.\n<h3 class=\"mt-5 mb-3\">Il Cammino verso il Monastero di Ucl\u00e9s<\/h3>\nLa ricomparsa della rotta che aveva portato al monastero ha avuto luogo poco tempo fa. Dopo essere stata dimenticata per molti anni, <strong>Manuel Rossi<\/strong>, appassionato del Cammino di Santiago, conobbe questa via attraverso il sacerdote Juli\u00e1n de Cuenca nel 2010.\n\nDopo un anno di intense indagini sulla sua origine e l&#8217;ordine di Santiago,<strong> il Cammino di Ucl\u00e9s viene ufficialmente recuperato nel 2011.\u00a0<\/strong>Dal quel momento,Manuel Rossi ha continuato con la promozione di questa rotta fino al punto di creare con le proprie mani i segnali che carattaerizzano questa rotta, le frecce rosse con la croce di Santiago.\n<\/div><div id=\"tappe-del-cammino-di-ucles\" class=\"section-post\"><h2 id=\"stages\" class=\"mt-5 mb-3\">Tappe del Cammino di Ucl\u00e9s<\/h2>\nDa Madrid fino al Monasterio di Ucl\u00e9s <strong>esiste\u00a0 una distanza di quasi 145 km divisi in 11 tappe.\u00a0<\/strong>Tuttavia,a causa del breve percorso di ciascuna, il Cammino potr\u00e1 realizzarsi in appena 6 tappe, gi\u00e1 che met\u00e1 di queste hanno una distanza minore ai 10 km, essendo la media abituale sulle rotte giacobea di 25 km per tappe.\n<div class=\"table-responsive\">\n<table class=\"table text-left p-my-10\">\n<thead>\n<tr>\n<th>Tappa<\/th>\n<th>Inizio<\/th>\n<th>Fine<\/th>\n<th>Durata<\/th>\n<\/tr>\n<\/thead>\n<tbody>\n<tr>\n<td>Tappa 1<\/td>\n<td>Madrid<\/td>\n<td>Rivas-Vaciamadrid<\/td>\n<td>28,6 km<\/td>\n<\/tr>\n<tr>\n<td>Tappa 2<\/td>\n<td>Rivas-Vaciamadrid<\/td>\n<td>La Poveda<\/td>\n<td>4,3 km<\/td>\n<\/tr>\n<tr>\n<td>Tappa 3<\/td>\n<td>La Poveda<\/td>\n<td>Arganda del Rey<\/td>\n<td>3,6 km<\/td>\n<\/tr>\n<tr>\n<td>Tappa 4<\/td>\n<td>Arganda del Rey<\/td>\n<td>Morata de Taju\u00f1a<\/td>\n<td>17,8 km<\/td>\n<\/tr>\n<tr>\n<td>Tappa 5<\/td>\n<td>Morata de Taju\u00f1a<\/td>\n<td>Perales de Taju\u00f1a<\/td>\n<td>7,1 km<\/td>\n<\/tr>\n<tr>\n<td>Tappa 6<\/td>\n<td>Perales de Taju\u00f1a<\/td>\n<td>Tielmes<\/td>\n<td>8,3 km<\/td>\n<\/tr>\n<tr>\n<td>Tappa 7<\/td>\n<td>Tielmes<\/td>\n<td>Caraba\u00f1a<\/td>\n<td>9,2 km<\/td>\n<\/tr>\n<tr>\n<td>Tappa 8<\/td>\n<td>Caraba\u00f1a<\/td>\n<td>Estremera<\/td>\n<td>15,9 km<\/td>\n<\/tr>\n<tr>\n<td>Tappa 9<\/td>\n<td>Estremera<\/td>\n<td>Barajas de Melo<\/td>\n<td>26,2 km<\/td>\n<\/tr>\n<tr>\n<td>Tappa 10<\/td>\n<td>Barajas de Melo<\/td>\n<td>Huelves<\/td>\n<td>13,9 km<\/td>\n<\/tr>\n<tr>\n<td>Tappa 11<\/td>\n<td>Huelves<\/td>\n<td>Ucl\u00e9s<\/td>\n<td>9 km<\/td>\n<\/tr>\n<\/tbody>\n<\/table>\n<\/div>\n<\/div><div id=\"segnaletica-della-rotta-uclesiana\" class=\"section-post\"><h2 id=\"signals\" class=\"mt-5 mb-3\">Segnaletica della rotta uclesiana<\/h2>\nDentro questa rotta la segnaletica ufficiale del Cammino di Santiago si unisce alla personalizzata del Cammino di Ucl\u00e9s poich\u00e9, dal Monastero, c&#8217;\u00e8 la possibilit\u00e0 di ritornare a Madrid per <a href=\"https:\/\/www.pilgrim.es\/it\/cammino-di-santiago-da-madrid\/\">iniziare la rotta ufficiale <\/a>.\n\nLa segnaletica caratteristica della rotta uclesiana \u00e9 simile a quella della rotta giacobea, al posto delle capesante e delle frecce gialle, conta con il <strong>simbolo dell&#8217;Ordine di Santiago e frecce rosse.<\/strong>La sua segnaletica \u00e9 molto buona grazie al lavoro del citato Manuel Rossi, che ha creato e collocato ci\u00f3 lungo il suo percorso .\n\n<img decoding=\"async\" class=\"d-block mx-auto my-5\" src=\"\/wp-content\/uploads\/2019\/10\/senalizacion-camino-de-ucles.jpg\" alt=\"Se\u00f1alizaci\u00f3n del Camino de Ucl\u00e9s\">\n<\/div><div id=\"credenziale-del-cammino-di-ucles\" class=\"section-post\"><h2 id=\"credential\" class=\"mt-5 mb-3\">Credenziale del Cammino di Ucl\u00e9s<\/h2>\nLa forma per sigillare questa credenziale \u00e9 la stessa che per la <a href=\"https:\/\/www.pilgrim.es\/it\/pianificare\/la-credenziale-del-pellegrino\/\">Credenziale del Cammino di Santiago<\/a>.<strong> Si pu\u00f3 ottenere attraverso l&#8217;Associazione Amici del Cammino di Ucl\u00e9s per un prezzo di 4<\/strong><strong style=\"font-size: 1rem\">\u20ac,<\/strong> i quali sono destinati a preservare la rotta e la sua segnaletica. Le Associazioni si trovano a C\/Sierra del Cadi, 17,Rivas Vaciamadrid,Madrid (Telefono.661.531.295)\n<\/div><div id=\"la-uclessiana\" class=\"section-post\"><h2 id=\"uclessiana\" class=\"mt-5 mb-3\">La Uclessiana<\/h2>\nDopo aver finito il Cammino di Ucl\u00e9s, aver sigillato le credenziali nei villaggi del suo percorso e nel monastero di Santiago Ap\u00f3stol a Ucl\u00e9s, potrai rivendicare il <strong>certificato che viene consegnato ai pellegrini che hanno compiuto il percorso. <\/strong>Per questo dovrai presentare il certificato che viene consegnato ai pellegrini che hanno compiuto il percorso.\n\nPer la consegna della Uclessiana<strong> si realizza un atto nel Tempio di Santiago<\/strong> dove i pellegrini sono reclamati per la loro consegna. Senza dubbio, un atto molto speciale\u00a0meritato per gli escursionisti di questo percorso che possiede la propria <a href=\"https:\/\/www.pilgrim.es\/it\/pianificare\/la-compostela\/\">Compostela<\/a>.\n<div class=\"row\">\n<div class=\"col-md-6 text-center mt-5\"><img decoding=\"async\" class=\"p-mx-auto\" src=\"\/wp-content\/uploads\/2019\/10\/credencial-camino-de-ucles.jpg\" alt=\"Credencial del Camino de Ucl\u00e9s\">\n<small>Credenziale del Cammino di Ucl\u00e9s<\/small><\/div>\n<div class=\"col-md-6 text-center mt-5\"><img decoding=\"async\" class=\"p-mx-auto\" src=\"\/wp-content\/uploads\/2019\/10\/uclesiana.jpg\" alt=\"Uclessiana, Compostela del Camino de Ucl\u00e9s\">\n<small>Uclessiana, Compostela del Cammino di Ucl\u00e9s<\/small><\/div>\n<\/div>\n<\/div><div id=\"arriva-il-momento-dellavventura\" class=\"section-post\"><h2 class=\"mt-5 mb-3\">Arriva il momento dell&#8217;avventura<\/h2>\nUna volta letto tutte queste<strong> informazioni complete del Cammino di Ucl\u00e9s<\/strong>,\u00e9 l&#8217;ora di alzarsi per pellegrinare e scoprire la sua essenza dal tuo punto di vista. Se,una volta finito, desideri realizzare il pellegrinaggio fino Santiago, non esitate a chiederci informazioni. Saremo incantati di poterti aiutare.\n\n<strong><em>Ultreia pellegrini!<\/em><\/strong>\n<\/div>\n","protected":false},"excerpt":{"rendered":"<p>Lungo il Cammino,esistono rotte in stretta relazione con il Cammino di Santiago per\u00f3 che non fanno parte della lista delle rotte giacobea , come pu\u00f3 essere il caso del Cammino Lebaniego,che abbiamo gi\u00e1 discusso in un&#8217;altra occasione. Questa volta, parleremo di un&#8217;altra rotta simile che parte dalla capitale spagnola, Madrid, \u00e8 il Camino de Ucl\u00e9s.<\/p>\n","protected":false},"author":4,"featured_media":123942,"comment_status":"open","ping_status":"closed","sticky":false,"template":"","format":"standard","meta":{"footnotes":""},"categories":[40],"tags":[],"class_list":["post-49682","post","type-post","status-publish","format-standard","has-post-thumbnail","hentry","category-rotte-del-cammino"],"yoast_head":"<!-- This site is optimized with the Yoast SEO plugin v27.4 - https:\/\/yoast.com\/product\/yoast-seo-wordpress\/ -->\n<title>| Storia, Tappe, Credenziali e Uclessiana - Pilgrim<\/title>\n<meta name=\"description\" content=\"Il Cammino di Ucl\u00e9s \u00e9 una rotta che ha una stretta relazione con il Cammino di Santiago ma che non fa parte della rete giacobea. \u00a1Scopri di pi\u00f9!\" \/>\n<meta name=\"robots\" content=\"index, follow, max-snippet:-1, max-image-preview:large, max-video-preview:-1\" \/>\n<link rel=\"canonical\" href=\"https:\/\/www.pilgrim.es\/it\/cammino-de-ucles\/\" \/>\n<meta property=\"og:locale\" content=\"it_IT\" \/>\n<meta property=\"og:type\" content=\"article\" \/>\n<meta property=\"og:title\" content=\"| Storia, Tappe, Credenziali e Uclessiana - Pilgrim\" \/>\n<meta property=\"og:description\" content=\"Il Cammino di Ucl\u00e9s \u00e9 una rotta che ha una stretta relazione con il Cammino di Santiago ma che non fa parte della rete giacobea. \u00a1Scopri di pi\u00f9!\" \/>\n<meta property=\"og:url\" content=\"https:\/\/www.pilgrim.es\/it\/cammino-de-ucles\/\" \/>\n<meta property=\"og:site_name\" content=\"Pilgrim\" \/>\n<meta property=\"article:publisher\" content=\"https:\/\/www.facebook.com\/pilgrim.es\/\" \/>\n<meta property=\"article:published_time\" content=\"2019-12-12T12:59:47+00:00\" \/>\n<meta property=\"article:modified_time\" content=\"2025-06-09T08:40:23+00:00\" \/>\n<meta property=\"og:image\" content=\"https:\/\/www.pilgrim.es\/wp-content\/uploads\/2019\/10\/camino-de-ucles-1.jpg\" \/>\n\t<meta property=\"og:image:width\" content=\"1000\" \/>\n\t<meta property=\"og:image:height\" content=\"666\" \/>\n\t<meta property=\"og:image:type\" content=\"image\/jpeg\" \/>\n<meta name=\"author\" content=\"Pilgrim SEO\" \/>\n<meta name=\"twitter:card\" content=\"summary_large_image\" \/>\n<meta name=\"twitter:creator\" content=\"@pilgrim_es\" \/>\n<meta name=\"twitter:site\" content=\"@pilgrim_es\" \/>\n<meta name=\"twitter:label1\" content=\"Scritto da\" \/>\n\t<meta name=\"twitter:data1\" content=\"Pilgrim SEO\" \/>\n\t<meta name=\"twitter:label2\" content=\"Tempo di lettura stimato\" \/>\n\t<meta name=\"twitter:data2\" content=\"5 minuti\" \/>\n<script type=\"application\/ld+json\" class=\"yoast-schema-graph\">{\"@context\":\"https:\\\/\\\/schema.org\",\"@graph\":[{\"@type\":\"Article\",\"@id\":\"https:\\\/\\\/www.pilgrim.es\\\/it\\\/cammino-de-ucles\\\/#article\",\"isPartOf\":{\"@id\":\"https:\\\/\\\/www.pilgrim.es\\\/it\\\/cammino-de-ucles\\\/\"},\"author\":{\"name\":\"Pilgrim SEO\",\"@id\":\"https:\\\/\\\/www.pilgrim.es\\\/it\\\/#\\\/schema\\\/person\\\/14d46e928a02bc9b20d435748438c3e0\"},\"headline\":\"Cammino de Ucl\u00e9s\",\"datePublished\":\"2019-12-12T12:59:47+00:00\",\"dateModified\":\"2025-06-09T08:40:23+00:00\",\"mainEntityOfPage\":{\"@id\":\"https:\\\/\\\/www.pilgrim.es\\\/it\\\/cammino-de-ucles\\\/\"},\"wordCount\":1112,\"commentCount\":0,\"publisher\":{\"@id\":\"https:\\\/\\\/www.pilgrim.es\\\/it\\\/#organization\"},\"image\":{\"@id\":\"https:\\\/\\\/www.pilgrim.es\\\/it\\\/cammino-de-ucles\\\/#primaryimage\"},\"thumbnailUrl\":\"https:\\\/\\\/www.pilgrim.es\\\/wp-content\\\/uploads\\\/2019\\\/10\\\/camino-de-ucles-1.jpg\",\"articleSection\":[\"Rotte del Cammino\"],\"inLanguage\":\"it-IT\",\"potentialAction\":[{\"@type\":\"CommentAction\",\"name\":\"Comment\",\"target\":[\"https:\\\/\\\/www.pilgrim.es\\\/it\\\/cammino-de-ucles\\\/#respond\"]}]},{\"@type\":\"WebPage\",\"@id\":\"https:\\\/\\\/www.pilgrim.es\\\/it\\\/cammino-de-ucles\\\/\",\"url\":\"https:\\\/\\\/www.pilgrim.es\\\/it\\\/cammino-de-ucles\\\/\",\"name\":\"| Storia, Tappe, Credenziali e Uclessiana - Pilgrim\",\"isPartOf\":{\"@id\":\"https:\\\/\\\/www.pilgrim.es\\\/it\\\/#website\"},\"primaryImageOfPage\":{\"@id\":\"https:\\\/\\\/www.pilgrim.es\\\/it\\\/cammino-de-ucles\\\/#primaryimage\"},\"image\":{\"@id\":\"https:\\\/\\\/www.pilgrim.es\\\/it\\\/cammino-de-ucles\\\/#primaryimage\"},\"thumbnailUrl\":\"https:\\\/\\\/www.pilgrim.es\\\/wp-content\\\/uploads\\\/2019\\\/10\\\/camino-de-ucles-1.jpg\",\"datePublished\":\"2019-12-12T12:59:47+00:00\",\"dateModified\":\"2025-06-09T08:40:23+00:00\",\"description\":\"Il Cammino di Ucl\u00e9s \u00e9 una rotta che ha una stretta relazione con il Cammino di Santiago ma che non fa parte della rete giacobea. \u00a1Scopri di pi\u00f9!\",\"breadcrumb\":{\"@id\":\"https:\\\/\\\/www.pilgrim.es\\\/it\\\/cammino-de-ucles\\\/#breadcrumb\"},\"inLanguage\":\"it-IT\",\"potentialAction\":[{\"@type\":\"ReadAction\",\"target\":[\"https:\\\/\\\/www.pilgrim.es\\\/it\\\/cammino-de-ucles\\\/\"]}]},{\"@type\":\"ImageObject\",\"inLanguage\":\"it-IT\",\"@id\":\"https:\\\/\\\/www.pilgrim.es\\\/it\\\/cammino-de-ucles\\\/#primaryimage\",\"url\":\"https:\\\/\\\/www.pilgrim.es\\\/wp-content\\\/uploads\\\/2019\\\/10\\\/camino-de-ucles-1.jpg\",\"contentUrl\":\"https:\\\/\\\/www.pilgrim.es\\\/wp-content\\\/uploads\\\/2019\\\/10\\\/camino-de-ucles-1.jpg\",\"width\":1000,\"height\":666},{\"@type\":\"BreadcrumbList\",\"@id\":\"https:\\\/\\\/www.pilgrim.es\\\/it\\\/cammino-de-ucles\\\/#breadcrumb\",\"itemListElement\":[{\"@type\":\"ListItem\",\"position\":1,\"name\":\"Camino de Santiago\",\"item\":\"https:\\\/\\\/www.pilgrim.es\\\/it\\\/\"},{\"@type\":\"ListItem\",\"position\":2,\"name\":\"Cammino de Ucl\u00e9s\"}]},{\"@type\":\"WebSite\",\"@id\":\"https:\\\/\\\/www.pilgrim.es\\\/it\\\/#website\",\"url\":\"https:\\\/\\\/www.pilgrim.es\\\/it\\\/\",\"name\":\"Pilgrim\",\"description\":\"Camino de Santiago | Caminamos Contigo\",\"publisher\":{\"@id\":\"https:\\\/\\\/www.pilgrim.es\\\/it\\\/#organization\"},\"potentialAction\":[{\"@type\":\"SearchAction\",\"target\":{\"@type\":\"EntryPoint\",\"urlTemplate\":\"https:\\\/\\\/www.pilgrim.es\\\/it\\\/?s={search_term_string}\"},\"query-input\":{\"@type\":\"PropertyValueSpecification\",\"valueRequired\":true,\"valueName\":\"search_term_string\"}}],\"inLanguage\":\"it-IT\"},{\"@type\":\"Organization\",\"@id\":\"https:\\\/\\\/www.pilgrim.es\\\/it\\\/#organization\",\"name\":\"Pilgrim Camino de Santiago\",\"url\":\"https:\\\/\\\/www.pilgrim.es\\\/it\\\/\",\"logo\":{\"@type\":\"ImageObject\",\"inLanguage\":\"it-IT\",\"@id\":\"https:\\\/\\\/www.pilgrim.es\\\/it\\\/#\\\/schema\\\/logo\\\/image\\\/\",\"url\":\"https:\\\/\\\/www.pilgrim.es\\\/wp-content\\\/uploads\\\/2019\\\/04\\\/logo_pilgrim.png\",\"contentUrl\":\"https:\\\/\\\/www.pilgrim.es\\\/wp-content\\\/uploads\\\/2019\\\/04\\\/logo_pilgrim.png\",\"width\":512,\"height\":512,\"caption\":\"Pilgrim Camino de Santiago\"},\"image\":{\"@id\":\"https:\\\/\\\/www.pilgrim.es\\\/it\\\/#\\\/schema\\\/logo\\\/image\\\/\"},\"sameAs\":[\"https:\\\/\\\/www.facebook.com\\\/pilgrim.es\\\/\",\"https:\\\/\\\/x.com\\\/pilgrim_es\",\"https:\\\/\\\/www.instagram.com\\\/pilgrim.es\\\/\",\"https:\\\/\\\/www.linkedin.com\\\/company\\\/pilgrim-camino-de-santiago\\\/\",\"https:\\\/\\\/www.pinterest.es\\\/pilgrimcaminodesantiago\\\/\",\"https:\\\/\\\/www.youtube.com\\\/channel\\\/UCIv2ZzFLXVqthkNF32rKedw\\\/featured\"]},{\"@type\":\"Person\",\"@id\":\"https:\\\/\\\/www.pilgrim.es\\\/it\\\/#\\\/schema\\\/person\\\/14d46e928a02bc9b20d435748438c3e0\",\"name\":\"Pilgrim SEO\",\"image\":{\"@type\":\"ImageObject\",\"inLanguage\":\"it-IT\",\"@id\":\"https:\\\/\\\/secure.gravatar.com\\\/avatar\\\/52a31ce4f1af059b5077e8c5aee5741b9dec86b4b6ee6b2a7e5aefc4ee670045?s=96&d=mm&r=g\",\"url\":\"https:\\\/\\\/secure.gravatar.com\\\/avatar\\\/52a31ce4f1af059b5077e8c5aee5741b9dec86b4b6ee6b2a7e5aefc4ee670045?s=96&d=mm&r=g\",\"contentUrl\":\"https:\\\/\\\/secure.gravatar.com\\\/avatar\\\/52a31ce4f1af059b5077e8c5aee5741b9dec86b4b6ee6b2a7e5aefc4ee670045?s=96&d=mm&r=g\",\"caption\":\"Pilgrim SEO\"}}]}<\/script>\n<!-- \/ Yoast SEO plugin. -->","yoast_head_json":{"title":"| Storia, Tappe, Credenziali e Uclessiana - Pilgrim","description":"Il Cammino di Ucl\u00e9s \u00e9 una rotta che ha una stretta relazione con il Cammino di Santiago ma che non fa parte della rete giacobea. \u00a1Scopri di pi\u00f9!","robots":{"index":"index","follow":"follow","max-snippet":"max-snippet:-1","max-image-preview":"max-image-preview:large","max-video-preview":"max-video-preview:-1"},"canonical":"https:\/\/www.pilgrim.es\/it\/cammino-de-ucles\/","og_locale":"it_IT","og_type":"article","og_title":"| Storia, Tappe, Credenziali e Uclessiana - Pilgrim","og_description":"Il Cammino di Ucl\u00e9s \u00e9 una rotta che ha una stretta relazione con il Cammino di Santiago ma che non fa parte della rete giacobea. \u00a1Scopri di pi\u00f9!","og_url":"https:\/\/www.pilgrim.es\/it\/cammino-de-ucles\/","og_site_name":"Pilgrim","article_publisher":"https:\/\/www.facebook.com\/pilgrim.es\/","article_published_time":"2019-12-12T12:59:47+00:00","article_modified_time":"2025-06-09T08:40:23+00:00","og_image":[{"width":1000,"height":666,"url":"https:\/\/www.pilgrim.es\/wp-content\/uploads\/2019\/10\/camino-de-ucles-1.jpg","type":"image\/jpeg"}],"author":"Pilgrim SEO","twitter_card":"summary_large_image","twitter_creator":"@pilgrim_es","twitter_site":"@pilgrim_es","twitter_misc":{"Scritto da":"Pilgrim SEO","Tempo di lettura stimato":"5 minuti"},"schema":{"@context":"https:\/\/schema.org","@graph":[{"@type":"Article","@id":"https:\/\/www.pilgrim.es\/it\/cammino-de-ucles\/#article","isPartOf":{"@id":"https:\/\/www.pilgrim.es\/it\/cammino-de-ucles\/"},"author":{"name":"Pilgrim SEO","@id":"https:\/\/www.pilgrim.es\/it\/#\/schema\/person\/14d46e928a02bc9b20d435748438c3e0"},"headline":"Cammino de Ucl\u00e9s","datePublished":"2019-12-12T12:59:47+00:00","dateModified":"2025-06-09T08:40:23+00:00","mainEntityOfPage":{"@id":"https:\/\/www.pilgrim.es\/it\/cammino-de-ucles\/"},"wordCount":1112,"commentCount":0,"publisher":{"@id":"https:\/\/www.pilgrim.es\/it\/#organization"},"image":{"@id":"https:\/\/www.pilgrim.es\/it\/cammino-de-ucles\/#primaryimage"},"thumbnailUrl":"https:\/\/www.pilgrim.es\/wp-content\/uploads\/2019\/10\/camino-de-ucles-1.jpg","articleSection":["Rotte del Cammino"],"inLanguage":"it-IT","potentialAction":[{"@type":"CommentAction","name":"Comment","target":["https:\/\/www.pilgrim.es\/it\/cammino-de-ucles\/#respond"]}]},{"@type":"WebPage","@id":"https:\/\/www.pilgrim.es\/it\/cammino-de-ucles\/","url":"https:\/\/www.pilgrim.es\/it\/cammino-de-ucles\/","name":"| Storia, Tappe, Credenziali e Uclessiana - Pilgrim","isPartOf":{"@id":"https:\/\/www.pilgrim.es\/it\/#website"},"primaryImageOfPage":{"@id":"https:\/\/www.pilgrim.es\/it\/cammino-de-ucles\/#primaryimage"},"image":{"@id":"https:\/\/www.pilgrim.es\/it\/cammino-de-ucles\/#primaryimage"},"thumbnailUrl":"https:\/\/www.pilgrim.es\/wp-content\/uploads\/2019\/10\/camino-de-ucles-1.jpg","datePublished":"2019-12-12T12:59:47+00:00","dateModified":"2025-06-09T08:40:23+00:00","description":"Il Cammino di Ucl\u00e9s \u00e9 una rotta che ha una stretta relazione con il Cammino di Santiago ma che non fa parte della rete giacobea. \u00a1Scopri di pi\u00f9!","breadcrumb":{"@id":"https:\/\/www.pilgrim.es\/it\/cammino-de-ucles\/#breadcrumb"},"inLanguage":"it-IT","potentialAction":[{"@type":"ReadAction","target":["https:\/\/www.pilgrim.es\/it\/cammino-de-ucles\/"]}]},{"@type":"ImageObject","inLanguage":"it-IT","@id":"https:\/\/www.pilgrim.es\/it\/cammino-de-ucles\/#primaryimage","url":"https:\/\/www.pilgrim.es\/wp-content\/uploads\/2019\/10\/camino-de-ucles-1.jpg","contentUrl":"https:\/\/www.pilgrim.es\/wp-content\/uploads\/2019\/10\/camino-de-ucles-1.jpg","width":1000,"height":666},{"@type":"BreadcrumbList","@id":"https:\/\/www.pilgrim.es\/it\/cammino-de-ucles\/#breadcrumb","itemListElement":[{"@type":"ListItem","position":1,"name":"Camino de Santiago","item":"https:\/\/www.pilgrim.es\/it\/"},{"@type":"ListItem","position":2,"name":"Cammino de Ucl\u00e9s"}]},{"@type":"WebSite","@id":"https:\/\/www.pilgrim.es\/it\/#website","url":"https:\/\/www.pilgrim.es\/it\/","name":"Pilgrim","description":"Camino de Santiago | Caminamos Contigo","publisher":{"@id":"https:\/\/www.pilgrim.es\/it\/#organization"},"potentialAction":[{"@type":"SearchAction","target":{"@type":"EntryPoint","urlTemplate":"https:\/\/www.pilgrim.es\/it\/?s={search_term_string}"},"query-input":{"@type":"PropertyValueSpecification","valueRequired":true,"valueName":"search_term_string"}}],"inLanguage":"it-IT"},{"@type":"Organization","@id":"https:\/\/www.pilgrim.es\/it\/#organization","name":"Pilgrim Camino de Santiago","url":"https:\/\/www.pilgrim.es\/it\/","logo":{"@type":"ImageObject","inLanguage":"it-IT","@id":"https:\/\/www.pilgrim.es\/it\/#\/schema\/logo\/image\/","url":"https:\/\/www.pilgrim.es\/wp-content\/uploads\/2019\/04\/logo_pilgrim.png","contentUrl":"https:\/\/www.pilgrim.es\/wp-content\/uploads\/2019\/04\/logo_pilgrim.png","width":512,"height":512,"caption":"Pilgrim Camino de Santiago"},"image":{"@id":"https:\/\/www.pilgrim.es\/it\/#\/schema\/logo\/image\/"},"sameAs":["https:\/\/www.facebook.com\/pilgrim.es\/","https:\/\/x.com\/pilgrim_es","https:\/\/www.instagram.com\/pilgrim.es\/","https:\/\/www.linkedin.com\/company\/pilgrim-camino-de-santiago\/","https:\/\/www.pinterest.es\/pilgrimcaminodesantiago\/","https:\/\/www.youtube.com\/channel\/UCIv2ZzFLXVqthkNF32rKedw\/featured"]},{"@type":"Person","@id":"https:\/\/www.pilgrim.es\/it\/#\/schema\/person\/14d46e928a02bc9b20d435748438c3e0","name":"Pilgrim SEO","image":{"@type":"ImageObject","inLanguage":"it-IT","@id":"https:\/\/secure.gravatar.com\/avatar\/52a31ce4f1af059b5077e8c5aee5741b9dec86b4b6ee6b2a7e5aefc4ee670045?s=96&d=mm&r=g","url":"https:\/\/secure.gravatar.com\/avatar\/52a31ce4f1af059b5077e8c5aee5741b9dec86b4b6ee6b2a7e5aefc4ee670045?s=96&d=mm&r=g","contentUrl":"https:\/\/secure.gravatar.com\/avatar\/52a31ce4f1af059b5077e8c5aee5741b9dec86b4b6ee6b2a7e5aefc4ee670045?s=96&d=mm&r=g","caption":"Pilgrim SEO"}}]}},"_links":{"self":[{"href":"https:\/\/www.pilgrim.es\/it\/wp-json\/wp\/v2\/posts\/49682","targetHints":{"allow":["GET"]}}],"collection":[{"href":"https:\/\/www.pilgrim.es\/it\/wp-json\/wp\/v2\/posts"}],"about":[{"href":"https:\/\/www.pilgrim.es\/it\/wp-json\/wp\/v2\/types\/post"}],"author":[{"embeddable":true,"href":"https:\/\/www.pilgrim.es\/it\/wp-json\/wp\/v2\/users\/4"}],"replies":[{"embeddable":true,"href":"https:\/\/www.pilgrim.es\/it\/wp-json\/wp\/v2\/comments?post=49682"}],"version-history":[{"count":4,"href":"https:\/\/www.pilgrim.es\/it\/wp-json\/wp\/v2\/posts\/49682\/revisions"}],"predecessor-version":[{"id":127683,"href":"https:\/\/www.pilgrim.es\/it\/wp-json\/wp\/v2\/posts\/49682\/revisions\/127683"}],"wp:featuredmedia":[{"embeddable":true,"href":"https:\/\/www.pilgrim.es\/it\/wp-json\/wp\/v2\/media\/123942"}],"wp:attachment":[{"href":"https:\/\/www.pilgrim.es\/it\/wp-json\/wp\/v2\/media?parent=49682"}],"wp:term":[{"taxonomy":"category","embeddable":true,"href":"https:\/\/www.pilgrim.es\/it\/wp-json\/wp\/v2\/categories?post=49682"},{"taxonomy":"post_tag","embeddable":true,"href":"https:\/\/www.pilgrim.es\/it\/wp-json\/wp\/v2\/tags?post=49682"}],"curies":[{"name":"wp","href":"https:\/\/api.w.org\/{rel}","templated":true}]}}