{"id":49671,"date":"2019-12-10T10:33:19","date_gmt":"2019-12-10T10:33:19","guid":{"rendered":"https:\/\/prod.pilgrim.es\/cammino-vadiniense\/"},"modified":"2025-06-09T08:41:11","modified_gmt":"2025-06-09T08:41:11","slug":"cammino-vadiniense","status":"publish","type":"post","link":"https:\/\/www.pilgrim.es\/it\/cammino-vadiniense\/","title":{"rendered":"Cammino Vadiniense"},"content":{"rendered":"\n<div class=\"entry-content__introduction\">\n  Due delle rotte pi\u00fa importanti del\u00a0<a href=\"https:\/\/www.pilgrim.es\/it\/cammini\/\"\n    >Cammino di Santiago<\/a\n  >\n  sono: il <a href=\"https:\/\/www.pilgrim.es\/it\/cammino-nord\/\">Cammino del Nord\u00a0<\/a>e il\n  <a href=\"https:\/\/www.pilgrim.es\/it\/cammino-francese\/\">Cammino Francese<\/a>. Tuttavia, nonostante la loro\n  vicinanza, non hanno molti tracciati ufficiali che li colleganoad eccezione\n  del <a href=\"https:\/\/www.pilgrim.es\/it\/cammino-basco\/\">Cammino Vasco<\/a>, che unisce dal punto di\n  inizio della rotta del nord, Ir\u00fan; e per il chiamato cos\u00ed\n  <strong>Cammino Vadiniese.\u00a0<\/strong>\n  <h5>\n    Inoltre ti potrebbe interessare:\n    <a href=\"https:\/\/www.pilgrim.es\/el-camino-del-salvador\/\">Cammino di San Salvador<\/a>\n  <\/h5>\n<\/div>\n<hr class=\"single-bar\" \/>\n<ul class=\"index float-none float-sm-left mb-3\">\n  <span>Indice<\/span>\n  <li><a href=\"#info\">Informazioni<\/a><\/li>\n  <li><a href=\"#stages\">Tappe<\/a><\/li>\n  <li><a href=\"#map\">Mappa<\/a><\/li>\n  <li><a href=\"#tips\">Caratteristiche<\/a><\/li>\n  <li><a href=\"#signals\">Segnaletica<\/a><\/li>\n  <li><a href=\"#pois\">Cosa vedere<\/a><\/li>\n<\/ul>\n<hr class=\"single-bar\" \/>\n<div class=\"section-post\" id=\"info\">\n  <h2 class=\"mt-5 mb-3\" id=\"info\">Informazioni<\/h2>\n  Questo tratto unisce la rotta francese e del nord attraverso le localit\u00e1 di\n  San Vincente della Barquera (Cantabria) e Mansilla del las Mulas (Castilla e\n  Le\u00f3n) in una distanza di, praticamente,\n  <strong>201 km divisi in 9 tappe.\u00a0<\/strong\n  ><span style=\"font-size: 1rem\"\n    >Nel suo percorso attraverseremo il famoso Parco dei Picos de Europa.<\/span\n  >\n\n  L&#8217;inizio della rotta coincide con una rotta che, non \u00e9 giacobea,per\u00f3 che ha\n  una certa relazione, questa \u00e9 \u00a0<a href=\"https:\/\/www.pilgrim.es\/it\/il-cammino-lebaniego\/\">la Rotta Lebaniega<\/a>, che\n  ha come obbiettivo realizzare il Cammino fino al Monastero di Santo Toribio di\n  Li\u00e9bana per poter apprezzare il pi\u00f9 grande pezzo della croce di Cristo che\n  esiste oggi.\n\n  <strong>Il suo nome proviene da un&#8217;antica civilt\u00e1 chiamata Vadinia <\/strong\n  >che dominava questa zona della Cantabria e Le\u00f3n. Si tratta di una trib\u00fa\n  preromana\u00a0 anche se non \u00e8 esattamente noto dove si erano stabiliti.Tuttavia, i\n  suoi resti sono identificati nelle vicinanze di questo cammino ed \u00e8 per questo\n  che riceve questo nome.\n  <h3 class=\"mt-4 mb-3\">Nell&#8217;attualit\u00e1<\/h3>\n  Ha sperimentato una certa crescita, all&#8217;inizio del 2000\n  <strong>il suo percorso inizi\u00f3 a essere\u00a0 recuperato<\/strong> da diverse\n  associazioni e dal governo locale investendo nell&#8217;apertura di alloggi in grado\n  di rifornire i pellegrini che decidono di realizzarlo. Per\u00f3 non ha\n  funzionato,non \u00e8 stato fino<span style=\"font-size: 1rem\">\u00a0<\/span\n  ><a\n    href=\"https:\/\/www.pilgrim.es\/it\/il-cammino-lebaniego\/#A\u00f1o-Jubilar-Lebaniego\"\n    style=\"background-color: #ffffff; font-size: 1rem; color: #a7bc2f\"\n    >all&#8217;anno giubilare lebaniego<\/a\n  >, nel 2017, quanto questo ha ripreso.\n<\/div>\n<div class=\"section-post\" id=\"stages\">\n  <h2 class=\"mt-5 mb-3\" id=\"stages\">TAPPE del CaMmino Vadiniense<\/h2>\n  Nella sua prima tappa coincide con le\n  <a href=\"https:\/\/www.pilgrim.es\/it\/il-cammino-lebaniego\/#Etapas\">tappe del Cammino Lebaniego<\/a>,per questo\n  condividerai il percorso con i pellegrini che vanno verso il Monastero di\n  Santo Toribio.\n  <div class=\"table-responsive p-my-10\">\n    <table class=\"table\">\n      <thead>\n        <tr>\n          <th scope=\"col\">tappa<\/th>\n          <th scope=\"col\">Inizio<\/th>\n          <th scope=\"col\">Fine<\/th>\n          <th scope=\"col\">Durata<\/th>\n        <\/tr>\n      <\/thead>\n      <tbody>\n        <tr>\n          <th scope=\"row\">Tappa 1<\/th>\n          <td>San Vicente de la Barquera<\/td>\n          <td>Lafuente<\/td>\n          <td>27 km<\/td>\n        <\/tr>\n        <tr>\n          <th scope=\"row\">Tappa 2<\/th>\n          <td>Lafuente<\/td>\n          <td>Potes<\/td>\n          <td>26,1 km<\/td>\n        <\/tr>\n        <tr>\n          <th scope=\"row\">Tappa 3<\/th>\n          <td>Potes<\/td>\n          <td>Fuentes D\u00e9<\/td>\n          <td>30,5 km<\/td>\n        <\/tr>\n        <tr>\n          <th scope=\"row\">Tappa 4<\/th>\n          <td>Fuentes D\u00e9<\/td>\n          <td>Portilla de la Reina<\/td>\n          <td>21,9 km<\/td>\n        <\/tr>\n        <tr>\n          <th scope=\"row\">Tappa 5<\/th>\n          <td>Portilla de la Reina<\/td>\n          <td>Ria\u00f1o<\/td>\n          <td>19,9 km<\/td>\n        <\/tr>\n        <tr>\n          <th scope=\"row\">Tappa 6<\/th>\n          <td>Ria\u00f1o<\/td>\n          <td>Cr\u00e9menes<\/td>\n          <td>19,9 km<\/td>\n        <\/tr>\n        <tr>\n          <th scope=\"row\">Tappa 7<\/th>\n          <td>Cr\u00e9menes<\/td>\n          <td>Cistierna<\/td>\n          <td>17 km<\/td>\n        <\/tr>\n        <tr>\n          <th scope=\"row\">Tappa 8<\/th>\n          <td>Cistierna<\/td>\n          <td>Gradefes<\/td>\n          <td>22,8 km<\/td>\n        <\/tr>\n        <tr>\n          <th scope=\"row\">Tappa 9<\/th>\n          <td>Gradefes<\/td>\n          <td>Mansilla de las Mulas<\/td>\n          <td>23,1 km<\/td>\n        <\/tr>\n      <\/tbody>\n    <\/table>\n  <\/div>\n  Una volta a\u00a0<a href=\"https:\/\/www.pilgrim.es\/camino-frances\/mansilla-de-las-mulas\/\" style=\"font-size: 1rem; color: #a7bc2f\"\n    >Mansilla de las Mulas<\/a\n  ><span style=\"font-size: 1rem\">,<\/span\n  ><span style=\"font-size: 1rem\">\n    cominceranno a pellegrinare per la rotta pi\u00fa conosciuta mondialemnte,\n    il\u00a0<\/span\n  ><a href=\"https:\/\/www.pilgrim.es\/it\/cammino-francese\/\" style=\"font-size: 1rem; color: #a7bc2f\"\n    >Cammino Francese .<\/a\n  >\n  Questa sar\u00e1 la\n  <a href=\"https:\/\/www.pilgrim.es\/it\/cammino-francese\/tappa-20-mansilla-de-las-mulas-leon\/\" style=\"font-size: 1rem; color: #a7bc2f\"\n    >tappa numero 20<\/a\n  ><span style=\"font-size: 1rem\">\u00a0<\/span\n  ><span style=\"font-size: 1rem\"\n    >\u00a0\u00a0del suo tracciato e tuttavia ce ne saranno ancora altre 13 per arrivare\n    alla fine del Cammino.<\/span\n  >\n<\/div>\n<div class=\"section-post\" id=\"map\">\n  <h2 class=\"mt-5 mb-3\" id=\"map\">Mappa del Cammino Vadiniense<\/h2>\n  <img decoding=\"async\"\n    alt=\"mapa camino vadiniense\"\n    class=\"d-block my-5 text-center\"\n    src=\"\/wp-content\/uploads\/2019\/11\/camino-vadiniense-mapa.jpg\"\n  \/>\n<\/div>\n<div class=\"section-post\" id=\"tips\">\n  <h2 class=\"mt-5 mb-3\" id=\"tips\">\n    Caratteristiche della Rotta giacobea Lebaniega\n  <\/h2>\n  Questa rotta\n  <strong\n    >si trova in piena Cordillera Cant\u00e1brica e attraversa i Picchi\n    dell&#8217;Europa,<\/strong\n  >\n  \u00e9 per questo che il suo percorso \u00e9 uno dei pi\u00fa complicati di tutte le rotte\n  del Cammino di Santiago,specialmente, il suo tratto\u00a0di terra cantabrica, in\n  quanto presenta forti dislivelli che, pur non comportando rischi, sono\n  complessi. Questo Cammino\n  <strong\n    >deve essere transitato soltanto dai pellegrini con una buona forma fisica\n    oppure abituati a fare escursioni in montagna.<\/strong\n  >\n  .La cosa buona di questa esigenza, \u00e8 che pochi pellegrini percorrono questo\n  percorso nel corso dell&#8217;anno, in modo da poter godere di un&#8217;avventura senza la\n  massificazione che a volte subiscono alcuni percorsi del Cammino.\n  <h3 class=\"mt-4 mb-3\">Avviso sul periodo<\/h3>\n  <strong>Un punto abbastanza importante \u00e9<\/strong> che questa rotta non si pu\u00f3\n  realizzare durante la stagione invernale, il motivo \u00e9 che, essere in zone alte\n  e di montagna, si accumulano grandi quantit\u00e1 di neve e si producono forti\n  nevicate.\n  <strong\n    >La miglior stagione per realizzarlo sono l&#8217;autunno o la primavera\u00a0<\/strong\n  >\n<\/div>\n<div class=\"section-post\" id=\"signals\">\n  <h2 class=\"mt-5 mb-3\" id=\"signals\">Segnaletica<\/h2>\n  Durante il percorso che ha in comune con il Cammino Lebaniego, le indicazioni\n  <strong>saranno le caratteristiche della rotta lebaniega<\/strong>, cio\u00e8 segni\n  a forma di frecce rosse accompagnate da una croce rossa.\n  <strong>Una volta separati i cammini<\/strong>,la segnaletica torna ad essere\n  l&#8217;originale del Cammino di Santiago, la freccia gialla e le pietre che\n  indicano il Cammino corretto. Nella parte finale di Cantabria, la segnalazione\n  \u00e9 buona, una volta a Le\u00f3n\u00a0 \u00a0molto ben segnalata e altre che presentano una\n  segnaletica migliorabile per cui, in questo tratto, si fa miglior\n  <strong>attenzione al percorso per il quale continuare.\u00a0<\/strong>\n<\/div>\n<div class=\"section-post\" id=\"pois\">\n  <h2 class=\"mt-5 mb-3\" id=\"pois\">COSA veDERE nELla ROTta Vadiniense<\/h2>\n  Questa rotta ha<strong> una bellezza paesaggistica iniguagliabile<\/strong> nel\n  Cammino di Santiago, il motivo principale \u00e9 la Cordillera Cantabrica dove si\n  trovano i Picchi d&#8217;Europa, i quali ricevono il titolo di Parco Nazionale.\n  Potrai apprezzare una vista iniguagliabile\n  <strong>e vedere in profondit\u00e1 l&#8217;essenza del nord spagnolo.\u00a0<\/strong>\n\n  Oltre al Parco Nazionale, potrai apprezzare altri elementi naturali come la\n  valle del fiume Deva o il patrimonio storico, se decidi di fermarti e visitare\n  il grandioso Monastero di Li\u00e9bana.\n<\/div>\n<div class=\"section-post\">\n  <h2 class=\"mt-5 mb-3\">\u00e9 l&#8217;ora di alzarsi all&#8217;avventura<\/h2>\n  Con questo articolo speriamo di averti dato le informazioni a sufficienza per\n  farti venire <strong>voglia di fare il Cammino Vadiniense.\u00a0<\/strong>Noi non\n  gestiamo alloggi durante questa rotta\u00a0 perch\u00e9 non possiamo garantire la sua\n  disponibilit\u00e1 e qualit\u00e1. Tuttavia, se chiedi aiuto nel loro percorso anteriore\n  o posteriore,non\u00a0esitare a lasciarci i tuoi recapiti, saremo felici di\n  aiutarti.\n\n  <em><strong>\u00a1Ultreia pellegrino!<\/strong><\/em>\n<\/div>\n","protected":false},"excerpt":{"rendered":"<p>Questo tratto unisce la rotta francese e del nord attraverso le localit\u00e1 di San Vincente de la Barquera (Cantabria) e Mansilla de las Mulas (Castilla e Le\u00f3n) in una distanza di,praticamente,201 km divisi in 9 tappe. Nel suo percorso attraversa il famoso Parco Nazionale dei Picchi d&#8217;Europa.<\/p>\n","protected":false},"author":4,"featured_media":124773,"comment_status":"closed","ping_status":"closed","sticky":false,"template":"","format":"standard","meta":{"footnotes":""},"categories":[4,40],"tags":[],"class_list":["post-49671","post","type-post","status-publish","format-standard","has-post-thumbnail","hentry","category-non-categorizzato","category-rotte-del-cammino"],"yoast_head":"<!-- This site is optimized with the Yoast SEO plugin v27.4 - https:\/\/yoast.com\/product\/yoast-seo-wordpress\/ -->\n<title>| Tappe e Mappa | I Picchi d&#039; Europa nella Rotta<\/title>\n<meta name=\"description\" content=\"Il Cammino Vadinense \u00e9 una rotta secondaria del Cammino di Santiago che unisce il Cammino del Nord e Francese attraversando i Picchi d&#039;Europa. \u00a1Scoprilo!\" \/>\n<meta name=\"robots\" content=\"index, follow, max-snippet:-1, max-image-preview:large, max-video-preview:-1\" \/>\n<link rel=\"canonical\" href=\"https:\/\/www.pilgrim.es\/it\/cammino-vadiniense\/\" \/>\n<meta property=\"og:locale\" content=\"it_IT\" \/>\n<meta property=\"og:type\" content=\"article\" \/>\n<meta property=\"og:title\" content=\"| Tappe e Mappa | I Picchi d&#039; Europa nella Rotta\" \/>\n<meta property=\"og:description\" content=\"Il Cammino Vadinense \u00e9 una rotta secondaria del Cammino di Santiago che unisce il Cammino del Nord e Francese attraversando i Picchi d&#039;Europa. \u00a1Scoprilo!\" \/>\n<meta property=\"og:url\" content=\"https:\/\/www.pilgrim.es\/it\/cammino-vadiniense\/\" \/>\n<meta property=\"og:site_name\" content=\"Pilgrim\" \/>\n<meta property=\"article:publisher\" content=\"https:\/\/www.facebook.com\/pilgrim.es\/\" \/>\n<meta property=\"article:published_time\" content=\"2019-12-10T10:33:19+00:00\" \/>\n<meta property=\"article:modified_time\" content=\"2025-06-09T08:41:11+00:00\" \/>\n<meta property=\"og:image\" content=\"https:\/\/www.pilgrim.es\/wp-content\/uploads\/2019\/10\/camino-vadiniense-1.jpg\" \/>\n\t<meta property=\"og:image:width\" content=\"1000\" \/>\n\t<meta property=\"og:image:height\" content=\"666\" \/>\n\t<meta property=\"og:image:type\" content=\"image\/jpeg\" \/>\n<meta name=\"author\" content=\"Pilgrim SEO\" \/>\n<meta name=\"twitter:card\" content=\"summary_large_image\" \/>\n<meta name=\"twitter:creator\" content=\"@pilgrim_es\" \/>\n<meta name=\"twitter:site\" content=\"@pilgrim_es\" \/>\n<meta name=\"twitter:label1\" content=\"Scritto da\" \/>\n\t<meta name=\"twitter:data1\" content=\"Pilgrim SEO\" \/>\n\t<meta name=\"twitter:label2\" content=\"Tempo di lettura stimato\" \/>\n\t<meta name=\"twitter:data2\" content=\"5 minuti\" \/>\n<script type=\"application\/ld+json\" class=\"yoast-schema-graph\">{\"@context\":\"https:\\\/\\\/schema.org\",\"@graph\":[{\"@type\":\"Article\",\"@id\":\"https:\\\/\\\/www.pilgrim.es\\\/it\\\/cammino-vadiniense\\\/#article\",\"isPartOf\":{\"@id\":\"https:\\\/\\\/www.pilgrim.es\\\/it\\\/cammino-vadiniense\\\/\"},\"author\":{\"name\":\"Pilgrim SEO\",\"@id\":\"https:\\\/\\\/www.pilgrim.es\\\/it\\\/#\\\/schema\\\/person\\\/14d46e928a02bc9b20d435748438c3e0\"},\"headline\":\"Cammino Vadiniense\",\"datePublished\":\"2019-12-10T10:33:19+00:00\",\"dateModified\":\"2025-06-09T08:41:11+00:00\",\"mainEntityOfPage\":{\"@id\":\"https:\\\/\\\/www.pilgrim.es\\\/it\\\/cammino-vadiniense\\\/\"},\"wordCount\":818,\"publisher\":{\"@id\":\"https:\\\/\\\/www.pilgrim.es\\\/it\\\/#organization\"},\"image\":{\"@id\":\"https:\\\/\\\/www.pilgrim.es\\\/it\\\/cammino-vadiniense\\\/#primaryimage\"},\"thumbnailUrl\":\"https:\\\/\\\/www.pilgrim.es\\\/wp-content\\\/uploads\\\/2019\\\/10\\\/camino-vadiniense-1.jpg\",\"articleSection\":[\"Non categorizzato\",\"Rotte del Cammino\"],\"inLanguage\":\"it-IT\"},{\"@type\":\"WebPage\",\"@id\":\"https:\\\/\\\/www.pilgrim.es\\\/it\\\/cammino-vadiniense\\\/\",\"url\":\"https:\\\/\\\/www.pilgrim.es\\\/it\\\/cammino-vadiniense\\\/\",\"name\":\"| Tappe e Mappa | I Picchi d' Europa nella Rotta\",\"isPartOf\":{\"@id\":\"https:\\\/\\\/www.pilgrim.es\\\/it\\\/#website\"},\"primaryImageOfPage\":{\"@id\":\"https:\\\/\\\/www.pilgrim.es\\\/it\\\/cammino-vadiniense\\\/#primaryimage\"},\"image\":{\"@id\":\"https:\\\/\\\/www.pilgrim.es\\\/it\\\/cammino-vadiniense\\\/#primaryimage\"},\"thumbnailUrl\":\"https:\\\/\\\/www.pilgrim.es\\\/wp-content\\\/uploads\\\/2019\\\/10\\\/camino-vadiniense-1.jpg\",\"datePublished\":\"2019-12-10T10:33:19+00:00\",\"dateModified\":\"2025-06-09T08:41:11+00:00\",\"description\":\"Il Cammino Vadinense \u00e9 una rotta secondaria del Cammino di Santiago che unisce il Cammino del Nord e Francese attraversando i Picchi d'Europa. \u00a1Scoprilo!\",\"breadcrumb\":{\"@id\":\"https:\\\/\\\/www.pilgrim.es\\\/it\\\/cammino-vadiniense\\\/#breadcrumb\"},\"inLanguage\":\"it-IT\",\"potentialAction\":[{\"@type\":\"ReadAction\",\"target\":[\"https:\\\/\\\/www.pilgrim.es\\\/it\\\/cammino-vadiniense\\\/\"]}]},{\"@type\":\"ImageObject\",\"inLanguage\":\"it-IT\",\"@id\":\"https:\\\/\\\/www.pilgrim.es\\\/it\\\/cammino-vadiniense\\\/#primaryimage\",\"url\":\"https:\\\/\\\/www.pilgrim.es\\\/wp-content\\\/uploads\\\/2019\\\/10\\\/camino-vadiniense-1.jpg\",\"contentUrl\":\"https:\\\/\\\/www.pilgrim.es\\\/wp-content\\\/uploads\\\/2019\\\/10\\\/camino-vadiniense-1.jpg\",\"width\":1000,\"height\":666},{\"@type\":\"BreadcrumbList\",\"@id\":\"https:\\\/\\\/www.pilgrim.es\\\/it\\\/cammino-vadiniense\\\/#breadcrumb\",\"itemListElement\":[{\"@type\":\"ListItem\",\"position\":1,\"name\":\"Camino de Santiago\",\"item\":\"https:\\\/\\\/www.pilgrim.es\\\/it\\\/\"},{\"@type\":\"ListItem\",\"position\":2,\"name\":\"Cammino Vadiniense\"}]},{\"@type\":\"WebSite\",\"@id\":\"https:\\\/\\\/www.pilgrim.es\\\/it\\\/#website\",\"url\":\"https:\\\/\\\/www.pilgrim.es\\\/it\\\/\",\"name\":\"Pilgrim\",\"description\":\"Camino de Santiago | Caminamos Contigo\",\"publisher\":{\"@id\":\"https:\\\/\\\/www.pilgrim.es\\\/it\\\/#organization\"},\"potentialAction\":[{\"@type\":\"SearchAction\",\"target\":{\"@type\":\"EntryPoint\",\"urlTemplate\":\"https:\\\/\\\/www.pilgrim.es\\\/it\\\/?s={search_term_string}\"},\"query-input\":{\"@type\":\"PropertyValueSpecification\",\"valueRequired\":true,\"valueName\":\"search_term_string\"}}],\"inLanguage\":\"it-IT\"},{\"@type\":\"Organization\",\"@id\":\"https:\\\/\\\/www.pilgrim.es\\\/it\\\/#organization\",\"name\":\"Pilgrim Camino de Santiago\",\"url\":\"https:\\\/\\\/www.pilgrim.es\\\/it\\\/\",\"logo\":{\"@type\":\"ImageObject\",\"inLanguage\":\"it-IT\",\"@id\":\"https:\\\/\\\/www.pilgrim.es\\\/it\\\/#\\\/schema\\\/logo\\\/image\\\/\",\"url\":\"https:\\\/\\\/www.pilgrim.es\\\/wp-content\\\/uploads\\\/2019\\\/04\\\/logo_pilgrim.png\",\"contentUrl\":\"https:\\\/\\\/www.pilgrim.es\\\/wp-content\\\/uploads\\\/2019\\\/04\\\/logo_pilgrim.png\",\"width\":512,\"height\":512,\"caption\":\"Pilgrim Camino de Santiago\"},\"image\":{\"@id\":\"https:\\\/\\\/www.pilgrim.es\\\/it\\\/#\\\/schema\\\/logo\\\/image\\\/\"},\"sameAs\":[\"https:\\\/\\\/www.facebook.com\\\/pilgrim.es\\\/\",\"https:\\\/\\\/x.com\\\/pilgrim_es\",\"https:\\\/\\\/www.instagram.com\\\/pilgrim.es\\\/\",\"https:\\\/\\\/www.linkedin.com\\\/company\\\/pilgrim-camino-de-santiago\\\/\",\"https:\\\/\\\/www.pinterest.es\\\/pilgrimcaminodesantiago\\\/\",\"https:\\\/\\\/www.youtube.com\\\/channel\\\/UCIv2ZzFLXVqthkNF32rKedw\\\/featured\"]},{\"@type\":\"Person\",\"@id\":\"https:\\\/\\\/www.pilgrim.es\\\/it\\\/#\\\/schema\\\/person\\\/14d46e928a02bc9b20d435748438c3e0\",\"name\":\"Pilgrim SEO\",\"image\":{\"@type\":\"ImageObject\",\"inLanguage\":\"it-IT\",\"@id\":\"https:\\\/\\\/secure.gravatar.com\\\/avatar\\\/52a31ce4f1af059b5077e8c5aee5741b9dec86b4b6ee6b2a7e5aefc4ee670045?s=96&d=mm&r=g\",\"url\":\"https:\\\/\\\/secure.gravatar.com\\\/avatar\\\/52a31ce4f1af059b5077e8c5aee5741b9dec86b4b6ee6b2a7e5aefc4ee670045?s=96&d=mm&r=g\",\"contentUrl\":\"https:\\\/\\\/secure.gravatar.com\\\/avatar\\\/52a31ce4f1af059b5077e8c5aee5741b9dec86b4b6ee6b2a7e5aefc4ee670045?s=96&d=mm&r=g\",\"caption\":\"Pilgrim SEO\"}}]}<\/script>\n<!-- \/ Yoast SEO plugin. -->","yoast_head_json":{"title":"| Tappe e Mappa | I Picchi d' Europa nella Rotta","description":"Il Cammino Vadinense \u00e9 una rotta secondaria del Cammino di Santiago che unisce il Cammino del Nord e Francese attraversando i Picchi d'Europa. \u00a1Scoprilo!","robots":{"index":"index","follow":"follow","max-snippet":"max-snippet:-1","max-image-preview":"max-image-preview:large","max-video-preview":"max-video-preview:-1"},"canonical":"https:\/\/www.pilgrim.es\/it\/cammino-vadiniense\/","og_locale":"it_IT","og_type":"article","og_title":"| Tappe e Mappa | I Picchi d' Europa nella Rotta","og_description":"Il Cammino Vadinense \u00e9 una rotta secondaria del Cammino di Santiago che unisce il Cammino del Nord e Francese attraversando i Picchi d'Europa. \u00a1Scoprilo!","og_url":"https:\/\/www.pilgrim.es\/it\/cammino-vadiniense\/","og_site_name":"Pilgrim","article_publisher":"https:\/\/www.facebook.com\/pilgrim.es\/","article_published_time":"2019-12-10T10:33:19+00:00","article_modified_time":"2025-06-09T08:41:11+00:00","og_image":[{"width":1000,"height":666,"url":"https:\/\/www.pilgrim.es\/wp-content\/uploads\/2019\/10\/camino-vadiniense-1.jpg","type":"image\/jpeg"}],"author":"Pilgrim SEO","twitter_card":"summary_large_image","twitter_creator":"@pilgrim_es","twitter_site":"@pilgrim_es","twitter_misc":{"Scritto da":"Pilgrim SEO","Tempo di lettura stimato":"5 minuti"},"schema":{"@context":"https:\/\/schema.org","@graph":[{"@type":"Article","@id":"https:\/\/www.pilgrim.es\/it\/cammino-vadiniense\/#article","isPartOf":{"@id":"https:\/\/www.pilgrim.es\/it\/cammino-vadiniense\/"},"author":{"name":"Pilgrim SEO","@id":"https:\/\/www.pilgrim.es\/it\/#\/schema\/person\/14d46e928a02bc9b20d435748438c3e0"},"headline":"Cammino Vadiniense","datePublished":"2019-12-10T10:33:19+00:00","dateModified":"2025-06-09T08:41:11+00:00","mainEntityOfPage":{"@id":"https:\/\/www.pilgrim.es\/it\/cammino-vadiniense\/"},"wordCount":818,"publisher":{"@id":"https:\/\/www.pilgrim.es\/it\/#organization"},"image":{"@id":"https:\/\/www.pilgrim.es\/it\/cammino-vadiniense\/#primaryimage"},"thumbnailUrl":"https:\/\/www.pilgrim.es\/wp-content\/uploads\/2019\/10\/camino-vadiniense-1.jpg","articleSection":["Non categorizzato","Rotte del Cammino"],"inLanguage":"it-IT"},{"@type":"WebPage","@id":"https:\/\/www.pilgrim.es\/it\/cammino-vadiniense\/","url":"https:\/\/www.pilgrim.es\/it\/cammino-vadiniense\/","name":"| Tappe e Mappa | I Picchi d' Europa nella Rotta","isPartOf":{"@id":"https:\/\/www.pilgrim.es\/it\/#website"},"primaryImageOfPage":{"@id":"https:\/\/www.pilgrim.es\/it\/cammino-vadiniense\/#primaryimage"},"image":{"@id":"https:\/\/www.pilgrim.es\/it\/cammino-vadiniense\/#primaryimage"},"thumbnailUrl":"https:\/\/www.pilgrim.es\/wp-content\/uploads\/2019\/10\/camino-vadiniense-1.jpg","datePublished":"2019-12-10T10:33:19+00:00","dateModified":"2025-06-09T08:41:11+00:00","description":"Il Cammino Vadinense \u00e9 una rotta secondaria del Cammino di Santiago che unisce il Cammino del Nord e Francese attraversando i Picchi d'Europa. \u00a1Scoprilo!","breadcrumb":{"@id":"https:\/\/www.pilgrim.es\/it\/cammino-vadiniense\/#breadcrumb"},"inLanguage":"it-IT","potentialAction":[{"@type":"ReadAction","target":["https:\/\/www.pilgrim.es\/it\/cammino-vadiniense\/"]}]},{"@type":"ImageObject","inLanguage":"it-IT","@id":"https:\/\/www.pilgrim.es\/it\/cammino-vadiniense\/#primaryimage","url":"https:\/\/www.pilgrim.es\/wp-content\/uploads\/2019\/10\/camino-vadiniense-1.jpg","contentUrl":"https:\/\/www.pilgrim.es\/wp-content\/uploads\/2019\/10\/camino-vadiniense-1.jpg","width":1000,"height":666},{"@type":"BreadcrumbList","@id":"https:\/\/www.pilgrim.es\/it\/cammino-vadiniense\/#breadcrumb","itemListElement":[{"@type":"ListItem","position":1,"name":"Camino de Santiago","item":"https:\/\/www.pilgrim.es\/it\/"},{"@type":"ListItem","position":2,"name":"Cammino Vadiniense"}]},{"@type":"WebSite","@id":"https:\/\/www.pilgrim.es\/it\/#website","url":"https:\/\/www.pilgrim.es\/it\/","name":"Pilgrim","description":"Camino de Santiago | Caminamos Contigo","publisher":{"@id":"https:\/\/www.pilgrim.es\/it\/#organization"},"potentialAction":[{"@type":"SearchAction","target":{"@type":"EntryPoint","urlTemplate":"https:\/\/www.pilgrim.es\/it\/?s={search_term_string}"},"query-input":{"@type":"PropertyValueSpecification","valueRequired":true,"valueName":"search_term_string"}}],"inLanguage":"it-IT"},{"@type":"Organization","@id":"https:\/\/www.pilgrim.es\/it\/#organization","name":"Pilgrim Camino de Santiago","url":"https:\/\/www.pilgrim.es\/it\/","logo":{"@type":"ImageObject","inLanguage":"it-IT","@id":"https:\/\/www.pilgrim.es\/it\/#\/schema\/logo\/image\/","url":"https:\/\/www.pilgrim.es\/wp-content\/uploads\/2019\/04\/logo_pilgrim.png","contentUrl":"https:\/\/www.pilgrim.es\/wp-content\/uploads\/2019\/04\/logo_pilgrim.png","width":512,"height":512,"caption":"Pilgrim Camino de Santiago"},"image":{"@id":"https:\/\/www.pilgrim.es\/it\/#\/schema\/logo\/image\/"},"sameAs":["https:\/\/www.facebook.com\/pilgrim.es\/","https:\/\/x.com\/pilgrim_es","https:\/\/www.instagram.com\/pilgrim.es\/","https:\/\/www.linkedin.com\/company\/pilgrim-camino-de-santiago\/","https:\/\/www.pinterest.es\/pilgrimcaminodesantiago\/","https:\/\/www.youtube.com\/channel\/UCIv2ZzFLXVqthkNF32rKedw\/featured"]},{"@type":"Person","@id":"https:\/\/www.pilgrim.es\/it\/#\/schema\/person\/14d46e928a02bc9b20d435748438c3e0","name":"Pilgrim SEO","image":{"@type":"ImageObject","inLanguage":"it-IT","@id":"https:\/\/secure.gravatar.com\/avatar\/52a31ce4f1af059b5077e8c5aee5741b9dec86b4b6ee6b2a7e5aefc4ee670045?s=96&d=mm&r=g","url":"https:\/\/secure.gravatar.com\/avatar\/52a31ce4f1af059b5077e8c5aee5741b9dec86b4b6ee6b2a7e5aefc4ee670045?s=96&d=mm&r=g","contentUrl":"https:\/\/secure.gravatar.com\/avatar\/52a31ce4f1af059b5077e8c5aee5741b9dec86b4b6ee6b2a7e5aefc4ee670045?s=96&d=mm&r=g","caption":"Pilgrim SEO"}}]}},"_links":{"self":[{"href":"https:\/\/www.pilgrim.es\/it\/wp-json\/wp\/v2\/posts\/49671","targetHints":{"allow":["GET"]}}],"collection":[{"href":"https:\/\/www.pilgrim.es\/it\/wp-json\/wp\/v2\/posts"}],"about":[{"href":"https:\/\/www.pilgrim.es\/it\/wp-json\/wp\/v2\/types\/post"}],"author":[{"embeddable":true,"href":"https:\/\/www.pilgrim.es\/it\/wp-json\/wp\/v2\/users\/4"}],"replies":[{"embeddable":true,"href":"https:\/\/www.pilgrim.es\/it\/wp-json\/wp\/v2\/comments?post=49671"}],"version-history":[{"count":6,"href":"https:\/\/www.pilgrim.es\/it\/wp-json\/wp\/v2\/posts\/49671\/revisions"}],"predecessor-version":[{"id":127320,"href":"https:\/\/www.pilgrim.es\/it\/wp-json\/wp\/v2\/posts\/49671\/revisions\/127320"}],"wp:featuredmedia":[{"embeddable":true,"href":"https:\/\/www.pilgrim.es\/it\/wp-json\/wp\/v2\/media\/124773"}],"wp:attachment":[{"href":"https:\/\/www.pilgrim.es\/it\/wp-json\/wp\/v2\/media?parent=49671"}],"wp:term":[{"taxonomy":"category","embeddable":true,"href":"https:\/\/www.pilgrim.es\/it\/wp-json\/wp\/v2\/categories?post=49671"},{"taxonomy":"post_tag","embeddable":true,"href":"https:\/\/www.pilgrim.es\/it\/wp-json\/wp\/v2\/tags?post=49671"}],"curies":[{"name":"wp","href":"https:\/\/api.w.org\/{rel}","templated":true}]}}