{"id":49646,"date":"2019-12-04T13:40:26","date_gmt":"2019-12-04T13:40:26","guid":{"rendered":"https:\/\/prod.pilgrim.es\/che-vestiti-portare-per-fare-il-cammino-di-santiago\/"},"modified":"2025-06-09T08:23:33","modified_gmt":"2025-06-09T08:23:33","slug":"che-vestiti-portare-per-fare-il-cammino-di-santiago","status":"publish","type":"post","link":"https:\/\/www.pilgrim.es\/it\/che-vestiti-portare-per-fare-il-cammino-di-santiago\/","title":{"rendered":"\u00bfChe vestiti portare per fare il Cammino di Santiago?"},"content":{"rendered":"\n<div class=\"entry-content__introduction\">\n  <p>\n    Una volta che tutti i pellegrini decidono di iniziare a percorrere il\n    <a href=\"https:\/\/www.pilgrim.es\/it\/cammini\/\">Cammino di Santiago<\/a>arriva ad un punto che si\n    chiede <strong>che vestiti indossare<\/strong> per fare il Cammino di\n    Santiago.\n  <\/p>\n\n  <h5>\n    INOLTRE TI POTREBBE INTERESSARE:\n    <a href=\"https:\/\/www.pilgrim.es\/mejor-epoca-del-ano-para-hacer-el-camino-de-santiago\/\"\n      >IL MIGLIOR PERIODO DELL&#8217;ANNO PER FARE IL CAMMINO DI SANTIAGO<\/a\n    >\n  <\/h5>\n\n  <p>\n    Attraverso questo post di blog intendiamo risolvere tutti i dubbi relativi a\n    questo argomento, inoltre distingueremo il bagaglio da portare<strong\n      >in funzione del periodo dell&#8217;anno<\/strong\n    >\n    in cui ci avventurarci a percorrere il percorso giacobeo\n  <\/p>\n<\/div>\n<hr class=\"single-bar\" \/>\n<ul>\n  <span>Indice<\/span>\n  <li>\n    <a href=\"#Invierno\">In Inverno<\/a>\n    <ul>\n      <li><a href=\"#Ropa-Invierno\">Lista dei vestiti<\/a><\/li>\n      <li><a href=\"#Calzado-Verano\">Tipo di scarpe<\/a><\/li>\n    <\/ul>\n  <\/li>\n  <li>\n    <a href=\"#Primavera-Otono\">Primavera e Autunno<\/a>\n    <ul>\n      <li><a href=\"#Ropa\">Lista dei vestiti<\/a><\/li>\n      <li><a href=\"#Calzado\">Tipo di scarpe<\/a><\/li>\n    <\/ul>\n  <\/li>\n<\/ul>\n<hr class=\"single-bar\" \/>\n<div\n  id=\"che-vestiti-portare-per-fare-il-cammino-di-santiago-in-estate\"\n  class=\"section-post\"\n>\n  <h2 id=\"Verano\">\n    CHE VESTITI PORTARE PER FARE IL CAMMINO DI SANTIAGO IN ESTATE\n  <\/h2>\n\n  <p>\n    Nel decidere gli abiti che indosseremo, \u00e8 consigliabile\n    <strong>tener conto delle condizioni climatiche<\/strong> che ci troveremo in\n    funzione del periodo dell&#8217;anno in cui percorreremo il Cammino.\n  <\/p>\n\n  <div class=\"row\">\n    <div class=\"col-12 col-md-3\"><\/div>\n    <div class=\"col-12 col-md-6\"><\/div>\n    <div class=\"col-12 col-md-3\"><\/div>\n  <\/div>\n\n  <p>\n    Nel caso decidessimo di intraprendere<a href=\"https:\/\/www.pilgrim.es\/it\/cammino-di-santiago-estate\/\"\n      >questa avventura in estate<\/a\n    >una possibilit\u00e0 del bagaglio che possiamo portare \u00e8:\n  <\/p>\n\n  <h3 id=\"Ropa-Verano\">LISTA DEI VESTITI<\/h3>\n\n  <ul>\n    <li>\n      <strong>Un paio di magliette traspiranti:<\/strong> sono molto comodi e\n      facile da asciugare.\n    <\/li>\n    <li>\n      <strong>Una camicia:<\/strong>Potremo utilizzare al termine delle tappe per\n      visitare i luoghi di interesse dei diversi popoli che incontreremo lungo\n      il Cammino.\n    <\/li>\n    <li>\n      <strong>Due pantaloni:<\/strong>Preferibilmente uno smontabile e un&#8217;altro\n      corto\n    <\/li>\n    <li>\n      <strong>Tre cambi di biancheria intima:<\/strong> Saranno sufficienti\n      perch\u00e9 in quasi tutti gli alloggi in cui pernotteremo avremo la\n      possibilit\u00e0 di lavare i vestiti e cos\u00ec eviteremo di caricare pesi inutili.\n    <\/li>\n    <li>\n      <strong>Tre paia di calzini :<\/strong> Senza cuciture e anti- vesciche\n      preferibilmente\n    <\/li>\n    <li>\n      <strong>Un maglione:<\/strong> non troppo spesso e leggero per le notti pi\u00f9\n      fresche.\n    <\/li>\n    <li>\n      <strong>Giacca e pantalone impermeabile:<\/strong> Anche se siamo in\n      periodo estivo non dobbiamo dimenticare che il\n      <strong>Cammino di Santiago<\/strong>finisce in Galizia ed evidentemente\n      questa terra \u00e8 caratterizzata dalle sue piogge indipendentemente dal\n      periodo dell&#8217;anno.\n    <\/li>\n    <li>\n      <strong>Infradito:<\/strong> Molto utili per la doccia e per rilassare i\n      nostri piedi dopo le lunghe passeggiate.\n    <\/li>\n    <li>\n      <strong>Costume da bagno:<\/strong> Elemento fondamentale per fare il\n      <strong>Cammino di Santiago in estate<\/strong> ed \u00e8 che tutti i percorsi\n      del Cammino di Santiago mettono a nostra disposizione zone di balneazione,\n      sia spiagge, fiumi o piscine, e in alcune zone, e soprattutto in\n      quest&#8217;epoca, sar\u00e0 indispensabile rinfrescarsi per continuare a camminare.\n    <\/li>\n  <\/ul>\n\n  <h3 id=\"Calzado-Verano\">PER QUANTO RIGUARDA LE SCARPE<\/h3>\n\n  <p>\n    Per quest&#8217;epoca <a href=\"https:\/\/www.pilgrim.es\/it\/che-scarpe-sono-adeguate-per-il-cammino-di-santiago\/\">\u00e8 consigliabile<\/a> avere\n    <strong>scarpe da trekking<\/strong>, perch\u00e9 queste sono pi\u00f9 comode dei\n    classici stivali senza rinunciare alla protezione necessaria per camminare\n    lungo le diverse fasi.\n  <\/p>\n\n  <p>\n    Nei mesi pi\u00f9 caldi dell&#8217;anno<strong\n      >consigliamo anche di indossare sandali da trekking<\/strong\n    >, saranno molto utili per alcuni tratti del Cammino di Santiago, perch\u00e9 ci\n    permettono di camminare comodamente e inoltre i nostri piedi saranno\n    ventilati correttamente.\n  <\/p>\n\n  <p>\n    <a href=\"https:\/\/www.pilgrim.es\/it\/che-metto-nello-zaino-per-fare-il-cammino-di-santiago\/\">Il nostro zaino<\/a> in estate non dovrebbe arrivare a\n    pesare <strong>nemmeno il 10 per cento del nostro corpo<\/strong>, come i\n    vestiti indicati per queste date di solito pesano e occupano meno spazio.\n    Inoltre, come sempre vi diciamo, dimenticatevi degli altri, questi non hanno\n    posto nel Cammino di Santiago.\n  <\/p>\n<\/div>\n<div\n  id=\"che-vestiti-portare-per-fare-il-cammino-di-santiago-in-inverno\"\n  class=\"section-post\"\n>\n  <h2 id=\"Invierno\">\n    CHE VESTITI PORTARE PER FARE IL CAMMINO DI SANTIAGO IN INVERNO\n  <\/h2>\n\n  <p>\n    Per fare il <a href=\"https:\/\/www.pilgrim.es\/it\/il-cammino-di-santiago-in-inverno\/\">Cammino di Santiago in Inverno <\/a> \u00e9\n    importante tenere a mente che non mettendo pi\u00fa strati saremo pi\u00fa riparati,ma\n    <strong>se usiamo vestiti termici (<\/strong> magliette e pantaloni termici,\n    copri-vento ecc..) <strong>potrai camminare con meno peso<\/strong> e anche\n    se, \u201ca priori\u201d, ti sembrer\u00e0 di essere meno al caldo, nel momento in cui\n    inizierai a camminare, apprezzerai come il sudore del corpo e\n    l&#8217;abbigliamento tecnico mantengono la sensazione di calore e offrono una\n    maggiore comodit\u00e0 rispetto all&#8217;abbigliamento tradizionale.\n  <\/p>\n\n  <p>\n    Il tuo zaino anatomico dovr\u00e0 essere un po&#8217; pi\u00f9 pesante, perch\u00e9 d&#8217;inverno\n    <strong>si portano pi\u00f9 vestiti<\/strong> e questo, essendo un cappotto, di\n    solito pesa di pi\u00f9.\n  <\/p>\n\n  <p>\n    Per evitare di portare peso inutile la<strong\n      >nostra raccomandazione del bagaglio<\/strong\n    >\n    per fare il Cammino di Santiago in inverno \u00e8:\n  <\/p>\n\n  <h3 id=\"Ropa-Invierno\">LISTA DEI VESTITI<\/h3>\n\n  <ul>\n    <li>\n      <strong>Due magliette termiche e altre due in cotone:<\/strong> Consigliamo\n      di indossare due magliette termiche molto utili per mantenere la\n      temperatura corporea adeguata soprattutto quando si cammina, e altre due\n      di cotone da utilizzare in momenti specifici o dopo la fine della fase.\n    <\/li>\n    <li>\n      <strong>Maglia Termica<\/strong> Possono essere molto utili, sia da\n      indossare sotto i pantaloni nel caso di indossare dei pantaloncini o da\n      indossare come pantaloni nel caso in cui siano lunghi.\n    <\/li>\n    <li>\n      <strong>Un paio di camicie:<\/strong> Da utilizzare sia a piedi che alla\n      fine della tappa, in questo periodo se le camicie con un po&#8217; spesse meglio\n      che meglio.\n    <\/li>\n    <li>\n      <strong>Un paio di pantaloni:<\/strong> Se sono impermeabili e da trekking\n      molto meglio.\n    <\/li>\n    <li>\n      <strong>Una fodera in pile<\/strong>: Che sia spessa e preferibilmente di\n      tipo tecnico traspirante, sar\u00e0 di grande aiuto per percorrere le centinaia\n      di chilometri del Cammino di Santiago.\n    <\/li>\n    <li>\n      <strong>Un maglione:<\/strong> Si consiglia di indossare solo un maglione e\n      di prenderlo spesso. Molto utile soprattutto per visitare le zone\n      monumentali dei villaggi del Cammino.\n    <\/li>\n    <li>\n      <strong>Biancheria intima:<\/strong> 3 unit\u00e0 per il lavaggio lungo il\n      Cammino\n    <\/li>\n    <li>\n      <strong>3 paia di calzini:<\/strong>Senza cuciture o anti-vesciche In\n      questo periodo consigliamo anche di indossare calzini spessi per evitare\n      di avere freddo ai piedi.\n    <\/li>\n    <li>\n      <strong>Mantello o poncho:<\/strong> Impermeabile per proteggersi dalla\n      pioggia e per coprire sia il pellegrino che lo zaino, per evitare che il\n      contenuto possa deteriorarsi.\n    <\/li>\n    <li>\n      <strong>Berretto, guanti e slip per il collo:<\/strong>indispensabili in\n      questo periodo per evitare che il calore fuoriesca dalle varie estremit\u00e0\n      del corpo.\n    <\/li>\n    <li>\n      <strong>Infradito:<\/strong> Indispensabili per dopo la passeggiata e per\n      le docce degli ostelli.\n    <\/li>\n  <\/ul>\n\n  <h3 id=\"Calzado-Invierno\">PER QUANTO RIGUARDA LE SCARPE<\/h3>\n\n  <p>\n    Le scarpe durante il Cammino di Santiago in inverno sono abbastanza chiare.\n  <\/p>\n\n  <p>\n    <strong\n      >Raccomandiamo senza esitazione di indossare dei buoni scarponi da\n      montagna<\/strong\n    >, che incorporino la tecnologia Gore-Tex per facilitare la traspirazione\n    dei piedi, media o alta per apportare pi\u00f9 presa alle nostre caviglie e che\n    non siano nuovi, devono essere state utilizzate in precedenza per evitare\n    che le nostre estremit\u00e0 inferiori vengano danneggiate.\n  <\/p>\n<\/div>\n<div\n  id=\"che-vestiti-portare-per-fare-il-cammino-di-santiago-in-primavera-e-autunno\"\n  class=\"section-post\"\n>\n  <h2 id=\"Primavera-Otono\">\n    CHE VESTITI PORTARE PER FARE IL CAMMINO DI SANTIAGO IN PRIMAVERA E AUTUNNO\n  <\/h2>\n\n  <p>\n    In questo periodo dell&#8217;anno dovremo fare una specie di\n    <strong>mescolanza tra i bagagli precedenti<\/strong>visto che non\n    indosseremo cos\u00ec tanti abiti come d&#8217;inverno, ma non saremo freschi come\n    d&#8217;estate, Ma in questo momento dobbiamo essere precisi sul peso del nostro\n    zaino e dobbiamo caricarlo al massimo con il 10% del nostro peso corporeo.\n  <\/p>\n\n  <h3 id=\"Ropa\">LISTA DEI VESTITI<\/h3>\n\n  <p>\n    I vestiti che indosseremo per fare il Cammino di Santiago in primavera e in\n    autunno <strong>saranno simili a quelli invernali<\/strong> in cui\n    indosseremo molti abiti tecnici <strong>ma<\/strong>\n    <strong>dimenticheremo tutti i vestiti spessi<\/strong> di riparo per\n    sostituirli con altri pi\u00f9 freschi.\n  <\/p>\n\n  <p>\n    In questi tempi ci \u00e8 pi\u00f9 necessario proteggerci dal vento e dalla pioggia\n    che dal freddo in s\u00e9, perci\u00f2\n    <strong>copriremo i nostri zaini con<\/strong>gusci traspiranti, strati\n    impermeabili e copri-zaini che impediranno all&#8217;acqua di intaccare sia noi\n    che i nostri beni personali.\n  <\/p>\n\n  <h3 id=\"Calzado\">PER QUANTO RIGUARDA LE SCARPE<\/h3>\n\n  <p>\n    In primavera consigliamo le <strong>scarpe da trekking<\/strong>, perch\u00e9 sono\n    meno pesanti e possono sopportare le piogge primaverili senza alcun\n    problema.\n  <\/p>\n\n  <p>\n    Per l&#8217;autunno possiamo alternare stivali e scarpe da ginnastica, poich\u00e9\n    entrambe le varianti di calzature si adatteranno perfettamente alle nostre\n    esigenze.\n  <\/p>\n\n  <p>\n    Ora che sappiamo tutto <strong>quello che dobbiamo portare<\/strong>per\n    completare il Cammino di Santiago con successo, non ci sono pi\u00f9 scuse per\n    non avventurarti a percorrere<a href=\"https:\/\/www.pilgrim.es\/it\/cammini\/\"\n      >i diversi percorsi giacobei<\/a\n    >cos\u00ec carichi di magia e storia.\n  <\/p>\n\n  <p>Siamo sicuri che sar\u00e1 un esperienza che ti cambier\u00e0 per sempre<\/p>\n\n  <p>\n    <em><strong>Pellegrini Ultreia!<\/strong><\/em>\n  <\/p>\n<\/div>\n","protected":false},"excerpt":{"rendered":"<p>Attraverso questo post sul blog intendiamo risolvere tutti i dubbi relativi a questo argomento, inoltre distingueremo il bagaglio da portare in base al periodo dell&#8217;anno in cui ci avventuriamo a percorrere il percorso giacobeo.<\/p>\n","protected":false},"author":4,"featured_media":124947,"comment_status":"open","ping_status":"closed","sticky":false,"template":"","format":"standard","meta":{"footnotes":""},"categories":[41],"tags":[],"class_list":["post-49646","post","type-post","status-publish","format-standard","has-post-thumbnail","hentry","category-consigli"],"yoast_head":"<!-- This site is optimized with the Yoast SEO plugin v27.4 - https:\/\/yoast.com\/product\/yoast-seo-wordpress\/ -->\n<title>\u25b7 \u00bfChe vestiti portare per fare il Cammino di Santiago ? | Pilgrim<\/title>\n<meta name=\"description\" content=\"|||\u27a4 Scopri tutte le informazioni necessarie su cosa portare per fare il Cammino di Santiago \u2705 in diversi periodi dell&#039;anno\" \/>\n<meta name=\"robots\" content=\"index, follow, max-snippet:-1, max-image-preview:large, max-video-preview:-1\" \/>\n<link rel=\"canonical\" href=\"https:\/\/www.pilgrim.es\/it\/che-vestiti-portare-per-fare-il-cammino-di-santiago\/\" \/>\n<meta property=\"og:locale\" content=\"it_IT\" \/>\n<meta property=\"og:type\" content=\"article\" \/>\n<meta property=\"og:title\" content=\"\u25b7 \u00bfChe vestiti portare per fare il Cammino di Santiago ? | Pilgrim\" \/>\n<meta property=\"og:description\" content=\"|||\u27a4 Scopri tutte le informazioni necessarie su cosa portare per fare il Cammino di Santiago \u2705 in diversi periodi dell&#039;anno\" \/>\n<meta property=\"og:url\" content=\"https:\/\/www.pilgrim.es\/it\/che-vestiti-portare-per-fare-il-cammino-di-santiago\/\" \/>\n<meta property=\"og:site_name\" content=\"Pilgrim\" \/>\n<meta property=\"article:publisher\" content=\"https:\/\/www.facebook.com\/pilgrim.es\/\" \/>\n<meta property=\"article:published_time\" content=\"2019-12-04T13:40:26+00:00\" \/>\n<meta property=\"article:modified_time\" content=\"2025-06-09T08:23:33+00:00\" \/>\n<meta property=\"og:image\" content=\"https:\/\/www.pilgrim.es\/wp-content\/uploads\/2019\/04\/ropa-camino-de-santiago-2.jpg\" \/>\n\t<meta property=\"og:image:width\" content=\"1000\" \/>\n\t<meta property=\"og:image:height\" content=\"666\" \/>\n\t<meta property=\"og:image:type\" content=\"image\/jpeg\" \/>\n<meta name=\"author\" content=\"Pilgrim SEO\" \/>\n<meta name=\"twitter:card\" content=\"summary_large_image\" \/>\n<meta name=\"twitter:creator\" content=\"@pilgrim_es\" \/>\n<meta name=\"twitter:site\" content=\"@pilgrim_es\" \/>\n<meta name=\"twitter:label1\" content=\"Scritto da\" \/>\n\t<meta name=\"twitter:data1\" content=\"Pilgrim SEO\" \/>\n\t<meta name=\"twitter:label2\" content=\"Tempo di lettura stimato\" \/>\n\t<meta name=\"twitter:data2\" content=\"6 minuti\" \/>\n<script type=\"application\/ld+json\" class=\"yoast-schema-graph\">{\"@context\":\"https:\\\/\\\/schema.org\",\"@graph\":[{\"@type\":\"Article\",\"@id\":\"https:\\\/\\\/www.pilgrim.es\\\/it\\\/che-vestiti-portare-per-fare-il-cammino-di-santiago\\\/#article\",\"isPartOf\":{\"@id\":\"https:\\\/\\\/www.pilgrim.es\\\/it\\\/che-vestiti-portare-per-fare-il-cammino-di-santiago\\\/\"},\"author\":{\"name\":\"Pilgrim SEO\",\"@id\":\"https:\\\/\\\/www.pilgrim.es\\\/it\\\/#\\\/schema\\\/person\\\/14d46e928a02bc9b20d435748438c3e0\"},\"headline\":\"\u00bfChe vestiti portare per fare il Cammino di Santiago?\",\"datePublished\":\"2019-12-04T13:40:26+00:00\",\"dateModified\":\"2025-06-09T08:23:33+00:00\",\"mainEntityOfPage\":{\"@id\":\"https:\\\/\\\/www.pilgrim.es\\\/it\\\/che-vestiti-portare-per-fare-il-cammino-di-santiago\\\/\"},\"wordCount\":1171,\"commentCount\":0,\"publisher\":{\"@id\":\"https:\\\/\\\/www.pilgrim.es\\\/it\\\/#organization\"},\"image\":{\"@id\":\"https:\\\/\\\/www.pilgrim.es\\\/it\\\/che-vestiti-portare-per-fare-il-cammino-di-santiago\\\/#primaryimage\"},\"thumbnailUrl\":\"https:\\\/\\\/www.pilgrim.es\\\/wp-content\\\/uploads\\\/2019\\\/04\\\/ropa-camino-de-santiago-2.jpg\",\"articleSection\":[\"Consigli\"],\"inLanguage\":\"it-IT\",\"potentialAction\":[{\"@type\":\"CommentAction\",\"name\":\"Comment\",\"target\":[\"https:\\\/\\\/www.pilgrim.es\\\/it\\\/che-vestiti-portare-per-fare-il-cammino-di-santiago\\\/#respond\"]}]},{\"@type\":\"WebPage\",\"@id\":\"https:\\\/\\\/www.pilgrim.es\\\/it\\\/che-vestiti-portare-per-fare-il-cammino-di-santiago\\\/\",\"url\":\"https:\\\/\\\/www.pilgrim.es\\\/it\\\/che-vestiti-portare-per-fare-il-cammino-di-santiago\\\/\",\"name\":\"\u25b7 \u00bfChe vestiti portare per fare il Cammino di Santiago ? | Pilgrim\",\"isPartOf\":{\"@id\":\"https:\\\/\\\/www.pilgrim.es\\\/it\\\/#website\"},\"primaryImageOfPage\":{\"@id\":\"https:\\\/\\\/www.pilgrim.es\\\/it\\\/che-vestiti-portare-per-fare-il-cammino-di-santiago\\\/#primaryimage\"},\"image\":{\"@id\":\"https:\\\/\\\/www.pilgrim.es\\\/it\\\/che-vestiti-portare-per-fare-il-cammino-di-santiago\\\/#primaryimage\"},\"thumbnailUrl\":\"https:\\\/\\\/www.pilgrim.es\\\/wp-content\\\/uploads\\\/2019\\\/04\\\/ropa-camino-de-santiago-2.jpg\",\"datePublished\":\"2019-12-04T13:40:26+00:00\",\"dateModified\":\"2025-06-09T08:23:33+00:00\",\"description\":\"|||\u27a4 Scopri tutte le informazioni necessarie su cosa portare per fare il Cammino di Santiago \u2705 in diversi periodi dell'anno\",\"breadcrumb\":{\"@id\":\"https:\\\/\\\/www.pilgrim.es\\\/it\\\/che-vestiti-portare-per-fare-il-cammino-di-santiago\\\/#breadcrumb\"},\"inLanguage\":\"it-IT\",\"potentialAction\":[{\"@type\":\"ReadAction\",\"target\":[\"https:\\\/\\\/www.pilgrim.es\\\/it\\\/che-vestiti-portare-per-fare-il-cammino-di-santiago\\\/\"]}]},{\"@type\":\"ImageObject\",\"inLanguage\":\"it-IT\",\"@id\":\"https:\\\/\\\/www.pilgrim.es\\\/it\\\/che-vestiti-portare-per-fare-il-cammino-di-santiago\\\/#primaryimage\",\"url\":\"https:\\\/\\\/www.pilgrim.es\\\/wp-content\\\/uploads\\\/2019\\\/04\\\/ropa-camino-de-santiago-2.jpg\",\"contentUrl\":\"https:\\\/\\\/www.pilgrim.es\\\/wp-content\\\/uploads\\\/2019\\\/04\\\/ropa-camino-de-santiago-2.jpg\",\"width\":1000,\"height\":666},{\"@type\":\"BreadcrumbList\",\"@id\":\"https:\\\/\\\/www.pilgrim.es\\\/it\\\/che-vestiti-portare-per-fare-il-cammino-di-santiago\\\/#breadcrumb\",\"itemListElement\":[{\"@type\":\"ListItem\",\"position\":1,\"name\":\"Camino de Santiago\",\"item\":\"https:\\\/\\\/www.pilgrim.es\\\/it\\\/\"},{\"@type\":\"ListItem\",\"position\":2,\"name\":\"\u00bfChe vestiti portare per fare il Cammino di Santiago?\"}]},{\"@type\":\"WebSite\",\"@id\":\"https:\\\/\\\/www.pilgrim.es\\\/it\\\/#website\",\"url\":\"https:\\\/\\\/www.pilgrim.es\\\/it\\\/\",\"name\":\"Pilgrim\",\"description\":\"Camino de Santiago | Caminamos Contigo\",\"publisher\":{\"@id\":\"https:\\\/\\\/www.pilgrim.es\\\/it\\\/#organization\"},\"potentialAction\":[{\"@type\":\"SearchAction\",\"target\":{\"@type\":\"EntryPoint\",\"urlTemplate\":\"https:\\\/\\\/www.pilgrim.es\\\/it\\\/?s={search_term_string}\"},\"query-input\":{\"@type\":\"PropertyValueSpecification\",\"valueRequired\":true,\"valueName\":\"search_term_string\"}}],\"inLanguage\":\"it-IT\"},{\"@type\":\"Organization\",\"@id\":\"https:\\\/\\\/www.pilgrim.es\\\/it\\\/#organization\",\"name\":\"Pilgrim Camino de Santiago\",\"url\":\"https:\\\/\\\/www.pilgrim.es\\\/it\\\/\",\"logo\":{\"@type\":\"ImageObject\",\"inLanguage\":\"it-IT\",\"@id\":\"https:\\\/\\\/www.pilgrim.es\\\/it\\\/#\\\/schema\\\/logo\\\/image\\\/\",\"url\":\"https:\\\/\\\/www.pilgrim.es\\\/wp-content\\\/uploads\\\/2019\\\/04\\\/logo_pilgrim.png\",\"contentUrl\":\"https:\\\/\\\/www.pilgrim.es\\\/wp-content\\\/uploads\\\/2019\\\/04\\\/logo_pilgrim.png\",\"width\":512,\"height\":512,\"caption\":\"Pilgrim Camino de Santiago\"},\"image\":{\"@id\":\"https:\\\/\\\/www.pilgrim.es\\\/it\\\/#\\\/schema\\\/logo\\\/image\\\/\"},\"sameAs\":[\"https:\\\/\\\/www.facebook.com\\\/pilgrim.es\\\/\",\"https:\\\/\\\/x.com\\\/pilgrim_es\",\"https:\\\/\\\/www.instagram.com\\\/pilgrim.es\\\/\",\"https:\\\/\\\/www.linkedin.com\\\/company\\\/pilgrim-camino-de-santiago\\\/\",\"https:\\\/\\\/www.pinterest.es\\\/pilgrimcaminodesantiago\\\/\",\"https:\\\/\\\/www.youtube.com\\\/channel\\\/UCIv2ZzFLXVqthkNF32rKedw\\\/featured\"]},{\"@type\":\"Person\",\"@id\":\"https:\\\/\\\/www.pilgrim.es\\\/it\\\/#\\\/schema\\\/person\\\/14d46e928a02bc9b20d435748438c3e0\",\"name\":\"Pilgrim SEO\",\"image\":{\"@type\":\"ImageObject\",\"inLanguage\":\"it-IT\",\"@id\":\"https:\\\/\\\/secure.gravatar.com\\\/avatar\\\/52a31ce4f1af059b5077e8c5aee5741b9dec86b4b6ee6b2a7e5aefc4ee670045?s=96&d=mm&r=g\",\"url\":\"https:\\\/\\\/secure.gravatar.com\\\/avatar\\\/52a31ce4f1af059b5077e8c5aee5741b9dec86b4b6ee6b2a7e5aefc4ee670045?s=96&d=mm&r=g\",\"contentUrl\":\"https:\\\/\\\/secure.gravatar.com\\\/avatar\\\/52a31ce4f1af059b5077e8c5aee5741b9dec86b4b6ee6b2a7e5aefc4ee670045?s=96&d=mm&r=g\",\"caption\":\"Pilgrim SEO\"}}]}<\/script>\n<!-- \/ Yoast SEO plugin. -->","yoast_head_json":{"title":"\u25b7 \u00bfChe vestiti portare per fare il Cammino di Santiago ? | Pilgrim","description":"|||\u27a4 Scopri tutte le informazioni necessarie su cosa portare per fare il Cammino di Santiago \u2705 in diversi periodi dell'anno","robots":{"index":"index","follow":"follow","max-snippet":"max-snippet:-1","max-image-preview":"max-image-preview:large","max-video-preview":"max-video-preview:-1"},"canonical":"https:\/\/www.pilgrim.es\/it\/che-vestiti-portare-per-fare-il-cammino-di-santiago\/","og_locale":"it_IT","og_type":"article","og_title":"\u25b7 \u00bfChe vestiti portare per fare il Cammino di Santiago ? | Pilgrim","og_description":"|||\u27a4 Scopri tutte le informazioni necessarie su cosa portare per fare il Cammino di Santiago \u2705 in diversi periodi dell'anno","og_url":"https:\/\/www.pilgrim.es\/it\/che-vestiti-portare-per-fare-il-cammino-di-santiago\/","og_site_name":"Pilgrim","article_publisher":"https:\/\/www.facebook.com\/pilgrim.es\/","article_published_time":"2019-12-04T13:40:26+00:00","article_modified_time":"2025-06-09T08:23:33+00:00","og_image":[{"width":1000,"height":666,"url":"https:\/\/www.pilgrim.es\/wp-content\/uploads\/2019\/04\/ropa-camino-de-santiago-2.jpg","type":"image\/jpeg"}],"author":"Pilgrim SEO","twitter_card":"summary_large_image","twitter_creator":"@pilgrim_es","twitter_site":"@pilgrim_es","twitter_misc":{"Scritto da":"Pilgrim SEO","Tempo di lettura stimato":"6 minuti"},"schema":{"@context":"https:\/\/schema.org","@graph":[{"@type":"Article","@id":"https:\/\/www.pilgrim.es\/it\/che-vestiti-portare-per-fare-il-cammino-di-santiago\/#article","isPartOf":{"@id":"https:\/\/www.pilgrim.es\/it\/che-vestiti-portare-per-fare-il-cammino-di-santiago\/"},"author":{"name":"Pilgrim SEO","@id":"https:\/\/www.pilgrim.es\/it\/#\/schema\/person\/14d46e928a02bc9b20d435748438c3e0"},"headline":"\u00bfChe vestiti portare per fare il Cammino di Santiago?","datePublished":"2019-12-04T13:40:26+00:00","dateModified":"2025-06-09T08:23:33+00:00","mainEntityOfPage":{"@id":"https:\/\/www.pilgrim.es\/it\/che-vestiti-portare-per-fare-il-cammino-di-santiago\/"},"wordCount":1171,"commentCount":0,"publisher":{"@id":"https:\/\/www.pilgrim.es\/it\/#organization"},"image":{"@id":"https:\/\/www.pilgrim.es\/it\/che-vestiti-portare-per-fare-il-cammino-di-santiago\/#primaryimage"},"thumbnailUrl":"https:\/\/www.pilgrim.es\/wp-content\/uploads\/2019\/04\/ropa-camino-de-santiago-2.jpg","articleSection":["Consigli"],"inLanguage":"it-IT","potentialAction":[{"@type":"CommentAction","name":"Comment","target":["https:\/\/www.pilgrim.es\/it\/che-vestiti-portare-per-fare-il-cammino-di-santiago\/#respond"]}]},{"@type":"WebPage","@id":"https:\/\/www.pilgrim.es\/it\/che-vestiti-portare-per-fare-il-cammino-di-santiago\/","url":"https:\/\/www.pilgrim.es\/it\/che-vestiti-portare-per-fare-il-cammino-di-santiago\/","name":"\u25b7 \u00bfChe vestiti portare per fare il Cammino di Santiago ? | Pilgrim","isPartOf":{"@id":"https:\/\/www.pilgrim.es\/it\/#website"},"primaryImageOfPage":{"@id":"https:\/\/www.pilgrim.es\/it\/che-vestiti-portare-per-fare-il-cammino-di-santiago\/#primaryimage"},"image":{"@id":"https:\/\/www.pilgrim.es\/it\/che-vestiti-portare-per-fare-il-cammino-di-santiago\/#primaryimage"},"thumbnailUrl":"https:\/\/www.pilgrim.es\/wp-content\/uploads\/2019\/04\/ropa-camino-de-santiago-2.jpg","datePublished":"2019-12-04T13:40:26+00:00","dateModified":"2025-06-09T08:23:33+00:00","description":"|||\u27a4 Scopri tutte le informazioni necessarie su cosa portare per fare il Cammino di Santiago \u2705 in diversi periodi dell'anno","breadcrumb":{"@id":"https:\/\/www.pilgrim.es\/it\/che-vestiti-portare-per-fare-il-cammino-di-santiago\/#breadcrumb"},"inLanguage":"it-IT","potentialAction":[{"@type":"ReadAction","target":["https:\/\/www.pilgrim.es\/it\/che-vestiti-portare-per-fare-il-cammino-di-santiago\/"]}]},{"@type":"ImageObject","inLanguage":"it-IT","@id":"https:\/\/www.pilgrim.es\/it\/che-vestiti-portare-per-fare-il-cammino-di-santiago\/#primaryimage","url":"https:\/\/www.pilgrim.es\/wp-content\/uploads\/2019\/04\/ropa-camino-de-santiago-2.jpg","contentUrl":"https:\/\/www.pilgrim.es\/wp-content\/uploads\/2019\/04\/ropa-camino-de-santiago-2.jpg","width":1000,"height":666},{"@type":"BreadcrumbList","@id":"https:\/\/www.pilgrim.es\/it\/che-vestiti-portare-per-fare-il-cammino-di-santiago\/#breadcrumb","itemListElement":[{"@type":"ListItem","position":1,"name":"Camino de Santiago","item":"https:\/\/www.pilgrim.es\/it\/"},{"@type":"ListItem","position":2,"name":"\u00bfChe vestiti portare per fare il Cammino di Santiago?"}]},{"@type":"WebSite","@id":"https:\/\/www.pilgrim.es\/it\/#website","url":"https:\/\/www.pilgrim.es\/it\/","name":"Pilgrim","description":"Camino de Santiago | Caminamos Contigo","publisher":{"@id":"https:\/\/www.pilgrim.es\/it\/#organization"},"potentialAction":[{"@type":"SearchAction","target":{"@type":"EntryPoint","urlTemplate":"https:\/\/www.pilgrim.es\/it\/?s={search_term_string}"},"query-input":{"@type":"PropertyValueSpecification","valueRequired":true,"valueName":"search_term_string"}}],"inLanguage":"it-IT"},{"@type":"Organization","@id":"https:\/\/www.pilgrim.es\/it\/#organization","name":"Pilgrim Camino de Santiago","url":"https:\/\/www.pilgrim.es\/it\/","logo":{"@type":"ImageObject","inLanguage":"it-IT","@id":"https:\/\/www.pilgrim.es\/it\/#\/schema\/logo\/image\/","url":"https:\/\/www.pilgrim.es\/wp-content\/uploads\/2019\/04\/logo_pilgrim.png","contentUrl":"https:\/\/www.pilgrim.es\/wp-content\/uploads\/2019\/04\/logo_pilgrim.png","width":512,"height":512,"caption":"Pilgrim Camino de Santiago"},"image":{"@id":"https:\/\/www.pilgrim.es\/it\/#\/schema\/logo\/image\/"},"sameAs":["https:\/\/www.facebook.com\/pilgrim.es\/","https:\/\/x.com\/pilgrim_es","https:\/\/www.instagram.com\/pilgrim.es\/","https:\/\/www.linkedin.com\/company\/pilgrim-camino-de-santiago\/","https:\/\/www.pinterest.es\/pilgrimcaminodesantiago\/","https:\/\/www.youtube.com\/channel\/UCIv2ZzFLXVqthkNF32rKedw\/featured"]},{"@type":"Person","@id":"https:\/\/www.pilgrim.es\/it\/#\/schema\/person\/14d46e928a02bc9b20d435748438c3e0","name":"Pilgrim SEO","image":{"@type":"ImageObject","inLanguage":"it-IT","@id":"https:\/\/secure.gravatar.com\/avatar\/52a31ce4f1af059b5077e8c5aee5741b9dec86b4b6ee6b2a7e5aefc4ee670045?s=96&d=mm&r=g","url":"https:\/\/secure.gravatar.com\/avatar\/52a31ce4f1af059b5077e8c5aee5741b9dec86b4b6ee6b2a7e5aefc4ee670045?s=96&d=mm&r=g","contentUrl":"https:\/\/secure.gravatar.com\/avatar\/52a31ce4f1af059b5077e8c5aee5741b9dec86b4b6ee6b2a7e5aefc4ee670045?s=96&d=mm&r=g","caption":"Pilgrim SEO"}}]}},"_links":{"self":[{"href":"https:\/\/www.pilgrim.es\/it\/wp-json\/wp\/v2\/posts\/49646","targetHints":{"allow":["GET"]}}],"collection":[{"href":"https:\/\/www.pilgrim.es\/it\/wp-json\/wp\/v2\/posts"}],"about":[{"href":"https:\/\/www.pilgrim.es\/it\/wp-json\/wp\/v2\/types\/post"}],"author":[{"embeddable":true,"href":"https:\/\/www.pilgrim.es\/it\/wp-json\/wp\/v2\/users\/4"}],"replies":[{"embeddable":true,"href":"https:\/\/www.pilgrim.es\/it\/wp-json\/wp\/v2\/comments?post=49646"}],"version-history":[{"count":5,"href":"https:\/\/www.pilgrim.es\/it\/wp-json\/wp\/v2\/posts\/49646\/revisions"}],"predecessor-version":[{"id":123612,"href":"https:\/\/www.pilgrim.es\/it\/wp-json\/wp\/v2\/posts\/49646\/revisions\/123612"}],"wp:featuredmedia":[{"embeddable":true,"href":"https:\/\/www.pilgrim.es\/it\/wp-json\/wp\/v2\/media\/124947"}],"wp:attachment":[{"href":"https:\/\/www.pilgrim.es\/it\/wp-json\/wp\/v2\/media?parent=49646"}],"wp:term":[{"taxonomy":"category","embeddable":true,"href":"https:\/\/www.pilgrim.es\/it\/wp-json\/wp\/v2\/categories?post=49646"},{"taxonomy":"post_tag","embeddable":true,"href":"https:\/\/www.pilgrim.es\/it\/wp-json\/wp\/v2\/tags?post=49646"}],"curies":[{"name":"wp","href":"https:\/\/api.w.org\/{rel}","templated":true}]}}