{"id":49629,"date":"2019-12-03T13:28:03","date_gmt":"2019-12-03T13:28:03","guid":{"rendered":"https:\/\/prod.pilgrim.es\/via-francigena\/"},"modified":"2025-06-09T08:43:52","modified_gmt":"2025-06-09T08:43:52","slug":"via-francigena","status":"publish","type":"post","link":"https:\/\/www.pilgrim.es\/it\/via-francigena\/","title":{"rendered":"V\u00eda Franc\u00edgena"},"content":{"rendered":"\n<div class=\"entry-content__introduction\">\n  <p>\n    La Via Francigena \u00e9 una rotta che passa dal nordest dell&#8217;Europa fino al\n    centro dell&#8217;Italia . Come il\n    <a href=\"https:\/\/www.pilgrim.es\/it\/cammini\/\">Cammino di Santiago<\/a>, \u00e8 un percorso di\n    pellegrinaggio millenario ma questa volta, invece di terminare in piazza\n    dell&#8217;Obradoiro, di fronte alla\n    <a href=\"https:\/\/www.pilgrim.es\/it\/pianificare\/la-cattedrale-di-santiago\/\">Cattedrale di Santiago,<\/a> lo fa in<strong\n      >piazza San Pietro della Citt\u00e0 del Vaticano.<\/strong\n    >\n  <\/p>\n\n  <h5>\n    Inoltre ti potrebbe interessare:<a href=\"https:\/\/www.pilgrim.es\/it\/rutas-internacionales-camino-de-santiago-2\/\"\n      >Rotte di pellegrinaggio in Europa<\/a\n    >\n  <\/h5>\n\n  <p>\n    Il nome di questo percorso significa &#8220;cammino che viene dalla Francia&#8221;, il\n    che spiega abbastanza in che cosa consiste questo percorso.\n    <strong\n      >Inizia nella localit\u00e0 inglese di Canterbury, attraversa la Francia e la\n      Svizzera fino a finire a Roma.<\/strong\n    >\n    Senza dubbio, un&#8217;odissea e una delle pi\u00f9 grandi sfide del mondo per gli\n    amanti dei pellegrinaggi.\n  <\/p>\n\n  <p>\n    Questa rotta ha una storia ed \u00e8 necessario conoscerla per capire la sua\n    creazione.\n  <\/p>\n<\/div>\n<hr class=\"single-bar\" \/>\n<ul>\n  <span>Indice<\/span>\n  <li><a href=\"#history\">Storia<\/a><\/li>\n  <li><a href=\"#stages\">Tappe<\/a><\/li>\n  <li><a href=\"#map\">Mappa<\/a><\/li>\n  <li><a href=\"#stages-santiago\">Tappe a Santiago<\/a><\/li>\n  <li><a href=\"#tips\">Caratteristiche e segnalazioni<\/a><\/li>\n  <li><a href=\"#pois\">Che cosa vedere<\/a><\/li>\n<\/ul>\n<hr class=\"single-bar\" \/>\n<div id=\"storia-della-via-francigena\" class=\"section-post\">\n  <h2 class=\"mt-5 mb-3\" id=\"history\">Storia della V\u00eda Franc\u00edgena<\/h2>\n\n  <h3 class=\"mt-4 mb-3\">Inizio dei primi percorsi<\/h3>\n\n  <p>\n    Nel VII e VIII secolo cominciarono le fondamenta di questo percorso in\n    Italia. In questo periodo, la penisola italica era sotto il dominio lombardo\n    e bizantino. I primi, per evitare i porti dominati dai loro nemici, decisero\n    di <strong>tracciare un nuovo percorso attraverso l&#8217;entroterra<\/strong> che\n    permettesse di attraversare i Monti Appennini.\n  <\/p>\n\n  <p>\n    Questa nuova rotta che partiva dalla capitale lombarda, Pavia, verso Roma,\n    significava la\n    <strong>creazione del primo itinerario della Via Francigena,<\/strong> solo\n    che non era ancora conosciuto con questa denominazione.\n  <\/p>\n\n  <p>\n    Nell&#8217;anno 774, Carlo Magno sconfisse i Lombardi con il sostegno di papa\n    Adriano I e reclam\u00f2 i suoi territori sotto il suo regno carolingio. In tal\n    modo <strong>\u00e8 stato avviato il collegamento della rotta<\/strong> creata dai\n    lombardi con il territorio francese. \u00c8 da questo momento che questa rotta\n    inizia a chiamarsi &#8220;strata Romea&#8221; e, dopo anni di modifiche,\n    <strong>nel XV secolo cominci\u00f2 a chiamarsi Via Francigena<\/strong>\n  <\/p>\n\n  <h3 class=\"mt-4 mb-3\">Pellegrinaggio di Sigerico il serio<\/h3>\n\n  <p>\n    Il percorso compiuto dall&#8217;arcivescovo di Canterbury,<em\n      >Sigerico il serio<\/em\n    >, tra gli anni 989-994, \u00e8 stato un\n    <strong\n      >fattore importante nello sviluppo di questo percorso francigena<\/strong\n    >\n    Anche se in realt\u00e0 non \u00e8 stato un pellegrinaggio comune poich\u00e9, durante il\n    mandato di papa Giovanni XV, tutti gli arcivescovi europei erano obbligati a\n    recarsi nella sede papale per ricevere l&#8217;abbigliamento religioso chiamato\n    &#8220;pallium&#8221;.\n  <\/p>\n\n  <p>\n    Durante il suo cammino fino a Roma,\n    <strong>ha documentato solo una parte della sua esperienza<\/strong> e\n    l&#8217;estensione della sua spiegazione, non aveva una durata oltre una semplice\n    pagina. Tuttavia, \u00e8 stata la prima documentazione scritta di questo\n    percorso, essendo un fatto storico per lei e trasformando questo arcivescovo\n    in <strong>un personaggio illustre di questo percorso europeo<\/strong>\n  <\/p>\n\n  <h3 class=\"mt-4 mb-3\">Recupero della rotta<\/h3>\n\n  <p>\n    Con il passare dei secoli e la modernizzazione europea, la strada cadde\n    nell&#8217;oblio. Fu solo nel 1874 che venne pubblicato un primo studio di questo\n    percorso, fatto da uno storico inglese. Tuttavia, solo nel 1985 \u00e8 stata\n    effettuata una ricostruzione completa del tracciato francese. Questo studio\n    \u00e8 stato creato da Giovanni Caselli, interessato alle rotte medievali\n    europee.\n  <\/p>\n\n  <p>\n    Nel 1994,\n    <strong\n      >gli \u00e8 stata data la menzione di &#8220;Itinerario Culturale Europeo&#8221;,<\/strong\n    >\n    distinzione concessa anche al Cammino di Santiago nel 1987. Negli anni\n    successivi, il percorso inizi\u00f2 ad essere aggiornato poich\u00e9 diverse\n    associazioni iniziarono a creare segnaletica sul Cammino e infrastrutture\n    preparate per i pellegrini che realizzavano la Via. Nel 1997 \u00e8 stata fondata\n    l&#8217;Associazione Via Francese,<strong\n      >principale promotore di questo percorso oggi.<\/strong\n    >\n  <\/p>\n<\/div>\n<div id=\"tappe-della-via-francigena\" class=\"section-post\">\n  <h2 class=\"mt-5 mb-3\" id=\"stages\">Tappe della V\u00eda Francigena<\/h2>\n\n  <p>\n    Come abbiamo gi\u00e0 detto, questa rotta internazionale\n    <strong>attraversa quattro paesi del continente europeo.<\/strong> In totale\n    sono 2044 km divisi in 86 tappe, si stima che il pellegrinaggio durer\u00e0 circa\n    3 mesi. Se dividiamo le tappe per paese sarebbe:\n  <\/p>\n\n  <ul>\n    <li><a href=\"#stages-en\">Tappe in Inghilterra<\/a>: 1 tappa \/ 32 km<\/li>\n    <li><a href=\"#stages-fr\">Tappe in Francia<\/a>: 30 tappe \/ 785 km<\/li>\n    <li><a href=\"#stages-ch\">Tappe in Svizzera<\/a>: 11 tappe \/ 214 km<\/li>\n    <li><a href=\"#stages-it\">Tappe in Italia<\/a>: 44 tappe \/ 1014 km<\/li>\n  <\/ul>\n\n  <p>\n    Poi ti spiegheremo come sono distribuite dall&#8217;inizio alla fine ogni tappa,\n    con la sua distanza e difficolt\u00e0 a seconda del percorso.\n    <strong>Preparati per una lunga lista,<\/strong> sono 86 tappe.\n  <\/p>\n\n  <h3 class=\"mt-4 mb-3\" id=\"stages-en\">Tappe V\u00eda Franc\u00edgena in Inghilterra<\/h3>\n\n  <div class=\"table-responsive\">\n    <table class=\"table\">\n      <thead>\n        <tr>\n          <th scope=\"col\">Tappa (Totale)<\/th>\n          <th scope=\"col\">Tappa (EN)<\/th>\n          <th scope=\"col\">Partenza<\/th>\n          <th scope=\"col\">Fine<\/th>\n          <th scope=\"col\">Durata<\/th>\n          <th scope=\"col\">Difficolt\u00e1<\/th>\n        <\/tr>\n      <\/thead>\n      <tbody>\n        <tr>\n          <th scope=\"row\">Tappa 1<\/th>\n          <th>Tappa 1<\/th>\n          <td>Canterbury<\/td>\n          <td>Dover<\/td>\n          <td>31.5 km<\/td>\n          <td>4\/5<\/td>\n        <\/tr>\n      <\/tbody>\n    <\/table>\n  <\/div>\n\n  <h3 class=\"mt-4 mb-3\" id=\"stages-fr\">Tappe V\u00eda Franc\u00edgena in Francia<\/h3>\n\n  <p>\n    Per arrivare all&#8217;inizio della prima tappa in terra francese,\n    <strong>dovrete attraversare il Canale della Manica.<\/strong>\n  <\/p>\n\n  <div class=\"table-responsive\">\n    <table class=\"table\">\n      <thead>\n        <tr>\n          <th scope=\"col\">Tappa (Totale)<\/th>\n          <th scope=\"col\">Tappa (FR)<\/th>\n          <th scope=\"col\">Partenza<\/th>\n          <th scope=\"col\">Fine<\/th>\n          <th scope=\"col\">Durata<\/th>\n          <th scope=\"col\">Difficolt\u00e1<\/th>\n        <\/tr>\n      <\/thead>\n      <tbody>\n        <tr>\n          <th scope=\"row\">Tappa 2<\/th>\n          <th>Tappa 1<\/th>\n          <td>Calais<\/td>\n          <td>Wissant<\/td>\n          <td>18.6 km<\/td>\n          <td>3\/5<\/td>\n        <\/tr>\n        <tr>\n          <th scope=\"row\">Tappa 3<\/th>\n          <th>Tappa 2<\/th>\n          <td>Wissant<\/td>\n          <td>Gu\u00eenes<\/td>\n          <td>19.5 km<\/td>\n          <td>3\/5<\/td>\n        <\/tr>\n        <tr>\n          <th scope=\"row\">Tappa 4<\/th>\n          <th>Tappa 3<\/th>\n          <td>Gu\u00eenes<\/td>\n          <td>Licques<\/td>\n          <td>13.8 km<\/td>\n          <td>2\/5<\/td>\n        <\/tr>\n        <tr>\n          <th scope=\"row\">Tappa 5<\/th>\n          <th>Tappa 4<\/th>\n          <td>Licques<\/td>\n          <td>Lumbres<\/td>\n          <td>21.4 km<\/td>\n          <td>3\/5<\/td>\n        <\/tr>\n        <tr>\n          <th scope=\"row\">Tappa 6<\/th>\n          <th>Tappa 5<\/th>\n          <td>Lumbres<\/td>\n          <td>Th\u00e9rouanne<\/td>\n          <td>15.3 km<\/td>\n          <td>2\/5<\/td>\n        <\/tr>\n        <tr>\n          <th scope=\"row\">Tappa 7<\/th>\n          <th>Tappa 6<\/th>\n          <td>Th\u00e9rouanne<\/td>\n          <td>Amettes<\/td>\n          <td>17.7 km<\/td>\n          <td>3\/5<\/td>\n        <\/tr>\n        <tr>\n          <th scope=\"row\">Tappa 8<\/th>\n          <th>Tappa 7<\/th>\n          <td>Amettes<\/td>\n          <td>Bruay-la-Buissi\u00e8re<\/td>\n          <td>14.9 km<\/td>\n          <td>2\/5<\/td>\n        <\/tr>\n        <tr>\n          <th scope=\"row\">Tappa 9<\/th>\n          <th>Tappa 8<\/th>\n          <td>Bruay-la-Buissi\u00e8re<\/td>\n          <td>Arr\u00e1s<\/td>\n          <td>36 km<\/td>\n          <td>4\/5<\/td>\n        <\/tr>\n        <tr>\n          <th scope=\"row\">Tappa 10<\/th>\n          <th>Tappa 9<\/th>\n          <td>Arr\u00e1s<\/td>\n          <td>Bapaume<\/td>\n          <td>26.5 km<\/td>\n          <td>3\/5<\/td>\n        <\/tr>\n        <tr>\n          <th scope=\"row\">Tappa 11<\/th>\n          <th>Tappa 10<\/th>\n          <td>Bapaume<\/td>\n          <td>P\u00e9ronne<\/td>\n          <td>26 km<\/td>\n          <td>3\/5<\/td>\n        <\/tr>\n        <tr>\n          <th scope=\"row\">Tappa 12<\/th>\n          <th>Tappa 11<\/th>\n          <td>P\u00e9ronne<\/td>\n          <td>Seraucourt-le-Grand<\/td>\n          <td>31.6 km<\/td>\n          <td>3\/5<\/td>\n        <\/tr>\n        <tr>\n          <th scope=\"row\">Tappa 13<\/th>\n          <th>Tappa 12<\/th>\n          <td>Seraucourt-le-Grand<\/td>\n          <td>Tergnier<\/td>\n          <td>18.3 km<\/td>\n          <td>3\/5<\/td>\n        <\/tr>\n        <tr>\n          <th scope=\"row\">Tappa 14<\/th>\n          <th>Tappa 13<\/th>\n          <td>Tergnier<\/td>\n          <td>Laon<\/td>\n          <td>33.2 km<\/td>\n          <td>4\/5<\/td>\n        <\/tr>\n        <tr>\n          <th scope=\"row\">Tappa 15<\/th>\n          <th>Tappa 14<\/th>\n          <td>Laon<\/td>\n          <td>Corbeny<\/td>\n          <td>23.4 km<\/td>\n          <td>3\/5<\/td>\n        <\/tr>\n        <tr>\n          <th scope=\"row\">Tappa 16<\/th>\n          <th>Tappa 15<\/th>\n          <td>Corbeny<\/td>\n          <td>Reims<\/td>\n          <td>34.8 km<\/td>\n          <td>4\/5<\/td>\n        <\/tr>\n        <tr>\n          <th scope=\"row\">Tappa 17<\/th>\n          <th>Tappa 16<\/th>\n          <td>Reims<\/td>\n          <td>Tr\u00e9pail<\/td>\n          <td>26.1 km<\/td>\n          <td>3\/5<\/td>\n        <\/tr>\n        <tr>\n          <th scope=\"row\">Tappa 18<\/th>\n          <th>Tappa 17<\/th>\n          <td>Tr\u00e9pail<\/td>\n          <td>Ch\u00e2lons-en-Champagne<\/td>\n          <td>24.4 km<\/td>\n          <td>3\/5<\/td>\n        <\/tr>\n        <tr>\n          <th scope=\"row\">Tappa 19<\/th>\n          <th>Tappa 18<\/th>\n          <td>Ch\u00e2lons-en-Champagne<\/td>\n          <td>Le Meix-Tiercelin<\/td>\n          <td>38.2 km<\/td>\n          <td>4\/5<\/td>\n        <\/tr>\n        <tr>\n          <th scope=\"row\">Tappa 20<\/th>\n          <th>Tappa 19<\/th>\n          <td>Le Meix-Tiercelin<\/td>\n          <td>Brienne-le-Ch\u00e2teau<\/td>\n          <td>32.5 km<\/td>\n          <td>4\/5<\/td>\n        <\/tr>\n        <tr>\n          <th scope=\"row\">Tappa 21<\/th>\n          <th>Tappa 20<\/th>\n          <td>Brienne-le-Ch\u00e2teau<\/td>\n          <td>Bar-sur-Aube<\/td>\n          <td>27.6 km<\/td>\n          <td>3\/5<\/td>\n        <\/tr>\n        <tr>\n          <th scope=\"row\">Tappa 22<\/th>\n          <th>Tappa 21<\/th>\n          <td>Bar-sur-Aube<\/td>\n          <td>Ch\u00e2teauvillain<\/td>\n          <td>33.4 km<\/td>\n          <td>3\/5<\/td>\n        <\/tr>\n        <tr>\n          <th scope=\"row\">Tappa 23<\/th>\n          <th>Tappa 22<\/th>\n          <td>Ch\u00e2teauvillain<\/td>\n          <td>Langres<\/td>\n          <td>42.2 km<\/td>\n          <td>4\/5<\/td>\n        <\/tr>\n        <tr>\n          <th scope=\"row\">Tappa 24<\/th>\n          <th>Tappa 23<\/th>\n          <td>Langres<\/td>\n          <td>Champlitte<\/td>\n          <td>37.6 km<\/td>\n          <td>4\/5<\/td>\n        <\/tr>\n        <tr>\n          <th scope=\"row\">Tappa 25<\/th>\n          <th>Tappa 24<\/th>\n          <td>Champlitte<\/td>\n          <td>Dampierre-sur-Salon<\/td>\n          <td>17.2 km<\/td>\n          <td>3\/5<\/td>\n        <\/tr>\n        <tr>\n          <th scope=\"row\">Tappa 26<\/th>\n          <th>Tappa 25<\/th>\n          <td>Dampierre-sur-Salon<\/td>\n          <td>Gy<\/td>\n          <td>26.1 km<\/td>\n          <td>3\/5<\/td>\n        <\/tr>\n        <tr>\n          <th scope=\"row\">Tappa 27<\/th>\n          <th>Tappa 26<\/th>\n          <td>Gy<\/td>\n          <td>Besanz\u00f3n<\/td>\n          <td>32.3 km<\/td>\n          <td>4\/5<\/td>\n        <\/tr>\n        <tr>\n          <th scope=\"row\">Tappa 28<\/th>\n          <th>Tappa 27<\/th>\n          <td>Besanz\u00f3n<\/td>\n          <td>\u00c9talans<\/td>\n          <td>28.2 km<\/td>\n          <td>4\/5<\/td>\n        <\/tr>\n        <tr>\n          <th scope=\"row\">Tappa 29<\/th>\n          <th>Tappa 28<\/th>\n          <td>\u00c9talans<\/td>\n          <td>Ouhans<\/td>\n          <td>28.5 km<\/td>\n          <td>4\/5<\/td>\n        <\/tr>\n        <tr>\n          <th scope=\"row\">Tappa 30<\/th>\n          <th>Tappa 29<\/th>\n          <td>Ouhans<\/td>\n          <td>Pontarlier<\/td>\n          <td>16.9 km<\/td>\n          <td>3\/5<\/td>\n        <\/tr>\n        <tr>\n          <th scope=\"row\">Tappa 31<\/th>\n          <th>Tappa 30<\/th>\n          <td>Pontarlier<\/td>\n          <td>Sainte-Croix<\/td>\n          <td>23.1 km<\/td>\n          <td>4\/5<\/td>\n        <\/tr>\n      <\/tbody>\n    <\/table>\n  <\/div>\n\n  <h3 class=\"mt-4 mb-3\" id=\"stages-ch\">Tappe V\u00eda Franc\u00edgena in Svizzera<\/h3>\n\n  <div class=\"table-responsive\">\n    <table class=\"table\">\n      <thead>\n        <tr>\n          <th scope=\"col\">Tappa (Totale)<\/th>\n          <th scope=\"col\">Tappa(CH)<\/th>\n          <th scope=\"col\">Partenza<\/th>\n          <th scope=\"col\">Fine<\/th>\n          <th scope=\"col\">Durata<\/th>\n          <th scope=\"col\">Difficolt\u00e1<\/th>\n        <\/tr>\n      <\/thead>\n      <tbody>\n        <tr>\n          <th scope=\"row\">Tappa 32<\/th>\n          <th>Tappa 1<\/th>\n          <td>Sainte-Croix<\/td>\n          <td>Yverdon-les-Bains<\/td>\n          <td>17.5 km<\/td>\n          <td>3\/5<\/td>\n        <\/tr>\n        <tr>\n          <th scope=\"row\">Tappa 33<\/th>\n          <th>Tappa 2<\/th>\n          <td>Yverdon-les-Bains<\/td>\n          <td>Orbe<\/td>\n          <td>19.6 km<\/td>\n          <td>2\/5<\/td>\n        <\/tr>\n        <tr>\n          <th scope=\"row\">Tappa 34<\/th>\n          <th>Tappa 3<\/th>\n          <td>Orbe<\/td>\n          <td>Cossonay<\/td>\n          <td>25.4 km<\/td>\n          <td>3\/5<\/td>\n        <\/tr>\n        <tr>\n          <th scope=\"row\">Tappa 35<\/th>\n          <th>Tappa 4<\/th>\n          <td>Cossonay<\/td>\n          <td>Lausana<\/td>\n          <td>24.9 km<\/td>\n          <td>3\/5<\/td>\n        <\/tr>\n        <tr>\n          <th scope=\"row\">Tappa 36<\/th>\n          <th>Tappa 5<\/th>\n          <td>Lausana<\/td>\n          <td>Vevey<\/td>\n          <td>21.7 km<\/td>\n          <td>3\/5<\/td>\n        <\/tr>\n        <tr>\n          <th scope=\"row\">Tappa 37<\/th>\n          <th>Tappa 6<\/th>\n          <td>Vevey<\/td>\n          <td>Aigle<\/td>\n          <td>24.9 km<\/td>\n          <td>3\/5<\/td>\n        <\/tr>\n        <tr>\n          <th scope=\"row\">Tappa 38<\/th>\n          <th>Tappa 7<\/th>\n          <td>Aigle<\/td>\n          <td>San Mauricio<\/td>\n          <td>17.9 km<\/td>\n          <td>3\/5<\/td>\n        <\/tr>\n        <tr>\n          <th scope=\"row\">Tappa 39<\/th>\n          <th>Tappa 8<\/th>\n          <td>San Mauricio<\/td>\n          <td>Martigny<\/td>\n          <td>16.4 km<\/td>\n          <td>3\/5<\/td>\n        <\/tr>\n        <tr>\n          <th scope=\"row\">Tappa 40<\/th>\n          <th>Tappa 9<\/th>\n          <td>Martigny<\/td>\n          <td>Orsi\u00e8res<\/td>\n          <td>19.4 km<\/td>\n          <td>4\/5<\/td>\n        <\/tr>\n        <tr>\n          <th scope=\"row\">Tappa 41<\/th>\n          <th>Tappa 10<\/th>\n          <td>Orsi\u00e8res<\/td>\n          <td>Bourg-Saint-Pierre<\/td>\n          <td>13.6 km<\/td>\n          <td>3\/5<\/td>\n        <\/tr>\n        <tr>\n          <th scope=\"row\">Tappa 42<\/th>\n          <th>Tappa 11<\/th>\n          <td>Bourg-Saint-Pierre<\/td>\n          <td>Gran San Bernardo<\/td>\n          <td>12.2 km<\/td>\n          <td>4\/5<\/td>\n        <\/tr>\n      <\/tbody>\n    <\/table>\n  <\/div>\n\n  <h3 class=\"mt-4 mb-3\" id=\"stages-it\">Tappe V\u00eda Franc\u00edgena in Italia<\/h3>\n\n  <div class=\"table-responsive\">\n    <table class=\"table\">\n      <thead>\n        <tr>\n          <th scope=\"col\">Tappa (Totale)<\/th>\n          <th scope=\"col\">Tappa (IT)<\/th>\n          <th scope=\"col\">Partenza<\/th>\n          <th scope=\"col\">Fine<\/th>\n          <th scope=\"col\">Durata<\/th>\n          <th scope=\"col\">Difficolt\u00e1<\/th>\n        <\/tr>\n      <\/thead>\n      <tbody>\n        <tr>\n          <th scope=\"row\">Tappa 43<\/th>\n          <th>Tappa 1<\/th>\n          <td>Gran San Bernardo<\/td>\n          <td>Etroubles<\/td>\n          <td>15.1 km<\/td>\n          <td>3\/5<\/td>\n        <\/tr>\n        <tr>\n          <th scope=\"row\">Tappa 44<\/th>\n          <th>Tappa 2<\/th>\n          <td>Etroubles<\/td>\n          <td>Aosta<\/td>\n          <td>13.8 km<\/td>\n          <td>3\/5<\/td>\n        <\/tr>\n        <tr>\n          <th scope=\"row\">Tappa 45<\/th>\n          <th>Tappa 3<\/th>\n          <td>Aosta<\/td>\n          <td>Ch\u00e2tillon<\/td>\n          <td>28.4 km<\/td>\n          <td>4\/5<\/td>\n        <\/tr>\n        <tr>\n          <th scope=\"row\">Tappa 46<\/th>\n          <th>Tappa 4<\/th>\n          <td>Ch\u00e2tillon<\/td>\n          <td>Verr\u00e8s<\/td>\n          <td>21.4 km<\/td>\n          <td>4\/5<\/td>\n        <\/tr>\n        <tr>\n          <th scope=\"row\">Tappa 47<\/th>\n          <th>Tappa 5<\/th>\n          <td>Verr\u00e8s<\/td>\n          <td>Pont-Saint-Martin<\/td>\n          <td>14.9 km<\/td>\n          <td>3\/5<\/td>\n        <\/tr>\n        <tr>\n          <th scope=\"row\">Tappa 48<\/th>\n          <th>Tappa 6<\/th>\n          <td>Pont-Saint-Martin<\/td>\n          <td>Ivrea<\/td>\n          <td>21.4 km<\/td>\n          <td>3\/5<\/td>\n        <\/tr>\n        <tr>\n          <th scope=\"row\">Tappa 49<\/th>\n          <th>Tappa 7<\/th>\n          <td>Ivrea<\/td>\n          <td>Viverone<\/td>\n          <td>20.2 km<\/td>\n          <td>2\/5<\/td>\n        <\/tr>\n        <tr>\n          <th scope=\"row\">Tappa 50<\/th>\n          <th>Tappa 8<\/th>\n          <td>Viverone<\/td>\n          <td>Santhi\u00e0<\/td>\n          <td>16.7 km<\/td>\n          <td>2\/5<\/td>\n        <\/tr>\n        <tr>\n          <th scope=\"row\">Tappa 51<\/th>\n          <th>Tappa 9<\/th>\n          <td>Santhi\u00e0<\/td>\n          <td>Vercelli<\/td>\n          <td>26.8 km<\/td>\n          <td>3\/5<\/td>\n        <\/tr>\n        <tr>\n          <th scope=\"row\">Tappa 52<\/th>\n          <th>Tappa 10<\/th>\n          <td>Vercelli<\/td>\n          <td>Robbio<\/td>\n          <td>18.6 km<\/td>\n          <td>2\/5<\/td>\n        <\/tr>\n        <tr>\n          <th scope=\"row\">Tappa 53<\/th>\n          <th>Tappa 11<\/th>\n          <td>Robbio<\/td>\n          <td>Mortara<\/td>\n          <td>14.3 km<\/td>\n          <td>2\/5<\/td>\n        <\/tr>\n        <tr>\n          <th scope=\"row\">Tappa 54<\/th>\n          <th>Tappa 12<\/th>\n          <td>Mortara<\/td>\n          <td>Garlasco<\/td>\n          <td>23.5 km<\/td>\n          <td>3\/5<\/td>\n        <\/tr>\n        <tr>\n          <th scope=\"row\">Tappa 55<\/th>\n          <th>Tappa 13<\/th>\n          <td>Garlasco<\/td>\n          <td>Pav\u00eda<\/td>\n          <td>25.4 km<\/td>\n          <td>3\/5<\/td>\n        <\/tr>\n        <tr>\n          <th scope=\"row\">Tappa 56<\/th>\n          <th>Tappa 14<\/th>\n          <td>Pav\u00eda<\/td>\n          <td>Santa Cristina e Bissone<\/td>\n          <td>27.9 km<\/td>\n          <td>3\/5<\/td>\n        <\/tr>\n        <tr>\n          <th scope=\"row\">Tappa 57<\/th>\n          <th>Tappa 15<\/th>\n          <td>Santa Cristina e Bissone<\/td>\n          <td>Orio Litta<\/td>\n          <td>17 km<\/td>\n          <td>2\/5<\/td>\n        <\/tr>\n        <tr>\n          <th scope=\"row\">Tappa 58<\/th>\n          <th>Tappa 16<\/th>\n          <td>Orio Litta<\/td>\n          <td>Plasencia<\/td>\n          <td>18 km<\/td>\n          <td>3\/5<\/td>\n        <\/tr>\n        <tr>\n          <th scope=\"row\">Tappa 59<\/th>\n          <th>Tappa 17<\/th>\n          <td>Plasencia<\/td>\n          <td>Fiorenzuola d&#8217;Arda<\/td>\n          <td>33.9 km<\/td>\n          <td>4\/5<\/td>\n        <\/tr>\n        <tr>\n          <th scope=\"row\">Tappa 60<\/th>\n          <th>Tappa 18<\/th>\n          <td>Fiorenzuola d&#8217;Arda<\/td>\n          <td>Fidenza<\/td>\n          <td>22.3 km<\/td>\n          <td>3\/5<\/td>\n        <\/tr>\n        <tr>\n          <th scope=\"row\">Tappa 61<\/th>\n          <th>Tappa 19<\/th>\n          <td>Fidenza<\/td>\n          <td>Fornovo di Taro<\/td>\n          <td>34 km<\/td>\n          <td>4\/5<\/td>\n        <\/tr>\n        <tr>\n          <th scope=\"row\">Tappa 62<\/th>\n          <th>Tappa 20<\/th>\n          <td>Fornovo di Taro<\/td>\n          <td>Terenzo<\/td>\n          <td>21 km<\/td>\n          <td>4\/5<\/td>\n        <\/tr>\n        <tr>\n          <th scope=\"row\">Tappa 63<\/th>\n          <th>Tappa 21<\/th>\n          <td>Terenzo<\/td>\n          <td>Paso de la Cisa<\/td>\n          <td>19 km<\/td>\n          <td>4\/5<\/td>\n        <\/tr>\n        <tr>\n          <th scope=\"row\">Tappa 64<\/th>\n          <th>Tappa 22<\/th>\n          <td>Paso de la Cisa<\/td>\n          <td>Pontremoli<\/td>\n          <td>19.5 km<\/td>\n          <td>4\/5<\/td>\n        <\/tr>\n        <tr>\n          <th scope=\"row\">Tappa 65<\/th>\n          <th>Tappa 23<\/th>\n          <td>Pontremoli<\/td>\n          <td>Aulla<\/td>\n          <td>33.4 km<\/td>\n          <td>4\/5<\/td>\n        <\/tr>\n        <tr>\n          <th scope=\"row\">Tappa 66<\/th>\n          <th>Tappa 24<\/th>\n          <td>Aulla<\/td>\n          <td>Carrara<\/td>\n          <td>32.7 km<\/td>\n          <td>4\/5<\/td>\n        <\/tr>\n        <tr>\n          <th scope=\"row\">Tappa 67<\/th>\n          <th>Tappa 25<\/th>\n          <td>Carrara<\/td>\n          <td>Pietrasanta<\/td>\n          <td>29 km<\/td>\n          <td>4\/5<\/td>\n        <\/tr>\n        <tr>\n          <th scope=\"row\">Tappa 68<\/th>\n          <th>Tappa 26<\/th>\n          <td>Pietrasanta<\/td>\n          <td>Lucca<\/td>\n          <td>32.2 km<\/td>\n          <td>4\/5<\/td>\n        <\/tr>\n        <tr>\n          <th scope=\"row\">Tappa 69<\/th>\n          <th>Tappa 27<\/th>\n          <td>Lucca<\/td>\n          <td>Altopascio<\/td>\n          <td>18.5 km<\/td>\n          <td>2\/5<\/td>\n        <\/tr>\n        <tr>\n          <th scope=\"row\">Tappa 70<\/th>\n          <th>Tappa 28<\/th>\n          <td>Altopascio<\/td>\n          <td>San Miniato<\/td>\n          <td>29 km<\/td>\n          <td>3\/5<\/td>\n        <\/tr>\n        <tr>\n          <th scope=\"row\">Tappa 71<\/th>\n          <th>Tappa 29<\/th>\n          <td>San Miniato<\/td>\n          <td>Gambassi Terme<\/td>\n          <td>24 km<\/td>\n          <td>3\/5<\/td>\n        <\/tr>\n        <tr>\n          <th scope=\"row\">Tappa 72<\/th>\n          <th>Tappa 30<\/th>\n          <td>Gambassi Terme<\/td>\n          <td>San Gimignano<\/td>\n          <td>13.5 km<\/td>\n          <td>2\/5<\/td>\n        <\/tr>\n        <tr>\n          <th scope=\"row\">Tappa 73<\/th>\n          <th>Tappa 31<\/th>\n          <td>San Gimignano<\/td>\n          <td>Monteriggioni<\/td>\n          <td>31 km<\/td>\n          <td>4\/5<\/td>\n        <\/tr>\n        <tr>\n          <th scope=\"row\">Tappa 74<\/th>\n          <th>Tappa 32<\/th>\n          <td>Monteriggioni<\/td>\n          <td>Siena<\/td>\n          <td>20.6 km<\/td>\n          <td>3\/5<\/td>\n        <\/tr>\n        <tr>\n          <th scope=\"row\">Tappa 75<\/th>\n          <th>Tappa 33<\/th>\n          <td>Siena<\/td>\n          <td>Monteroni d&#8217;Arbia<\/td>\n          <td>25.7 km<\/td>\n          <td>4\/5<\/td>\n        <\/tr>\n        <tr>\n          <th scope=\"row\">Tappa 76<\/th>\n          <th>Tappa 34<\/th>\n          <td>Monteroni d&#8217;Arbia<\/td>\n          <td>San Quirico d&#8217;Orcia<\/td>\n          <td>26.1 km<\/td>\n          <td>4\/5<\/td>\n        <\/tr>\n        <tr>\n          <th scope=\"row\">Tappa 77<\/th>\n          <th>Tappa 35<\/th>\n          <td>San Quirico d&#8217;Orcia<\/td>\n          <td>Radicofani<\/td>\n          <td>32.3 km<\/td>\n          <td>4\/5<\/td>\n        <\/tr>\n        <tr>\n          <th scope=\"row\">Tappa 78<\/th>\n          <th>Tappa 36<\/th>\n          <td>Radicofani<\/td>\n          <td>Acquapendente<\/td>\n          <td>24 km<\/td>\n          <td>3\/5<\/td>\n        <\/tr>\n        <tr>\n          <th scope=\"row\">Tappa 79<\/th>\n          <th>Tappa 37<\/th>\n          <td>Acquapendente<\/td>\n          <td>Bolsena<\/td>\n          <td>22.1 km<\/td>\n          <td>3\/5<\/td>\n        <\/tr>\n        <tr>\n          <th scope=\"row\">Tappa 80<\/th>\n          <th>Tappa 38<\/th>\n          <td>Bolsena<\/td>\n          <td>Montefiascone<\/td>\n          <td>17.7 km<\/td>\n          <td>3\/5<\/td>\n        <\/tr>\n        <tr>\n          <th scope=\"row\">Tappa 81<\/th>\n          <th>Tappa 39<\/th>\n          <td>Montefiascone<\/td>\n          <td>Viterbo<\/td>\n          <td>17.9 km<\/td>\n          <td>2\/5<\/td>\n        <\/tr>\n        <tr>\n          <th scope=\"row\">Tappa 82<\/th>\n          <th>Tappa 40<\/th>\n          <td>Viterbo<\/td>\n          <td>Vetralla<\/td>\n          <td>18.3 km<\/td>\n          <td>3\/5<\/td>\n        <\/tr>\n        <tr>\n          <th scope=\"row\">Tappa 83<\/th>\n          <th>Tappa 41<\/th>\n          <td>Vetralla<\/td>\n          <td>Sutri<\/td>\n          <td>23.9 km<\/td>\n          <td>3\/5<\/td>\n        <\/tr>\n        <tr>\n          <th scope=\"row\">Tappa 84<\/th>\n          <th>Tappa 42<\/th>\n          <td>Sutri<\/td>\n          <td>Campagnano di Roma<\/td>\n          <td>27.1 km<\/td>\n          <td>3\/5<\/td>\n        <\/tr>\n        <tr>\n          <th scope=\"row\">Tappa 85<\/th>\n          <th>Tappa 43<\/th>\n          <td>Campagnano di Roma<\/td>\n          <td>La Storta<\/td>\n          <td>24.5 km<\/td>\n          <td>3\/5<\/td>\n        <\/tr>\n        <tr>\n          <th scope=\"row\">Tappa 86<\/th>\n          <th>Tappa 44<\/th>\n          <td>La Storta<\/td>\n          <td>Roma<\/td>\n          <td>17.2 km<\/td>\n          <td>2\/5<\/td>\n        <\/tr>\n      <\/tbody>\n    <\/table>\n  <\/div>\n<\/div>\n<div id=\"mappa-della-via-francigena\" class=\"section-post\">\n  <h2 class=\"mt-5 mb-3\" id=\"map\">Mappa della V\u00eda Franc\u00edgena<\/h2>\n\n  <img decoding=\"async\"\n    src=\"\/wp-content\/uploads\/2019\/10\/via-francigena.jpg\"\n    alt=\"Mappa V\u00eda Franc\u00edgena\"\n    class=\"d-block mx-auto mt-5\"\n  \/>\n<\/div>\n<div\n  id=\"connessione-via-francigena-con-il-cammino-di-santiago\"\n  class=\"section-post\"\n>\n  <h2 class=\"mt-5 mb-3\" id=\"stages-santiago\">\n    Connessione V\u00eda Franc\u00edgena con il Cammino di Santiago\n  <\/h2>\n\n  <p>\n    Una volta compiuto il pellegrinaggio verso Roma,\n    <strong\n      >c&#8217;\u00e8 la possibilit\u00e0 di iniziare un nuovo pellegrinaggio millenario<\/strong\n    >, il Cammino di Giacomo. Dalla capitale italiana\n    <strong\n      >\u00e8 possibile partire in direzione della Cattedrale di Santiago in un\n      percorso di 19478 km in 76 tappe.<\/strong\n    >\n    Si divide nelle seguenti forme:\n  <\/p>\n\n  <ul>\n    <li>\n      <strong>V\u00eda Franc\u00edgena<\/strong>:Questa volta si effettua la stessa rotta,\n      ma viceversa, da Roma alla localit\u00e0 di Sarzana. Un percorso di\n      <strong>475 km diviso in 20 tappe<\/strong>.\n    <\/li>\n    <li>\n      <strong>Via della Costa:<\/strong> Una volta a Sarzana, si prende una nuova\n      rotta in direzione di Mentone, per la quale si devono\n      <strong>percorrere 348 km in 12 tappe.<\/strong> Su questa rotta si\n      attraversa il confine dell&#8217;Italia e si addentra nel paese confinante, la\n      Francia.\n    <\/li>\n    <li>\n      <strong>Via Aurelia:<\/strong> Da Mentone ad Arl\u00e9s percorrerai questa rotta\n      di <strong>345 km in 14 tappe<\/strong>, detta anche GR-653-A.\n    <\/li>\n    <li>\n      <strong>Via Tolosana:<\/strong> Una volta ad Arl\u00e9s si prende una nuova\n      rotta che ha come fine la localit\u00e0 appartenente alla rotta jacobea di\n      Aragona, Somport. Questa sar\u00e0 la parte pi\u00f9 ampia di questo collegamento\n      che collega la Via Francese al Cammino di Santiago,\n      <strong>780 km divisi in 30 tappe.<\/strong>\n    <\/li>\n  <\/ul>\n\n  <p>\n    Una volta a Somport, siamo gi\u00e0 su terreno giacobeo, realizzando\n    <a href=\"https:\/\/www.pilgrim.es\/it\/cammino-aragonese\/\">il Cammino Aragonese<\/a> fino a Puente la Reina e,\n    una volta l\u00ec, continuando sul\n    <a href=\"https:\/\/www.pilgrim.es\/it\/cammino-francese\/\">Cammino Francese<\/a> fino a Santiago, potrai\n    <strong>realizzare completamente il Cammino di Santiago.<\/strong>\n  <\/p>\n<\/div>\n<div\n  id=\"caratteristiche-e-segnalazioni-della-via-romea-francigena\"\n  class=\"section-post\"\n>\n  <h2 class=\"mt-5 mb-3\">\n    Caratteristiche e segnalazioni della Via Romea-Francigena\n  <\/h2>\n\n  <p>\n    Lungo il suo percorso si verificano alcuni cambiamenti, dopo tutto, questo\n    percorso attraversa quattro paesi diversi ed \u00e8 normale che non tutti siano\n    trattati allo stesso modo.\n  <\/p>\n\n  <p>\n    Passando per l&#8217;Italia, questo percorso \u00e8 in perfetto stato,\n    <strong\n      >con una segnaletica perfetta che orienta il pellegrino nella giusta\n      direzione.<\/strong\n    >\n    Tuttavia, il suo passaggio attraverso\n    <strong>la Francia e la Svizzera \u00e8 migliorabile<\/strong> poich\u00e9 non si trova\n    nello stesso stato della penisola italica,\n  <\/p>\n\n  <p>\n    I suoi segnali, a differenza del Cammino di Santiago con le sue frecce e\n    capesante gialle, non hanno caratteristiche definite, ma sono identificati\n    da segnali di traffico corrente.\n  <\/p>\n<\/div>\n<div\n  id=\"cosa-vedere-lungo-il-cammino-tra-francia-e-litalia\"\n  class=\"section-post\"\n>\n  <h2 class=\"mt-5 mb-3\">Cosa vedere lungo il Cammino tra Francia e l&#8217;Italia<\/h2>\n\n  <p>\n    Pi\u00f9 di 2000 km di percorso danno luogo a una vasta gamma di luoghi da\n    visitare, se ci soffermiamo su ogni elemento degno di menzione, l&#8217;estensione\n    di questo articolo sarebbe notevolmente aumentata, Ecco perch\u00e9\n    <strong>indicheremo cinque dei pi\u00f9 importanti.<\/strong>\n  <\/p>\n\n  <div class=\"row\">\n    <div class=\"col-md-8\">\n      <h3 class=\"mt-4 mb-3\">Catedral de Canterbury<\/h3>\n      <p>\n        Uno dei monumenti da visitare prima dell&#8217;inizio dell&#8217;avventura per la\n        Via Francigena. Questa \u00e8 una delle pi\u00f9 antiche costruzioni cristiane sul\n        suolo inglese ed \u00e8 stata\n        <strong>nominata Patrimonio dell&#8217;Umanit\u00e0 dall&#8217;UNESCO<\/strong> nel 1988.\n      <\/p>\n    <\/div>\n\n    <div class=\"col-md-4\">\n      <img decoding=\"async\"\n        src=\"\/wp-content\/uploads\/2019\/10\/catedral-de-canterbury.jpg\"\n        alt=\"Cattedrale di Canterbury\"\n        class=\"d-block mx-auto mt-4\"\n      \/>\n    <\/div>\n\n    <div class=\"col-md-8\">\n      <h3 class=\"mt-4 mb-3\">Cattedrale di Laon<\/h3>\n      <p>\n        \u00c8 <strong>una delle prime cattedrali in stile gotico<\/strong> ed \u00e8\n        considerata, oggi, una delle migliori opere di questo stile. Creata nel\n        secolo XII, \u00e9 uno dei monumenti pi\u00fa importanti dei paesi francesi\n      <\/p>\n    <\/div>\n\n    <div class=\"col-md-4\">\n      <img decoding=\"async\"\n        src=\"\/wp-content\/uploads\/2019\/10\/catedral-de-laon.jpg\"\n        alt=\"Cattedrale di Laon\"\n        class=\"d-block mx-auto mt-4\"\n      \/>\n    <\/div>\n\n    <div class=\"col-md-8\">\n      <h3 class=\"mt-4 mb-3\">Cattedrale di Reims<\/h3>\n      <p>\n        Dello stesso stile gotico di quello del Laon, questo edificio, costruito\n        nel XIII secolo, ha molta pi\u00f9 importanza per la sua eccellente\n        architettura. Tale \u00e8 la sua importanza che, nel 1991, fu\n        <strong>nominata Patrimonio dell&#8217;umanit\u00e0 dall&#8217;UNESCO.<\/strong>\n      <\/p>\n    <\/div>\n\n    <div class=\"col-md-4\">\n      <img decoding=\"async\"\n        src=\"\/wp-content\/uploads\/2019\/10\/catedral-de-reims.jpg\"\n        alt=\"Cattedrale di Reims\"\n        class=\"d-block mx-auto mt-4\"\n      \/>\n    <\/div>\n\n    <div class=\"col-md-8\">\n      <h3 class=\"mt-4 mb-3\">Valle d&#8217; Aosta<\/h3>\n      <p>\n        Il territorio sottolineato come il nesso dell&#8217; unione tra i paesi de\n        Francia, Svizzera e Italia. Si tratta di\n        <strong>una delle zone pi\u00f9 famose del centro europeo<\/strong> per gli\n        incredibili paesaggi a forma di valli e per il suo territorio le\n        montagne pi\u00f9 alte d&#8217;Europa.\n      <\/p>\n    <\/div>\n\n    <div class=\"col-md-4\">\n      <img decoding=\"async\"\n        src=\"\/wp-content\/uploads\/2019\/10\/valle-de-aosta.jpg\"\n        alt=\"Valle d' Aosta\"\n        class=\"d-block mx-auto mt-4\"\n      \/>\n    <\/div>\n\n    <div class=\"col-md-8\">\n      <h3 class=\"mt-4 mb-3\">Citt\u00e1 del Vaticano<\/h3>\n      <p>\n        La\n        <strong\n          >massima rappresentazione del cristianesimo nel mondo e residenza del\n          Papa.<\/strong\n        >\n        Ha il titolo di Stato sovrano e al suo interno si trovano la Basilica e\n        Piazza San Pietro, considerate una delle migliori opere create\n        dall&#8217;essere umano.\n      <\/p>\n    <\/div>\n\n    <div class=\"col-md-4\">\n      <img decoding=\"async\"\n        src=\"\/wp-content\/uploads\/2019\/10\/ciudad-del-vaticano.jpg\"\n        alt=\"Citt\u00e1 del Vaticano\"\n        class=\"d-block mx-auto mt-4\"\n      \/>\n    <\/div>\n  <\/div>\n<\/div>\n<div id=\"e-ora-di-lanciarsi-nellavventura\" class=\"section-post\">\n  <h2 class=\"mt-5 mb-3\">\u00c8 ora di lanciarsi nell&#8217;avventura<\/h2>\n\n  <p>\n    Dopo aver letto questa\n    <strong>completa informazione sulla Via Francese<\/strong>, \u00e8 giunto il\n    momento di prendere seriamente in considerazione di realizzare questo\n    pellegrinaggio. Siamo consapevoli che non tutti possono permettersi il tempo\n    sufficiente per realizzare l&#8217;intera strada, ma \u00e8 possibile realizzare tratti\n    e godere di questo percorso storico.\n  <\/p>\n\n  <p>\n    Se desideri realizzare il Cammino di Santiago, non esitare a inviarci i tuoi\n    dati per qualsiasi richiesta. Saremo felici di poterti aiutare\n  <\/p>\n\n  <p>\n    <strong><em>Ultreia Pellegrini!<\/em><\/strong>\n  <\/p>\n<\/div>\n","protected":false},"excerpt":{"rendered":"<p>La Via Francese \u00e8 un percorso che va dal nord-ovest dell&#8217;Europa al centro dell&#8217;Italia. Come il Cammino di Santiago, \u00e8 un percorso di pellegrinaggio millenario ma questa volta, invece di terminare in piazza dell&#8217;Obradoiro, di fronte alla Cattedrale di Santiago, lo fa in piazza San Pietro della Citt\u00e0 del Vaticano.<\/p>\n","protected":false},"author":4,"featured_media":123915,"comment_status":"open","ping_status":"closed","sticky":false,"template":"","format":"standard","meta":{"footnotes":""},"categories":[40],"tags":[],"class_list":["post-49629","post","type-post","status-publish","format-standard","has-post-thumbnail","hentry","category-rotte-del-cammino"],"yoast_head":"<!-- This site is optimized with the Yoast SEO plugin v27.4 - https:\/\/yoast.com\/product\/yoast-seo-wordpress\/ -->\n<title>- Tappe, Mappa e Storia | Rotta Europea - Pilgrim<\/title>\n<meta name=\"description\" content=\"La Via Francese \u00e8 un percorso di pellegrinaggio storico all&#039;interno dell&#039;Europa che ha come destinazione finale, la Citt\u00e0 del Vaticano. \u00a1Scopri tutto su di lei!\" \/>\n<meta name=\"robots\" content=\"index, follow, max-snippet:-1, max-image-preview:large, max-video-preview:-1\" \/>\n<link rel=\"canonical\" href=\"https:\/\/www.pilgrim.es\/it\/via-francigena\/\" \/>\n<meta property=\"og:locale\" content=\"it_IT\" \/>\n<meta property=\"og:type\" content=\"article\" \/>\n<meta property=\"og:title\" content=\"- Tappe, Mappa e Storia | Rotta Europea - Pilgrim\" \/>\n<meta property=\"og:description\" content=\"La Via Francese \u00e8 un percorso di pellegrinaggio storico all&#039;interno dell&#039;Europa che ha come destinazione finale, la Citt\u00e0 del Vaticano. \u00a1Scopri tutto su di lei!\" \/>\n<meta property=\"og:url\" content=\"https:\/\/www.pilgrim.es\/it\/via-francigena\/\" \/>\n<meta property=\"og:site_name\" content=\"Pilgrim\" \/>\n<meta property=\"article:publisher\" content=\"https:\/\/www.facebook.com\/pilgrim.es\/\" \/>\n<meta property=\"article:published_time\" content=\"2019-12-03T13:28:03+00:00\" \/>\n<meta property=\"article:modified_time\" content=\"2025-06-09T08:43:52+00:00\" \/>\n<meta property=\"og:image\" content=\"https:\/\/www.pilgrim.es\/wp-content\/uploads\/2019\/10\/via-francigena-2.jpg\" \/>\n\t<meta property=\"og:image:width\" content=\"1000\" \/>\n\t<meta property=\"og:image:height\" content=\"666\" \/>\n\t<meta property=\"og:image:type\" content=\"image\/jpeg\" \/>\n<meta name=\"author\" content=\"Pilgrim SEO\" \/>\n<meta name=\"twitter:card\" content=\"summary_large_image\" \/>\n<meta name=\"twitter:creator\" content=\"@pilgrim_es\" \/>\n<meta name=\"twitter:site\" content=\"@pilgrim_es\" \/>\n<meta name=\"twitter:label1\" content=\"Scritto da\" \/>\n\t<meta name=\"twitter:data1\" content=\"Pilgrim SEO\" \/>\n\t<meta name=\"twitter:label2\" content=\"Tempo di lettura stimato\" \/>\n\t<meta name=\"twitter:data2\" content=\"9 minuti\" \/>\n<script type=\"application\/ld+json\" class=\"yoast-schema-graph\">{\"@context\":\"https:\\\/\\\/schema.org\",\"@graph\":[{\"@type\":\"Article\",\"@id\":\"https:\\\/\\\/www.pilgrim.es\\\/it\\\/via-francigena\\\/#article\",\"isPartOf\":{\"@id\":\"https:\\\/\\\/www.pilgrim.es\\\/it\\\/via-francigena\\\/\"},\"author\":{\"name\":\"Pilgrim SEO\",\"@id\":\"https:\\\/\\\/www.pilgrim.es\\\/it\\\/#\\\/schema\\\/person\\\/14d46e928a02bc9b20d435748438c3e0\"},\"headline\":\"V\u00eda Franc\u00edgena\",\"datePublished\":\"2019-12-03T13:28:03+00:00\",\"dateModified\":\"2025-06-09T08:43:52+00:00\",\"mainEntityOfPage\":{\"@id\":\"https:\\\/\\\/www.pilgrim.es\\\/it\\\/via-francigena\\\/\"},\"wordCount\":1861,\"commentCount\":0,\"publisher\":{\"@id\":\"https:\\\/\\\/www.pilgrim.es\\\/it\\\/#organization\"},\"image\":{\"@id\":\"https:\\\/\\\/www.pilgrim.es\\\/it\\\/via-francigena\\\/#primaryimage\"},\"thumbnailUrl\":\"https:\\\/\\\/www.pilgrim.es\\\/wp-content\\\/uploads\\\/2019\\\/10\\\/via-francigena-2.jpg\",\"articleSection\":[\"Rotte del Cammino\"],\"inLanguage\":\"it-IT\",\"potentialAction\":[{\"@type\":\"CommentAction\",\"name\":\"Comment\",\"target\":[\"https:\\\/\\\/www.pilgrim.es\\\/it\\\/via-francigena\\\/#respond\"]}]},{\"@type\":\"WebPage\",\"@id\":\"https:\\\/\\\/www.pilgrim.es\\\/it\\\/via-francigena\\\/\",\"url\":\"https:\\\/\\\/www.pilgrim.es\\\/it\\\/via-francigena\\\/\",\"name\":\"- Tappe, Mappa e Storia | Rotta Europea - Pilgrim\",\"isPartOf\":{\"@id\":\"https:\\\/\\\/www.pilgrim.es\\\/it\\\/#website\"},\"primaryImageOfPage\":{\"@id\":\"https:\\\/\\\/www.pilgrim.es\\\/it\\\/via-francigena\\\/#primaryimage\"},\"image\":{\"@id\":\"https:\\\/\\\/www.pilgrim.es\\\/it\\\/via-francigena\\\/#primaryimage\"},\"thumbnailUrl\":\"https:\\\/\\\/www.pilgrim.es\\\/wp-content\\\/uploads\\\/2019\\\/10\\\/via-francigena-2.jpg\",\"datePublished\":\"2019-12-03T13:28:03+00:00\",\"dateModified\":\"2025-06-09T08:43:52+00:00\",\"description\":\"La Via Francese \u00e8 un percorso di pellegrinaggio storico all'interno dell'Europa che ha come destinazione finale, la Citt\u00e0 del Vaticano. \u00a1Scopri tutto su di lei!\",\"breadcrumb\":{\"@id\":\"https:\\\/\\\/www.pilgrim.es\\\/it\\\/via-francigena\\\/#breadcrumb\"},\"inLanguage\":\"it-IT\",\"potentialAction\":[{\"@type\":\"ReadAction\",\"target\":[\"https:\\\/\\\/www.pilgrim.es\\\/it\\\/via-francigena\\\/\"]}]},{\"@type\":\"ImageObject\",\"inLanguage\":\"it-IT\",\"@id\":\"https:\\\/\\\/www.pilgrim.es\\\/it\\\/via-francigena\\\/#primaryimage\",\"url\":\"https:\\\/\\\/www.pilgrim.es\\\/wp-content\\\/uploads\\\/2019\\\/10\\\/via-francigena-2.jpg\",\"contentUrl\":\"https:\\\/\\\/www.pilgrim.es\\\/wp-content\\\/uploads\\\/2019\\\/10\\\/via-francigena-2.jpg\",\"width\":1000,\"height\":666},{\"@type\":\"BreadcrumbList\",\"@id\":\"https:\\\/\\\/www.pilgrim.es\\\/it\\\/via-francigena\\\/#breadcrumb\",\"itemListElement\":[{\"@type\":\"ListItem\",\"position\":1,\"name\":\"Camino de Santiago\",\"item\":\"https:\\\/\\\/www.pilgrim.es\\\/it\\\/\"},{\"@type\":\"ListItem\",\"position\":2,\"name\":\"V\u00eda Franc\u00edgena\"}]},{\"@type\":\"WebSite\",\"@id\":\"https:\\\/\\\/www.pilgrim.es\\\/it\\\/#website\",\"url\":\"https:\\\/\\\/www.pilgrim.es\\\/it\\\/\",\"name\":\"Pilgrim\",\"description\":\"Camino de Santiago | Caminamos Contigo\",\"publisher\":{\"@id\":\"https:\\\/\\\/www.pilgrim.es\\\/it\\\/#organization\"},\"potentialAction\":[{\"@type\":\"SearchAction\",\"target\":{\"@type\":\"EntryPoint\",\"urlTemplate\":\"https:\\\/\\\/www.pilgrim.es\\\/it\\\/?s={search_term_string}\"},\"query-input\":{\"@type\":\"PropertyValueSpecification\",\"valueRequired\":true,\"valueName\":\"search_term_string\"}}],\"inLanguage\":\"it-IT\"},{\"@type\":\"Organization\",\"@id\":\"https:\\\/\\\/www.pilgrim.es\\\/it\\\/#organization\",\"name\":\"Pilgrim Camino de Santiago\",\"url\":\"https:\\\/\\\/www.pilgrim.es\\\/it\\\/\",\"logo\":{\"@type\":\"ImageObject\",\"inLanguage\":\"it-IT\",\"@id\":\"https:\\\/\\\/www.pilgrim.es\\\/it\\\/#\\\/schema\\\/logo\\\/image\\\/\",\"url\":\"https:\\\/\\\/www.pilgrim.es\\\/wp-content\\\/uploads\\\/2019\\\/04\\\/logo_pilgrim.png\",\"contentUrl\":\"https:\\\/\\\/www.pilgrim.es\\\/wp-content\\\/uploads\\\/2019\\\/04\\\/logo_pilgrim.png\",\"width\":512,\"height\":512,\"caption\":\"Pilgrim Camino de Santiago\"},\"image\":{\"@id\":\"https:\\\/\\\/www.pilgrim.es\\\/it\\\/#\\\/schema\\\/logo\\\/image\\\/\"},\"sameAs\":[\"https:\\\/\\\/www.facebook.com\\\/pilgrim.es\\\/\",\"https:\\\/\\\/x.com\\\/pilgrim_es\",\"https:\\\/\\\/www.instagram.com\\\/pilgrim.es\\\/\",\"https:\\\/\\\/www.linkedin.com\\\/company\\\/pilgrim-camino-de-santiago\\\/\",\"https:\\\/\\\/www.pinterest.es\\\/pilgrimcaminodesantiago\\\/\",\"https:\\\/\\\/www.youtube.com\\\/channel\\\/UCIv2ZzFLXVqthkNF32rKedw\\\/featured\"]},{\"@type\":\"Person\",\"@id\":\"https:\\\/\\\/www.pilgrim.es\\\/it\\\/#\\\/schema\\\/person\\\/14d46e928a02bc9b20d435748438c3e0\",\"name\":\"Pilgrim SEO\",\"image\":{\"@type\":\"ImageObject\",\"inLanguage\":\"it-IT\",\"@id\":\"https:\\\/\\\/secure.gravatar.com\\\/avatar\\\/52a31ce4f1af059b5077e8c5aee5741b9dec86b4b6ee6b2a7e5aefc4ee670045?s=96&d=mm&r=g\",\"url\":\"https:\\\/\\\/secure.gravatar.com\\\/avatar\\\/52a31ce4f1af059b5077e8c5aee5741b9dec86b4b6ee6b2a7e5aefc4ee670045?s=96&d=mm&r=g\",\"contentUrl\":\"https:\\\/\\\/secure.gravatar.com\\\/avatar\\\/52a31ce4f1af059b5077e8c5aee5741b9dec86b4b6ee6b2a7e5aefc4ee670045?s=96&d=mm&r=g\",\"caption\":\"Pilgrim SEO\"}}]}<\/script>\n<!-- \/ Yoast SEO plugin. -->","yoast_head_json":{"title":"- Tappe, Mappa e Storia | Rotta Europea - Pilgrim","description":"La Via Francese \u00e8 un percorso di pellegrinaggio storico all'interno dell'Europa che ha come destinazione finale, la Citt\u00e0 del Vaticano. \u00a1Scopri tutto su di lei!","robots":{"index":"index","follow":"follow","max-snippet":"max-snippet:-1","max-image-preview":"max-image-preview:large","max-video-preview":"max-video-preview:-1"},"canonical":"https:\/\/www.pilgrim.es\/it\/via-francigena\/","og_locale":"it_IT","og_type":"article","og_title":"- Tappe, Mappa e Storia | Rotta Europea - Pilgrim","og_description":"La Via Francese \u00e8 un percorso di pellegrinaggio storico all'interno dell'Europa che ha come destinazione finale, la Citt\u00e0 del Vaticano. \u00a1Scopri tutto su di lei!","og_url":"https:\/\/www.pilgrim.es\/it\/via-francigena\/","og_site_name":"Pilgrim","article_publisher":"https:\/\/www.facebook.com\/pilgrim.es\/","article_published_time":"2019-12-03T13:28:03+00:00","article_modified_time":"2025-06-09T08:43:52+00:00","og_image":[{"width":1000,"height":666,"url":"https:\/\/www.pilgrim.es\/wp-content\/uploads\/2019\/10\/via-francigena-2.jpg","type":"image\/jpeg"}],"author":"Pilgrim SEO","twitter_card":"summary_large_image","twitter_creator":"@pilgrim_es","twitter_site":"@pilgrim_es","twitter_misc":{"Scritto da":"Pilgrim SEO","Tempo di lettura stimato":"9 minuti"},"schema":{"@context":"https:\/\/schema.org","@graph":[{"@type":"Article","@id":"https:\/\/www.pilgrim.es\/it\/via-francigena\/#article","isPartOf":{"@id":"https:\/\/www.pilgrim.es\/it\/via-francigena\/"},"author":{"name":"Pilgrim SEO","@id":"https:\/\/www.pilgrim.es\/it\/#\/schema\/person\/14d46e928a02bc9b20d435748438c3e0"},"headline":"V\u00eda Franc\u00edgena","datePublished":"2019-12-03T13:28:03+00:00","dateModified":"2025-06-09T08:43:52+00:00","mainEntityOfPage":{"@id":"https:\/\/www.pilgrim.es\/it\/via-francigena\/"},"wordCount":1861,"commentCount":0,"publisher":{"@id":"https:\/\/www.pilgrim.es\/it\/#organization"},"image":{"@id":"https:\/\/www.pilgrim.es\/it\/via-francigena\/#primaryimage"},"thumbnailUrl":"https:\/\/www.pilgrim.es\/wp-content\/uploads\/2019\/10\/via-francigena-2.jpg","articleSection":["Rotte del Cammino"],"inLanguage":"it-IT","potentialAction":[{"@type":"CommentAction","name":"Comment","target":["https:\/\/www.pilgrim.es\/it\/via-francigena\/#respond"]}]},{"@type":"WebPage","@id":"https:\/\/www.pilgrim.es\/it\/via-francigena\/","url":"https:\/\/www.pilgrim.es\/it\/via-francigena\/","name":"- Tappe, Mappa e Storia | Rotta Europea - Pilgrim","isPartOf":{"@id":"https:\/\/www.pilgrim.es\/it\/#website"},"primaryImageOfPage":{"@id":"https:\/\/www.pilgrim.es\/it\/via-francigena\/#primaryimage"},"image":{"@id":"https:\/\/www.pilgrim.es\/it\/via-francigena\/#primaryimage"},"thumbnailUrl":"https:\/\/www.pilgrim.es\/wp-content\/uploads\/2019\/10\/via-francigena-2.jpg","datePublished":"2019-12-03T13:28:03+00:00","dateModified":"2025-06-09T08:43:52+00:00","description":"La Via Francese \u00e8 un percorso di pellegrinaggio storico all'interno dell'Europa che ha come destinazione finale, la Citt\u00e0 del Vaticano. \u00a1Scopri tutto su di lei!","breadcrumb":{"@id":"https:\/\/www.pilgrim.es\/it\/via-francigena\/#breadcrumb"},"inLanguage":"it-IT","potentialAction":[{"@type":"ReadAction","target":["https:\/\/www.pilgrim.es\/it\/via-francigena\/"]}]},{"@type":"ImageObject","inLanguage":"it-IT","@id":"https:\/\/www.pilgrim.es\/it\/via-francigena\/#primaryimage","url":"https:\/\/www.pilgrim.es\/wp-content\/uploads\/2019\/10\/via-francigena-2.jpg","contentUrl":"https:\/\/www.pilgrim.es\/wp-content\/uploads\/2019\/10\/via-francigena-2.jpg","width":1000,"height":666},{"@type":"BreadcrumbList","@id":"https:\/\/www.pilgrim.es\/it\/via-francigena\/#breadcrumb","itemListElement":[{"@type":"ListItem","position":1,"name":"Camino de Santiago","item":"https:\/\/www.pilgrim.es\/it\/"},{"@type":"ListItem","position":2,"name":"V\u00eda Franc\u00edgena"}]},{"@type":"WebSite","@id":"https:\/\/www.pilgrim.es\/it\/#website","url":"https:\/\/www.pilgrim.es\/it\/","name":"Pilgrim","description":"Camino de Santiago | Caminamos Contigo","publisher":{"@id":"https:\/\/www.pilgrim.es\/it\/#organization"},"potentialAction":[{"@type":"SearchAction","target":{"@type":"EntryPoint","urlTemplate":"https:\/\/www.pilgrim.es\/it\/?s={search_term_string}"},"query-input":{"@type":"PropertyValueSpecification","valueRequired":true,"valueName":"search_term_string"}}],"inLanguage":"it-IT"},{"@type":"Organization","@id":"https:\/\/www.pilgrim.es\/it\/#organization","name":"Pilgrim Camino de Santiago","url":"https:\/\/www.pilgrim.es\/it\/","logo":{"@type":"ImageObject","inLanguage":"it-IT","@id":"https:\/\/www.pilgrim.es\/it\/#\/schema\/logo\/image\/","url":"https:\/\/www.pilgrim.es\/wp-content\/uploads\/2019\/04\/logo_pilgrim.png","contentUrl":"https:\/\/www.pilgrim.es\/wp-content\/uploads\/2019\/04\/logo_pilgrim.png","width":512,"height":512,"caption":"Pilgrim Camino de Santiago"},"image":{"@id":"https:\/\/www.pilgrim.es\/it\/#\/schema\/logo\/image\/"},"sameAs":["https:\/\/www.facebook.com\/pilgrim.es\/","https:\/\/x.com\/pilgrim_es","https:\/\/www.instagram.com\/pilgrim.es\/","https:\/\/www.linkedin.com\/company\/pilgrim-camino-de-santiago\/","https:\/\/www.pinterest.es\/pilgrimcaminodesantiago\/","https:\/\/www.youtube.com\/channel\/UCIv2ZzFLXVqthkNF32rKedw\/featured"]},{"@type":"Person","@id":"https:\/\/www.pilgrim.es\/it\/#\/schema\/person\/14d46e928a02bc9b20d435748438c3e0","name":"Pilgrim SEO","image":{"@type":"ImageObject","inLanguage":"it-IT","@id":"https:\/\/secure.gravatar.com\/avatar\/52a31ce4f1af059b5077e8c5aee5741b9dec86b4b6ee6b2a7e5aefc4ee670045?s=96&d=mm&r=g","url":"https:\/\/secure.gravatar.com\/avatar\/52a31ce4f1af059b5077e8c5aee5741b9dec86b4b6ee6b2a7e5aefc4ee670045?s=96&d=mm&r=g","contentUrl":"https:\/\/secure.gravatar.com\/avatar\/52a31ce4f1af059b5077e8c5aee5741b9dec86b4b6ee6b2a7e5aefc4ee670045?s=96&d=mm&r=g","caption":"Pilgrim SEO"}}]}},"_links":{"self":[{"href":"https:\/\/www.pilgrim.es\/it\/wp-json\/wp\/v2\/posts\/49629","targetHints":{"allow":["GET"]}}],"collection":[{"href":"https:\/\/www.pilgrim.es\/it\/wp-json\/wp\/v2\/posts"}],"about":[{"href":"https:\/\/www.pilgrim.es\/it\/wp-json\/wp\/v2\/types\/post"}],"author":[{"embeddable":true,"href":"https:\/\/www.pilgrim.es\/it\/wp-json\/wp\/v2\/users\/4"}],"replies":[{"embeddable":true,"href":"https:\/\/www.pilgrim.es\/it\/wp-json\/wp\/v2\/comments?post=49629"}],"version-history":[{"count":7,"href":"https:\/\/www.pilgrim.es\/it\/wp-json\/wp\/v2\/posts\/49629\/revisions"}],"predecessor-version":[{"id":127638,"href":"https:\/\/www.pilgrim.es\/it\/wp-json\/wp\/v2\/posts\/49629\/revisions\/127638"}],"wp:featuredmedia":[{"embeddable":true,"href":"https:\/\/www.pilgrim.es\/it\/wp-json\/wp\/v2\/media\/123915"}],"wp:attachment":[{"href":"https:\/\/www.pilgrim.es\/it\/wp-json\/wp\/v2\/media?parent=49629"}],"wp:term":[{"taxonomy":"category","embeddable":true,"href":"https:\/\/www.pilgrim.es\/it\/wp-json\/wp\/v2\/categories?post=49629"},{"taxonomy":"post_tag","embeddable":true,"href":"https:\/\/www.pilgrim.es\/it\/wp-json\/wp\/v2\/tags?post=49629"}],"curies":[{"name":"wp","href":"https:\/\/api.w.org\/{rel}","templated":true}]}}