{"id":49625,"date":"2019-12-03T09:27:17","date_gmt":"2019-12-03T09:27:17","guid":{"rendered":"https:\/\/prod.pilgrim.es\/cammino-di-santiago-da-tui\/"},"modified":"2025-06-09T08:44:35","modified_gmt":"2025-06-09T08:44:35","slug":"cammino-di-santiago-da-tui","status":"publish","type":"post","link":"https:\/\/www.pilgrim.es\/it\/cammino-di-santiago-da-tui\/","title":{"rendered":"Cammino di Santiago da Tui"},"content":{"rendered":"\n<div class=\"entry-content__introduction\">\n  <p>\n    Tui \u00e9 un villaggio famoso fuori dal\n    <a href=\"https:\/\/www.pilgrim.es\/it\/cammini\/\">pellegrinaggio di Santiago<\/a> per essere un\n    villaggio di frontiera che separa i paesi gemelli della Spagna e del\n    Portogallo. Per\u00f2 <strong>\u00e9 famoso anche nella rotta giacobea<\/strong>,ma pi\u00fa\n    concretamente,nel <a href=\"https:\/\/www.pilgrim.es\/it\/cammino-portoghese\/\">Cammino Portoghese<\/a>,per\n    essere il punto di inizio per percorrere gli ultimi 100 km di questa rotta.\n  <\/p>\n  <h5>\n    Inoltre ti potrebbe interessare :\n    <a href=\"https:\/\/www.pilgrim.es\/it\/cammino-di-santiago-da-sarria\/\">Il Cammino da Sarria<\/a>\n  <\/h5>\n<\/div>\n<hr class=\"single-bar\" \/>\n<ul class=\"index float-none float-sm-left mb-3\">\n  <span>Indice<\/span>\n  <li><a href=\"#why\">Perch\u00e9 da Tui<\/a><\/li>\n  <li><a href=\"#stages-walk\">Tappe<\/a><\/li>\n  <li><a href=\"#how\">Come raggiungere<\/a><\/li>\n  <li><a href=\"#sleep\">Dove dormire<\/a><\/li>\n  <li><a href=\"#credential\">Dove ottengo la Credenziale<\/a><\/li>\n  <li><a href=\"#pois\">Che cosa vedere<\/a><\/li>\n<\/ul>\n<hr class=\"single-bar\" \/>\n<div class=\"section-post\">\n  <h2 class=\"mt-5 mb-3\">Perch\u00e9 farlo da Tui<\/h2>\n  <p>\n    Come abbiamo gi\u00e0 detto, questa localit\u00e0 galiziana \u00e8 l&#8217;ultimo punto di\n    partenza per poter realizzare gli ultimi 100 km del Cammino Portoghese.\n    Per\u00f2, ti chiederai,\n    <strong\n      >perch\u00e9 \u00e9 cos\u00ec speciale realizzare gli ultimi 100 chilometri?<\/strong\n    >\n  <\/p>\n  <p>\n    Ebbene, il motivo principale per realizzarlo \u00e8 che tale distanza \u00e8 la minima\n    per poter ottenere la tanto desiderata\n    <a href=\"https:\/\/www.pilgrim.es\/it\/pianificare\/la-compostela\/\">Compostela<\/a>, cio\u00e8, realizzando il Cammino da\n    Tui potrai camminare il percorso minimo necessario per avere la\n    documentazione ufficiale di aver realizzato il percorso jacobea.\n  <\/p>\n  <p>\n    Questo stesso fattore ha fatto s\u00ec che questo tratto proveniente dal\n    Portogallo abbia guadagnato fama e che siano state stanziate molte risorse\n    per la creazione di servizi orientati al pellegrino.\n    <strong\n      >Partire da Tui significa che non mancher\u00e0 nulla al pellegrino.<\/strong\n    >\n  <\/p>\n  <p>\n    Inoltre,\u00e9 il modo perfetto per\n    <a href=\"https:\/\/www.pilgrim.es\/it\/il-cammino-di-santiago-per-principianti\/\">fare il Cammino per la prima volta.<\/a> In questo\n    modo, potrai sapere se, in futuro, potresti fare un altro percorso e con\n    molto pi\u00f9 percorso per vivere l&#8217;esperienza pi\u00f9 a lungo.\n  <\/p>\n<\/div>\n<div class=\"section-post\" id=\"stages-walk\">\n  <h2 class=\"mt-5 mb-3\">Tappa del Cammino da Tui<\/h2>\n  <table class=\"wp-block-table table text-left my-4\">\n    <thead>\n      <tr>\n        <th>TAPPA<\/th>\n        <th>INIZIO<\/th>\n        <th>FINE<\/th>\n        <th>DURATA<\/th>\n        <th>DIFFICOLT\u00c0<\/th>\n      <\/tr>\n    <\/thead>\n    <tbody>\n      <tr>\n        <td>Tappa 1<\/td>\n        <td>Tui<\/td>\n        <td>O Porri\u00f1o<\/td>\n        <td>13 km<\/td>\n        <td>2\/5<\/td>\n      <\/tr>\n      <tr>\n        <td>Tappa 2<\/td>\n        <td>O Porri\u00f1o<\/td>\n        <td>Redondela<\/td>\n        <td>16 km<\/td>\n        <td>2\/5<\/td>\n      <\/tr>\n      <tr>\n        <td>Tappa 3<\/td>\n        <td>Redondela<\/td>\n        <td>Pontevedra<\/td>\n        <td>19 km<\/td>\n        <td>2\/5<\/td>\n      <\/tr>\n      <tr>\n        <td>Tappa 4<\/td>\n        <td>Pontevedra<\/td>\n        <td>Caldas de Reis<\/td>\n        <td>19 km<\/td>\n        <td>1\/5<\/td>\n      <\/tr>\n      <tr>\n        <td>Tappa 5<\/td>\n        <td>Caldas de Reis<\/td>\n        <td>Padr\u00f3n<\/td>\n        <td>17 km<\/td>\n        <td>2\/5<\/td>\n      <\/tr>\n      <tr>\n        <td>Tappa 6<\/td>\n        <td>Padr\u00f3n<\/td>\n        <td>Santiago de Compostela<\/td>\n        <td>22 km<\/td>\n        <td>2\/5<\/td>\n      <\/tr>\n    <\/tbody>\n  <\/table>\n<\/div>\n<div class=\"section-post\" id=\"how\">\n  <h2 class=\"mt-5 mb-3\">Come arrivare a Tui<\/h2>\n  <p>\n    Nella nostra sezione su\n    <a href=\"https:\/\/www.pilgrim.es\/it\/pianificare\/come-arrivare-a-i-punti-di-partenza-del-cammino-di-santiago\/\"\n      >come raggiungere i punti di partenza pi\u00f9 importanti del Cammino<\/a\n    >, abbiamo le informazioni necessarie per sostenere tutti i pellegrini che\n    hanno bisogno di informazioni su come raggiungere ogni localit\u00e0 del Cammino.\n  <\/p>\n  <p>\n    Se volete arrivare a Tui,\n    <strong>la via principale di accesso \u00e8 la<\/strong> A-55, che allo stesso\n    tempo \u00e8 collegata alla A-52 per dirigervi verso il centro della penisola.\n    Altra opzione \u00e8 passare per la AP-9 ,principale via di comunicazione della\n    Galizia.\n  <\/p>\n  <p>\n    \u00c9 possibile arrivare in treno, poich\u00e9\n    <strong>uno dei collegamenti O Porto \u2013 Vigo si ferma a Tui<\/strong> Si pu\u00f2\n    anche arrivare in autobus grazie al fatto che diverse aziende collegano Tui\n    con Pontevedra, O Porri\u00f1o, A Guarda, Vigo, Santiago e anche con il\n    Portogallo.\n  <\/p>\n<\/div>\n<div class=\"section-post\" id=\"sleep\">\n  <h2 class=\"mt-5 mb-3\">Dove dormire a Tui<\/h2>\n  <div class=\"row align-items-center my-4\">\n    <div class=\"col-md-6\">\n      <p>\n        Non garantiamo che ci sia disponibilit\u00e0 perch\u00e9 sul Cammino c&#8217;\u00e8 una\n        grande massa di pellegrini ed \u00e8 possibile che la capienza sia limitata.\n        Se volete <strong>aiuto con gli alloggi<\/strong>, non esitate a chiedere\n        aiuto, abbiamo una grande rete di alloggi affidabili.\n      <\/p>\n      <p>\n        Comunque, ti lasciamo due raccomandazioni per poter riposare a Tui dopo\n        la partenza per Santiago:\n      <\/p>\n      <ul>\n        <li>\n          <strong>Ostello de Peregrinos de Tui<\/strong>\n          <ul>\n            <li>Capacit\u00e0: 36 posti<\/li>\n            <li>Indirizzo: P\u00e1rroco Rodr\u00edguez V\u00e1zquez, Tui (Pontevedra)<\/li>\n            <li>N\u00ba Telefono: 638 276 855<\/li>\n          <\/ul>\n        <\/li>\n        <li>\n          <strong>Ostello Villa San Clemente<\/strong>\n          <ul>\n            <li>Capacit\u00e0 : 27 posti<\/li>\n            <li>Indirizzo: Avenida Can\u00f3nigo Vali\u00f1o, 23. Tui (Pontevedra)<\/li>\n            <li>N\u00ba Telefono: 678 747 700 \/ 661 334 050<\/li>\n          <\/ul>\n        <\/li>\n      <\/ul>\n    <\/div>\n  <\/div>\n<\/div>\n<div class=\"section-post\" id=\"credential\">\n  <h2 class=\"mt-5 mb-3\">Dove conseguire la Credenziale del Pellegrino a Tui<\/h2>\n  <p>\n    Se <a href=\"https:\/\/www.pilgrim.es\/it\/pianificare\/\">pianifichi il tuo Cammino<\/a>,riceverai i\n    documenti opportuni nel tuo primo alloggio dove dormi o nella tua propria\n    casa. Nel caso in cui decidi di farlo per conto tuo ,potrai conseguirla nel:\n  <\/p>\n  <ul>\n    <li>L&#8217;albergo dei pellegrini menzionati nel punto prima<\/li>\n    <li>\n      Ufficio del Turismo di Tui nella Piazza di San Fernando s\/n, 36700 Tui\n    <\/li>\n    <li>\n      Cattedrale di Santa Maria di Tui nella Piazza di San Fernando s\/n,36700\n      Tui\n    <\/li>\n  <\/ul>\n<\/div>\n<div class=\"section-post\" id=\"pois\">\n  <h2 class=\"mt-5 mb-3\">Cosa vedere a Tui<\/h2>\n  <p>\n    Questo villaggio \u00e8 di una profonda radice galiziana quindi la natura che lo\n    circonda \u00e8 la principale protagonista, essendo la sua\n    <strong\n      >spiaggia fluviale di Areneas e il parco naturale Monte Aloia, grandi\n      attrazioni della localit\u00e1<\/strong\n    >\n  <\/p>\n  <h3 class=\"mt-4 mb-3\">Cattedrale di Santa Mar\u00eda<\/h3>\n  <p>\n    Questo \u00e9 l&#8217;elemento pi\u00fa caratteristico di Tuy e quello che \u00e9 pi\u00fa conosciuto\n    . Di mescolanza romanico e gotico, il tempio si trova nella zona pi\u00f9 alta\n    della localit\u00e0 insieme ad un insieme con un certo aspetto di Fortezza grazie\n    all&#8217;essere composto da torri difensive, cammini di passaggio e cuniculi.\n  <\/p>\n<\/div>\n<div class=\"section-post\">\n  <h2 class=\"mt-5 mb-3\">L&#8217;avventura ti aspetta<\/h2>\n  <p>\n    Speriamo che tutte le informazioni che ti abbiamo appena dato sul fare il\n    Cammino da Tui, ti diano l&#8217;impulso e l&#8217;aiuto necessario per poter affrontare\n    l&#8217;avventura e ti goda la magia del Cammino di Santiago.\n  <\/p>\n  <p>\n    Se necessiti aiuto per pianificarlo, saremo sempre a tua disposizione.\n    Lasciaci il tuo contatto e troveremo insieme il modo migliore per aiutarti.\n  <\/p>\n  <p>\n    <em><strong>Ultreia pellegrini!<\/strong><\/em>\n  <\/p>\n<\/div>\n","protected":false},"excerpt":{"rendered":"<p>Tui \u00e8 un popolo famoso al di fuori del pellegrinaggio a Santiago perch\u00e9 \u00e8 un popolo di confine che separa i paesi gemellati di Spagna e Portogallo. Per\u00f2 inoltre \u00e9 famoso nella rotta giacobea,pi\u00fa concretamente,nel Cammino Portoghese, per essere il punto di inizio per percorrere gli ultimi 100 kilometri di tale rotta.<\/p>\n","protected":false},"author":4,"featured_media":123861,"comment_status":"open","ping_status":"closed","sticky":false,"template":"","format":"standard","meta":{"footnotes":""},"categories":[4,40],"tags":[],"class_list":["post-49625","post","type-post","status-publish","format-standard","has-post-thumbnail","hentry","category-non-categorizzato","category-rotte-del-cammino"],"yoast_head":"<!-- This site is optimized with the Yoast SEO plugin v27.4 - https:\/\/yoast.com\/product\/yoast-seo-wordpress\/ -->\n<title>Cammino di Santiago da Tui [2026 ] | Tappe e Dove dormire | Pilgrim<\/title>\n<meta name=\"description\" content=\"Il Cammino di Santiago da Tui \u00e9 una delle rotte pi\u00fa scelte dai pellegrini debiti a essere l&#039;ultimo villaggio che compie 100 kilometri per la Compostela.\" \/>\n<meta name=\"robots\" content=\"index, follow, max-snippet:-1, max-image-preview:large, max-video-preview:-1\" \/>\n<link rel=\"canonical\" href=\"https:\/\/www.pilgrim.es\/it\/cammino-di-santiago-da-tui\/\" \/>\n<meta property=\"og:locale\" content=\"it_IT\" \/>\n<meta property=\"og:type\" content=\"article\" \/>\n<meta property=\"og:title\" content=\"Cammino di Santiago da Tui [2026 ] | Tappe e Dove dormire | Pilgrim\" \/>\n<meta property=\"og:description\" content=\"Il Cammino di Santiago da Tui \u00e9 una delle rotte pi\u00fa scelte dai pellegrini debiti a essere l&#039;ultimo villaggio che compie 100 kilometri per la Compostela.\" \/>\n<meta property=\"og:url\" content=\"https:\/\/www.pilgrim.es\/it\/cammino-di-santiago-da-tui\/\" \/>\n<meta property=\"og:site_name\" content=\"Pilgrim\" \/>\n<meta property=\"article:publisher\" content=\"https:\/\/www.facebook.com\/pilgrim.es\/\" \/>\n<meta property=\"article:published_time\" content=\"2019-12-03T09:27:17+00:00\" \/>\n<meta property=\"article:modified_time\" content=\"2025-06-09T08:44:35+00:00\" \/>\n<meta property=\"og:image\" content=\"https:\/\/www.pilgrim.es\/wp-content\/uploads\/2019\/10\/camino-de-santiago-desde-tui-1.jpg\" \/>\n\t<meta property=\"og:image:width\" content=\"1000\" \/>\n\t<meta property=\"og:image:height\" content=\"666\" \/>\n\t<meta property=\"og:image:type\" content=\"image\/jpeg\" \/>\n<meta name=\"author\" content=\"Pilgrim SEO\" \/>\n<meta name=\"twitter:card\" content=\"summary_large_image\" \/>\n<meta name=\"twitter:creator\" content=\"@pilgrim_es\" \/>\n<meta name=\"twitter:site\" content=\"@pilgrim_es\" \/>\n<meta name=\"twitter:label1\" content=\"Scritto da\" \/>\n\t<meta name=\"twitter:data1\" content=\"Pilgrim SEO\" \/>\n\t<meta name=\"twitter:label2\" content=\"Tempo di lettura stimato\" \/>\n\t<meta name=\"twitter:data2\" content=\"4 minuti\" \/>\n<script type=\"application\/ld+json\" class=\"yoast-schema-graph\">{\"@context\":\"https:\\\/\\\/schema.org\",\"@graph\":[{\"@type\":\"Article\",\"@id\":\"https:\\\/\\\/www.pilgrim.es\\\/it\\\/cammino-di-santiago-da-tui\\\/#article\",\"isPartOf\":{\"@id\":\"https:\\\/\\\/www.pilgrim.es\\\/it\\\/cammino-di-santiago-da-tui\\\/\"},\"author\":{\"name\":\"Pilgrim SEO\",\"@id\":\"https:\\\/\\\/www.pilgrim.es\\\/it\\\/#\\\/schema\\\/person\\\/14d46e928a02bc9b20d435748438c3e0\"},\"headline\":\"Cammino di Santiago da Tui\",\"datePublished\":\"2019-12-03T09:27:17+00:00\",\"dateModified\":\"2025-06-09T08:44:35+00:00\",\"mainEntityOfPage\":{\"@id\":\"https:\\\/\\\/www.pilgrim.es\\\/it\\\/cammino-di-santiago-da-tui\\\/\"},\"wordCount\":725,\"commentCount\":0,\"publisher\":{\"@id\":\"https:\\\/\\\/www.pilgrim.es\\\/it\\\/#organization\"},\"image\":{\"@id\":\"https:\\\/\\\/www.pilgrim.es\\\/it\\\/cammino-di-santiago-da-tui\\\/#primaryimage\"},\"thumbnailUrl\":\"https:\\\/\\\/www.pilgrim.es\\\/wp-content\\\/uploads\\\/2019\\\/10\\\/camino-de-santiago-desde-tui-1.jpg\",\"articleSection\":[\"Non categorizzato\",\"Rotte del Cammino\"],\"inLanguage\":\"it-IT\",\"potentialAction\":[{\"@type\":\"CommentAction\",\"name\":\"Comment\",\"target\":[\"https:\\\/\\\/www.pilgrim.es\\\/it\\\/cammino-di-santiago-da-tui\\\/#respond\"]}]},{\"@type\":\"WebPage\",\"@id\":\"https:\\\/\\\/www.pilgrim.es\\\/it\\\/cammino-di-santiago-da-tui\\\/\",\"url\":\"https:\\\/\\\/www.pilgrim.es\\\/it\\\/cammino-di-santiago-da-tui\\\/\",\"name\":\"Cammino di Santiago da Tui [2026 ] | Tappe e Dove dormire | Pilgrim\",\"isPartOf\":{\"@id\":\"https:\\\/\\\/www.pilgrim.es\\\/it\\\/#website\"},\"primaryImageOfPage\":{\"@id\":\"https:\\\/\\\/www.pilgrim.es\\\/it\\\/cammino-di-santiago-da-tui\\\/#primaryimage\"},\"image\":{\"@id\":\"https:\\\/\\\/www.pilgrim.es\\\/it\\\/cammino-di-santiago-da-tui\\\/#primaryimage\"},\"thumbnailUrl\":\"https:\\\/\\\/www.pilgrim.es\\\/wp-content\\\/uploads\\\/2019\\\/10\\\/camino-de-santiago-desde-tui-1.jpg\",\"datePublished\":\"2019-12-03T09:27:17+00:00\",\"dateModified\":\"2025-06-09T08:44:35+00:00\",\"description\":\"Il Cammino di Santiago da Tui \u00e9 una delle rotte pi\u00fa scelte dai pellegrini debiti a essere l'ultimo villaggio che compie 100 kilometri per la Compostela.\",\"breadcrumb\":{\"@id\":\"https:\\\/\\\/www.pilgrim.es\\\/it\\\/cammino-di-santiago-da-tui\\\/#breadcrumb\"},\"inLanguage\":\"it-IT\",\"potentialAction\":[{\"@type\":\"ReadAction\",\"target\":[\"https:\\\/\\\/www.pilgrim.es\\\/it\\\/cammino-di-santiago-da-tui\\\/\"]}]},{\"@type\":\"ImageObject\",\"inLanguage\":\"it-IT\",\"@id\":\"https:\\\/\\\/www.pilgrim.es\\\/it\\\/cammino-di-santiago-da-tui\\\/#primaryimage\",\"url\":\"https:\\\/\\\/www.pilgrim.es\\\/wp-content\\\/uploads\\\/2019\\\/10\\\/camino-de-santiago-desde-tui-1.jpg\",\"contentUrl\":\"https:\\\/\\\/www.pilgrim.es\\\/wp-content\\\/uploads\\\/2019\\\/10\\\/camino-de-santiago-desde-tui-1.jpg\",\"width\":1000,\"height\":666},{\"@type\":\"BreadcrumbList\",\"@id\":\"https:\\\/\\\/www.pilgrim.es\\\/it\\\/cammino-di-santiago-da-tui\\\/#breadcrumb\",\"itemListElement\":[{\"@type\":\"ListItem\",\"position\":1,\"name\":\"Camino de Santiago\",\"item\":\"https:\\\/\\\/www.pilgrim.es\\\/it\\\/\"},{\"@type\":\"ListItem\",\"position\":2,\"name\":\"Cammino di Santiago da Tui\"}]},{\"@type\":\"WebSite\",\"@id\":\"https:\\\/\\\/www.pilgrim.es\\\/it\\\/#website\",\"url\":\"https:\\\/\\\/www.pilgrim.es\\\/it\\\/\",\"name\":\"Pilgrim\",\"description\":\"Camino de Santiago | Caminamos Contigo\",\"publisher\":{\"@id\":\"https:\\\/\\\/www.pilgrim.es\\\/it\\\/#organization\"},\"potentialAction\":[{\"@type\":\"SearchAction\",\"target\":{\"@type\":\"EntryPoint\",\"urlTemplate\":\"https:\\\/\\\/www.pilgrim.es\\\/it\\\/?s={search_term_string}\"},\"query-input\":{\"@type\":\"PropertyValueSpecification\",\"valueRequired\":true,\"valueName\":\"search_term_string\"}}],\"inLanguage\":\"it-IT\"},{\"@type\":\"Organization\",\"@id\":\"https:\\\/\\\/www.pilgrim.es\\\/it\\\/#organization\",\"name\":\"Pilgrim Camino de Santiago\",\"url\":\"https:\\\/\\\/www.pilgrim.es\\\/it\\\/\",\"logo\":{\"@type\":\"ImageObject\",\"inLanguage\":\"it-IT\",\"@id\":\"https:\\\/\\\/www.pilgrim.es\\\/it\\\/#\\\/schema\\\/logo\\\/image\\\/\",\"url\":\"https:\\\/\\\/www.pilgrim.es\\\/wp-content\\\/uploads\\\/2019\\\/04\\\/logo_pilgrim.png\",\"contentUrl\":\"https:\\\/\\\/www.pilgrim.es\\\/wp-content\\\/uploads\\\/2019\\\/04\\\/logo_pilgrim.png\",\"width\":512,\"height\":512,\"caption\":\"Pilgrim Camino de Santiago\"},\"image\":{\"@id\":\"https:\\\/\\\/www.pilgrim.es\\\/it\\\/#\\\/schema\\\/logo\\\/image\\\/\"},\"sameAs\":[\"https:\\\/\\\/www.facebook.com\\\/pilgrim.es\\\/\",\"https:\\\/\\\/x.com\\\/pilgrim_es\",\"https:\\\/\\\/www.instagram.com\\\/pilgrim.es\\\/\",\"https:\\\/\\\/www.linkedin.com\\\/company\\\/pilgrim-camino-de-santiago\\\/\",\"https:\\\/\\\/www.pinterest.es\\\/pilgrimcaminodesantiago\\\/\",\"https:\\\/\\\/www.youtube.com\\\/channel\\\/UCIv2ZzFLXVqthkNF32rKedw\\\/featured\"]},{\"@type\":\"Person\",\"@id\":\"https:\\\/\\\/www.pilgrim.es\\\/it\\\/#\\\/schema\\\/person\\\/14d46e928a02bc9b20d435748438c3e0\",\"name\":\"Pilgrim SEO\",\"image\":{\"@type\":\"ImageObject\",\"inLanguage\":\"it-IT\",\"@id\":\"https:\\\/\\\/secure.gravatar.com\\\/avatar\\\/52a31ce4f1af059b5077e8c5aee5741b9dec86b4b6ee6b2a7e5aefc4ee670045?s=96&d=mm&r=g\",\"url\":\"https:\\\/\\\/secure.gravatar.com\\\/avatar\\\/52a31ce4f1af059b5077e8c5aee5741b9dec86b4b6ee6b2a7e5aefc4ee670045?s=96&d=mm&r=g\",\"contentUrl\":\"https:\\\/\\\/secure.gravatar.com\\\/avatar\\\/52a31ce4f1af059b5077e8c5aee5741b9dec86b4b6ee6b2a7e5aefc4ee670045?s=96&d=mm&r=g\",\"caption\":\"Pilgrim SEO\"}}]}<\/script>\n<!-- \/ Yoast SEO plugin. -->","yoast_head_json":{"title":"Cammino di Santiago da Tui [2026 ] | Tappe e Dove dormire | Pilgrim","description":"Il Cammino di Santiago da Tui \u00e9 una delle rotte pi\u00fa scelte dai pellegrini debiti a essere l'ultimo villaggio che compie 100 kilometri per la Compostela.","robots":{"index":"index","follow":"follow","max-snippet":"max-snippet:-1","max-image-preview":"max-image-preview:large","max-video-preview":"max-video-preview:-1"},"canonical":"https:\/\/www.pilgrim.es\/it\/cammino-di-santiago-da-tui\/","og_locale":"it_IT","og_type":"article","og_title":"Cammino di Santiago da Tui [2026 ] | Tappe e Dove dormire | Pilgrim","og_description":"Il Cammino di Santiago da Tui \u00e9 una delle rotte pi\u00fa scelte dai pellegrini debiti a essere l'ultimo villaggio che compie 100 kilometri per la Compostela.","og_url":"https:\/\/www.pilgrim.es\/it\/cammino-di-santiago-da-tui\/","og_site_name":"Pilgrim","article_publisher":"https:\/\/www.facebook.com\/pilgrim.es\/","article_published_time":"2019-12-03T09:27:17+00:00","article_modified_time":"2025-06-09T08:44:35+00:00","og_image":[{"width":1000,"height":666,"url":"https:\/\/www.pilgrim.es\/wp-content\/uploads\/2019\/10\/camino-de-santiago-desde-tui-1.jpg","type":"image\/jpeg"}],"author":"Pilgrim SEO","twitter_card":"summary_large_image","twitter_creator":"@pilgrim_es","twitter_site":"@pilgrim_es","twitter_misc":{"Scritto da":"Pilgrim SEO","Tempo di lettura stimato":"4 minuti"},"schema":{"@context":"https:\/\/schema.org","@graph":[{"@type":"Article","@id":"https:\/\/www.pilgrim.es\/it\/cammino-di-santiago-da-tui\/#article","isPartOf":{"@id":"https:\/\/www.pilgrim.es\/it\/cammino-di-santiago-da-tui\/"},"author":{"name":"Pilgrim SEO","@id":"https:\/\/www.pilgrim.es\/it\/#\/schema\/person\/14d46e928a02bc9b20d435748438c3e0"},"headline":"Cammino di Santiago da Tui","datePublished":"2019-12-03T09:27:17+00:00","dateModified":"2025-06-09T08:44:35+00:00","mainEntityOfPage":{"@id":"https:\/\/www.pilgrim.es\/it\/cammino-di-santiago-da-tui\/"},"wordCount":725,"commentCount":0,"publisher":{"@id":"https:\/\/www.pilgrim.es\/it\/#organization"},"image":{"@id":"https:\/\/www.pilgrim.es\/it\/cammino-di-santiago-da-tui\/#primaryimage"},"thumbnailUrl":"https:\/\/www.pilgrim.es\/wp-content\/uploads\/2019\/10\/camino-de-santiago-desde-tui-1.jpg","articleSection":["Non categorizzato","Rotte del Cammino"],"inLanguage":"it-IT","potentialAction":[{"@type":"CommentAction","name":"Comment","target":["https:\/\/www.pilgrim.es\/it\/cammino-di-santiago-da-tui\/#respond"]}]},{"@type":"WebPage","@id":"https:\/\/www.pilgrim.es\/it\/cammino-di-santiago-da-tui\/","url":"https:\/\/www.pilgrim.es\/it\/cammino-di-santiago-da-tui\/","name":"Cammino di Santiago da Tui [2026 ] | Tappe e Dove dormire | Pilgrim","isPartOf":{"@id":"https:\/\/www.pilgrim.es\/it\/#website"},"primaryImageOfPage":{"@id":"https:\/\/www.pilgrim.es\/it\/cammino-di-santiago-da-tui\/#primaryimage"},"image":{"@id":"https:\/\/www.pilgrim.es\/it\/cammino-di-santiago-da-tui\/#primaryimage"},"thumbnailUrl":"https:\/\/www.pilgrim.es\/wp-content\/uploads\/2019\/10\/camino-de-santiago-desde-tui-1.jpg","datePublished":"2019-12-03T09:27:17+00:00","dateModified":"2025-06-09T08:44:35+00:00","description":"Il Cammino di Santiago da Tui \u00e9 una delle rotte pi\u00fa scelte dai pellegrini debiti a essere l'ultimo villaggio che compie 100 kilometri per la Compostela.","breadcrumb":{"@id":"https:\/\/www.pilgrim.es\/it\/cammino-di-santiago-da-tui\/#breadcrumb"},"inLanguage":"it-IT","potentialAction":[{"@type":"ReadAction","target":["https:\/\/www.pilgrim.es\/it\/cammino-di-santiago-da-tui\/"]}]},{"@type":"ImageObject","inLanguage":"it-IT","@id":"https:\/\/www.pilgrim.es\/it\/cammino-di-santiago-da-tui\/#primaryimage","url":"https:\/\/www.pilgrim.es\/wp-content\/uploads\/2019\/10\/camino-de-santiago-desde-tui-1.jpg","contentUrl":"https:\/\/www.pilgrim.es\/wp-content\/uploads\/2019\/10\/camino-de-santiago-desde-tui-1.jpg","width":1000,"height":666},{"@type":"BreadcrumbList","@id":"https:\/\/www.pilgrim.es\/it\/cammino-di-santiago-da-tui\/#breadcrumb","itemListElement":[{"@type":"ListItem","position":1,"name":"Camino de Santiago","item":"https:\/\/www.pilgrim.es\/it\/"},{"@type":"ListItem","position":2,"name":"Cammino di Santiago da Tui"}]},{"@type":"WebSite","@id":"https:\/\/www.pilgrim.es\/it\/#website","url":"https:\/\/www.pilgrim.es\/it\/","name":"Pilgrim","description":"Camino de Santiago | Caminamos Contigo","publisher":{"@id":"https:\/\/www.pilgrim.es\/it\/#organization"},"potentialAction":[{"@type":"SearchAction","target":{"@type":"EntryPoint","urlTemplate":"https:\/\/www.pilgrim.es\/it\/?s={search_term_string}"},"query-input":{"@type":"PropertyValueSpecification","valueRequired":true,"valueName":"search_term_string"}}],"inLanguage":"it-IT"},{"@type":"Organization","@id":"https:\/\/www.pilgrim.es\/it\/#organization","name":"Pilgrim Camino de Santiago","url":"https:\/\/www.pilgrim.es\/it\/","logo":{"@type":"ImageObject","inLanguage":"it-IT","@id":"https:\/\/www.pilgrim.es\/it\/#\/schema\/logo\/image\/","url":"https:\/\/www.pilgrim.es\/wp-content\/uploads\/2019\/04\/logo_pilgrim.png","contentUrl":"https:\/\/www.pilgrim.es\/wp-content\/uploads\/2019\/04\/logo_pilgrim.png","width":512,"height":512,"caption":"Pilgrim Camino de Santiago"},"image":{"@id":"https:\/\/www.pilgrim.es\/it\/#\/schema\/logo\/image\/"},"sameAs":["https:\/\/www.facebook.com\/pilgrim.es\/","https:\/\/x.com\/pilgrim_es","https:\/\/www.instagram.com\/pilgrim.es\/","https:\/\/www.linkedin.com\/company\/pilgrim-camino-de-santiago\/","https:\/\/www.pinterest.es\/pilgrimcaminodesantiago\/","https:\/\/www.youtube.com\/channel\/UCIv2ZzFLXVqthkNF32rKedw\/featured"]},{"@type":"Person","@id":"https:\/\/www.pilgrim.es\/it\/#\/schema\/person\/14d46e928a02bc9b20d435748438c3e0","name":"Pilgrim SEO","image":{"@type":"ImageObject","inLanguage":"it-IT","@id":"https:\/\/secure.gravatar.com\/avatar\/52a31ce4f1af059b5077e8c5aee5741b9dec86b4b6ee6b2a7e5aefc4ee670045?s=96&d=mm&r=g","url":"https:\/\/secure.gravatar.com\/avatar\/52a31ce4f1af059b5077e8c5aee5741b9dec86b4b6ee6b2a7e5aefc4ee670045?s=96&d=mm&r=g","contentUrl":"https:\/\/secure.gravatar.com\/avatar\/52a31ce4f1af059b5077e8c5aee5741b9dec86b4b6ee6b2a7e5aefc4ee670045?s=96&d=mm&r=g","caption":"Pilgrim SEO"}}]}},"_links":{"self":[{"href":"https:\/\/www.pilgrim.es\/it\/wp-json\/wp\/v2\/posts\/49625","targetHints":{"allow":["GET"]}}],"collection":[{"href":"https:\/\/www.pilgrim.es\/it\/wp-json\/wp\/v2\/posts"}],"about":[{"href":"https:\/\/www.pilgrim.es\/it\/wp-json\/wp\/v2\/types\/post"}],"author":[{"embeddable":true,"href":"https:\/\/www.pilgrim.es\/it\/wp-json\/wp\/v2\/users\/4"}],"replies":[{"embeddable":true,"href":"https:\/\/www.pilgrim.es\/it\/wp-json\/wp\/v2\/comments?post=49625"}],"version-history":[{"count":6,"href":"https:\/\/www.pilgrim.es\/it\/wp-json\/wp\/v2\/posts\/49625\/revisions"}],"predecessor-version":[{"id":127422,"href":"https:\/\/www.pilgrim.es\/it\/wp-json\/wp\/v2\/posts\/49625\/revisions\/127422"}],"wp:featuredmedia":[{"embeddable":true,"href":"https:\/\/www.pilgrim.es\/it\/wp-json\/wp\/v2\/media\/123861"}],"wp:attachment":[{"href":"https:\/\/www.pilgrim.es\/it\/wp-json\/wp\/v2\/media?parent=49625"}],"wp:term":[{"taxonomy":"category","embeddable":true,"href":"https:\/\/www.pilgrim.es\/it\/wp-json\/wp\/v2\/categories?post=49625"},{"taxonomy":"post_tag","embeddable":true,"href":"https:\/\/www.pilgrim.es\/it\/wp-json\/wp\/v2\/tags?post=49625"}],"curies":[{"name":"wp","href":"https:\/\/api.w.org\/{rel}","templated":true}]}}