{"id":49616,"date":"2019-11-29T13:54:05","date_gmt":"2019-11-29T13:54:05","guid":{"rendered":"https:\/\/prod.pilgrim.es\/cammino-del-ebro\/"},"modified":"2025-06-09T08:44:55","modified_gmt":"2025-06-09T08:44:55","slug":"cammino-del-ebro","status":"publish","type":"post","link":"https:\/\/www.pilgrim.es\/it\/cammino-del-ebro\/","title":{"rendered":"Cammino del Ebro"},"content":{"rendered":"\n<div class=\"entry-content__introduction\">\n  <p>\n    Uno dei fiumi pi\u00fa importanti del territorio spagnolo \u00e9 il fiume Ebro.\n    Seguendo il suo corso, con il passare degli anni e l&#8217;inizio dei\n    pellegrinaggi per vedere i resti dell&#8217;Apostolo, si inizi\u00f2 una rotta del\n    <a href=\"https:\/\/www.pilgrim.es\/it\/cammini\/\">Cammino di Santiago<\/a> chiamata Cammino del Ebro\n  <\/p>\n  <h5>Inoltre ti potrebbe interessare:<a href=\"https:\/\/www.pilgrim.es\/via-augusta\/\">Via Augusta<\/a><\/h5>\n<\/div>\n<hr class=\"single-bar\" \/>\n<ul class=\"index float-none float-sm-left mb-3\">\n  <span>Indice<\/span>\n  <li><a href=\"#info\">Informazioni<\/a><\/li>\n  <li><a href=\"#stages\">Tappe<\/a><\/li>\n  <li><a href=\"#map\">Mappa<\/a><\/li>\n  <li><a href=\"#tips\">Caratteristiche<\/a><\/li>\n  <li><a href=\"#signals\">Segnaletica<\/a><\/li>\n<\/ul>\n<hr class=\"single-bar\" \/>\n<div class=\"section-post\" id=\"info\">\n  <h2 class=\"mt-5 mb-3\">Informazioni interessanti<\/h2>\n  <p>\n    La provenienza del suo nome \u00e9 pi\u00fa che evidente. Ci\u00f3 le viene dato per\n    essere, il fiume Ebro, il\n    <strong>punto principale che guida questa rotta.<\/strong>\n  <\/p>\n  <p>\n    Inizia nel Delta del Ebro, foce del fiume con maggior portata d&#8217;acqua e il\n    secondo fiume pi\u00f9 grande della Spagna, e continua il suo percorso in senso\n    contrario alla corrente fino ad arrivare a Logro\u00f1o.\n  <\/p>\n  <p>\n    Un p\u00f3 prima di Zaragoza,<strong\n      >questa rotta \u00e9 collegata con un&#8217;altra<\/strong\n    >chiamata <a href=\"https:\/\/www.pilgrim.es\/cami-de-sant-jaume-camino-catalan\/\">Cammino Catalano<\/a>, il suo inizio parte dei\n    Pirenei. La localit\u00e1 dove si unisce la Fonte di Ebro.\n  <\/p>\n  <h3>Storia<\/h3>\n  <p>\n    Oltre ad essere un percorso che condivide la direzione con il fiume Ebro, ha\n    anche la sua storia. Questa proviene dal XII secolo quando, dopo la\n    Riconquista dell&#8217;esercito cristiano del territorio per mano di musulmani,\n    <strong>cominciarono i pellegrinaggi a Santiago de Compostela,<\/strong>\n    attraverso zone sicure, di altri cristiani provenienti da paesi mediterranei\n    come: Francia, Italia e altri paesi costieri\n  <\/p>\n  <p>\n    Le zone principali dove ancorano le loro navi erano sia Valencia che Sant\n    Carles de la R\u00e1pita, luogo molto vicino a Deltebre. Questo ha dato inizio\n    alla rotta levantina sopra menzionata e al Cammino del Ebro di cui stiamo\n    parlando.\n  <\/p>\n  <p>\n    Insieme a questo, si dice che proprio<a href=\"https:\/\/www.pilgrim.es\/it\/pianificare\/giacomo-apostolo\/\"\n      >Apostolo Santiago<\/a\n    >, cammin\u00f2 in vita in questa rotta durante il suo laboratorio apostolico.\n  <\/p>\n<\/div>\n<div class=\"section-post\" id=\"stages\">\n  <h2 class=\"mt-5 mb-3\">Tappa del Cammino del Ebro<\/h2>\n  <p>\n    Il suo percorso arriva a coprire, in totale,\n    <strong>440 km divisi in 17 tappe.<\/strong> Durante questo percorso\n    attraverseremo 4 comunit\u00e0 autonome: Catalu\u00f1a,Arag\u00f3n,Navarra e La Rioja.\n    Inoltre, \u00e9 una delle vie pi\u00fa importanti che iniziano nelle sponde del Mar\n    Mediterraneo lungo il <a href=\"https:\/\/www.pilgrim.es\/camino-de-levante\/\">Cammino del Levante<\/a>,\n    dimostrando l&#8217;importanza del\n    <a href=\"https:\/\/www.pilgrim.es\/it\/cammini\/\">pellegrinaggio verso Santiago<\/a>nei paesi\n    mediterranei.\n  <\/p>\n  <div class=\"table-responsive p-my-10\">\n    <table class=\"table\">\n      <thead>\n        <tr>\n          <th scope=\"col\">Tappa<\/th>\n          <th scope=\"col\">Partenza<\/th>\n          <th scope=\"col\">Fine<\/th>\n          <th scope=\"col\">Durata<\/th>\n        <\/tr>\n      <\/thead>\n      <tbody>\n        <tr>\n          <th scope=\"row\">Tappa 1<\/th>\n          <td>Deltebre<\/td>\n          <td>Sant Carles de R\u00e1pita<\/td>\n          <td>21,9 km<\/td>\n        <\/tr>\n        <tr>\n          <th scope=\"row\">Tappa 2<\/th>\n          <td>Sant Carles de R\u00e1pita<\/td>\n          <td>Tortosa<\/td>\n          <td>28,6 km<\/td>\n        <\/tr>\n        <tr>\n          <th scope=\"row\">Tappa 3<\/th>\n          <td>Tortosa<\/td>\n          <td>Xerta<\/td>\n          <td>14,2 km<\/td>\n        <\/tr>\n        <tr>\n          <th scope=\"row\">Tappa 4<\/th>\n          <td>Xerta<\/td>\n          <td>Gandesa<\/td>\n          <td>27 km<\/td>\n        <\/tr>\n        <tr>\n          <th scope=\"row\">Tappa 5<\/th>\n          <td>Gandesa<\/td>\n          <td>Fabara<\/td>\n          <td>30,3 km<\/td>\n        <\/tr>\n        <tr>\n          <th scope=\"row\">Tappa 6<\/th>\n          <td>Fabara<\/td>\n          <td>Caspe<\/td>\n          <td>20,9 km<\/td>\n        <\/tr>\n        <tr>\n          <th scope=\"row\">Tappa 7<\/th>\n          <td>Caspe<\/td>\n          <td>Escatr\u00f3n<\/td>\n          <td>30,3 km<\/td>\n        <\/tr>\n        <tr>\n          <th scope=\"row\">Tappa 8<\/th>\n          <td>Escatr\u00f3n<\/td>\n          <td>Quinto<\/td>\n          <td>31,7 km<\/td>\n        <\/tr>\n        <tr>\n          <th scope=\"row\">Tappa 9<\/th>\n          <td>Quinto<\/td>\n          <td>El Burgo de Ebro<\/td>\n          <td>29,6 km<\/td>\n        <\/tr>\n        <tr>\n          <th scope=\"row\">Tappa 10<\/th>\n          <td>El Burgo de Ebro<\/td>\n          <td>Zaragoza<\/td>\n          <td>18 km<\/td>\n        <\/tr>\n        <tr>\n          <th scope=\"row\">Tappa 11<\/th>\n          <td>Zaragoza<\/td>\n          <td>Alag\u00f3n<\/td>\n          <td>28,7 km<\/td>\n        <\/tr>\n        <tr>\n          <th scope=\"row\">Tappa 12<\/th>\n          <td>Alag\u00f3n<\/td>\n          <td>Gallur<\/td>\n          <td>21,2 km<\/td>\n        <\/tr>\n        <tr>\n          <th scope=\"row\">Tappa 13<\/th>\n          <td>Gallur<\/td>\n          <td>Tudela<\/td>\n          <td>36,3 km<\/td>\n        <\/tr>\n        <tr>\n          <th scope=\"row\">Tappa 14<\/th>\n          <td>Tudela<\/td>\n          <td>Alfaro<\/td>\n          <td>24,2 km<\/td>\n        <\/tr>\n        <tr>\n          <th scope=\"row\">Tappa 15<\/th>\n          <td>Alfaro<\/td>\n          <td>Calahorra<\/td>\n          <td>24,7 km<\/td>\n        <\/tr>\n        <tr>\n          <th scope=\"row\">Tappa 16<\/th>\n          <td>Calahorra<\/td>\n          <td>Alcanadre<\/td>\n          <td>20,2 km<\/td>\n        <\/tr>\n        <tr>\n          <th scope=\"row\">Tappa 17<\/th>\n          <td>Alcanadre<\/td>\n          <td>Logro\u00f1o<\/td>\n          <td>32,3 km<\/td>\n        <\/tr>\n      <\/tbody>\n    <\/table>\n  <\/div>\n  <p>\n    Una volta in localit\u00e0 <a href=\"https:\/\/www.pilgrim.es\/camino-frances\/logrono\/\">Logro\u00f1o<\/a>, capitale della\n    Rioja, il Camino del Ebro si unisce alla tappa numero 8 del\n    <a href=\"https:\/\/www.pilgrim.es\/it\/cammino-francese\/\">Cammino Francese<\/a> per proseguire il percorso\n    fino a <a href=\"https:\/\/www.pilgrim.es\/it\/santiago-di-compostela\/\">Santiago de Compostela<\/a>\n  <\/p>\n<\/div>\n<div class=\"section-post\" id=\"map\">\n  <h2 class=\"mt-5 mb-3\">Mappa del Cammino del Ebro<\/h2>\n  <img decoding=\"async\"\n    alt=\"mappa cammino del ebro\"\n    class=\"d-block my-5 text-center\"\n    src=\"\/wp-content\/uploads\/2019\/11\/camino-del-ebro-mapa.jpg\"\n  \/>\n<\/div>\n<div class=\"section-post\" id=\"tips\">\n  <h2 class=\"mt-5 mb-3\">Caratteristiche<\/h2>\n  <p>\n    Seguendo il percorso con pi\u00fa di 400 km di distanza,\n    <strong>i paesaggi varieranno man mano che passano le tappe<\/strong>e\n    attraversano le comunit\u00e0. Una delle maggiori curiosit\u00e0 \u00e9 che, durante il\n    tragitto,incontreremo varie zone con tunnel di una certa distanza e che non\n    permetteranno il passaggio della luce. Per questo, \u00e9 raccomandato andare con\n    il telefono per poterlo usare come lanterna se ne hai bisogno.\n  <\/p>\n  <p>\n    Anche se non \u00e9 una rotta molto popolare,<strong\n      >conta alcuni alloggi destinati ai pellegrini.<\/strong\n    >\n    Tuttavia,consigliamo di\n    <a href=\"https:\/\/www.pilgrim.es\/it\/pianificare\/\">pianificare il tuo Cammino<\/a> con un p\u00f3 di\n    anticipo per poter affrontare l&#8217;avventura senza inconvenienti ne inutili\n    rischi.\n  <\/p>\n<\/div>\n<div class=\"section-post\" id=\"signals\">\n  <h2 class=\"mt-5 mb-3\">Segnaletica<\/h2>\n  <p>\n    La sua segnaletica \u00e8 corretta, vale a dire,\n    <strong>\u00e8 sufficiente per non perdersi durante il Cammino<\/strong>, anche se\n    devi prestare molta attenzione, nel caso in cui non trovi i segnali giusti,\n    usando il buon senso o chiedendo alla gente della zona, troverai di nuovo il\n    Cammino giusto.\n  <\/p>\n  <p>\n    Se si confrontano i segni che indicano il Cammino verso Santiago con quelli\n    indicati sulle strade principali, lascia molto a desiderare. Se hai\n    realizzato alcune delle tappe,non sperare nella stessa segnalazione.\n  <\/p>\n<\/div>\n<div class=\"section-post\">\n  <h2 class=\"mt-5 mb-3\">\u00c9 ora di partire all&#8217;avventura<\/h2>\n  <p>\n    Dopo aver letto tutte queste informazioni del Cammino del Ebro,\n    <strong>speriamo che tu voglia provare l&#8217;avventura del Cammino<\/strong> .\n    Non gestiamo strutture lungo il vostro itinerario perch\u00e9 non possiamo\n    garantire la vostra disponibilit\u00e0 e qualit\u00e0. Tuttavia, se necessiti aiuto\n    non esitate a lasciarci i vostri recapiti, saremo lieti di aiutarvi.\n  <\/p>\n  <p>\n    <em><strong>\u00a1Ultreia peregrino!<\/strong><\/em>\n  <\/p>\n<\/div>\n","protected":false},"excerpt":{"rendered":"<p>Uno dei fiumi pi\u00fa importanti del territorio spagnolo \u00e9 il fiume Ebro. Seguendo il corso del fiume, con il passare degli anni e l&#8217;inizio dei pellegrinaggi per vedere i resti dell&#8217;Apostolo, si inizi\u00f2 una rotta del Cammino di Santiago chiamata Cammino del Ebro.<\/p>\n","protected":false},"author":4,"featured_media":124659,"comment_status":"open","ping_status":"closed","sticky":false,"template":"","format":"standard","meta":{"footnotes":""},"categories":[40],"tags":[],"class_list":["post-49616","post","type-post","status-publish","format-standard","has-post-thumbnail","hentry","category-rotte-del-cammino"],"yoast_head":"<!-- This site is optimized with the Yoast SEO plugin v27.4 - https:\/\/yoast.com\/product\/yoast-seo-wordpress\/ -->\n<title>Cammino del Ebro | Tappe e Mappa | Cammino di Santiago | Pilgrim.es<\/title>\n<meta name=\"description\" content=\"Il Cammino del Ebro si sviluppa vicino alla corso del fiume Ebro. Il suo inizio \u00e9 localizzato da Deltebre e una, a Logro\u00f1o ,nel Cammino Francese.\" \/>\n<meta name=\"robots\" content=\"index, follow, max-snippet:-1, max-image-preview:large, max-video-preview:-1\" \/>\n<link rel=\"canonical\" href=\"https:\/\/www.pilgrim.es\/it\/cammino-del-ebro\/\" \/>\n<meta property=\"og:locale\" content=\"it_IT\" \/>\n<meta property=\"og:type\" content=\"article\" \/>\n<meta property=\"og:title\" content=\"Cammino del Ebro | Tappe e Mappa | Cammino di Santiago | Pilgrim.es\" \/>\n<meta property=\"og:description\" content=\"Il Cammino del Ebro si sviluppa vicino alla corso del fiume Ebro. Il suo inizio \u00e9 localizzato da Deltebre e una, a Logro\u00f1o ,nel Cammino Francese.\" \/>\n<meta property=\"og:url\" content=\"https:\/\/www.pilgrim.es\/it\/cammino-del-ebro\/\" \/>\n<meta property=\"og:site_name\" content=\"Pilgrim\" \/>\n<meta property=\"article:publisher\" content=\"https:\/\/www.facebook.com\/pilgrim.es\/\" \/>\n<meta property=\"article:published_time\" content=\"2019-11-29T13:54:05+00:00\" \/>\n<meta property=\"article:modified_time\" content=\"2025-06-09T08:44:55+00:00\" \/>\n<meta property=\"og:image\" content=\"https:\/\/www.pilgrim.es\/wp-content\/uploads\/2019\/11\/camino-del-ebro-1.jpg\" \/>\n\t<meta property=\"og:image:width\" content=\"1000\" \/>\n\t<meta property=\"og:image:height\" content=\"666\" \/>\n\t<meta property=\"og:image:type\" content=\"image\/jpeg\" \/>\n<meta name=\"author\" content=\"Pilgrim SEO\" \/>\n<meta name=\"twitter:card\" content=\"summary_large_image\" \/>\n<meta name=\"twitter:creator\" content=\"@pilgrim_es\" \/>\n<meta name=\"twitter:site\" content=\"@pilgrim_es\" \/>\n<meta name=\"twitter:label1\" content=\"Scritto da\" \/>\n\t<meta name=\"twitter:data1\" content=\"Pilgrim SEO\" \/>\n\t<meta name=\"twitter:label2\" content=\"Tempo di lettura stimato\" \/>\n\t<meta name=\"twitter:data2\" content=\"3 minuti\" \/>\n<script type=\"application\/ld+json\" class=\"yoast-schema-graph\">{\"@context\":\"https:\\\/\\\/schema.org\",\"@graph\":[{\"@type\":\"Article\",\"@id\":\"https:\\\/\\\/www.pilgrim.es\\\/it\\\/cammino-del-ebro\\\/#article\",\"isPartOf\":{\"@id\":\"https:\\\/\\\/www.pilgrim.es\\\/it\\\/cammino-del-ebro\\\/\"},\"author\":{\"name\":\"Pilgrim SEO\",\"@id\":\"https:\\\/\\\/www.pilgrim.es\\\/it\\\/#\\\/schema\\\/person\\\/14d46e928a02bc9b20d435748438c3e0\"},\"headline\":\"Cammino del Ebro\",\"datePublished\":\"2019-11-29T13:54:05+00:00\",\"dateModified\":\"2025-06-09T08:44:55+00:00\",\"mainEntityOfPage\":{\"@id\":\"https:\\\/\\\/www.pilgrim.es\\\/it\\\/cammino-del-ebro\\\/\"},\"wordCount\":687,\"commentCount\":0,\"publisher\":{\"@id\":\"https:\\\/\\\/www.pilgrim.es\\\/it\\\/#organization\"},\"image\":{\"@id\":\"https:\\\/\\\/www.pilgrim.es\\\/it\\\/cammino-del-ebro\\\/#primaryimage\"},\"thumbnailUrl\":\"https:\\\/\\\/www.pilgrim.es\\\/wp-content\\\/uploads\\\/2019\\\/11\\\/camino-del-ebro-1.jpg\",\"articleSection\":[\"Rotte del Cammino\"],\"inLanguage\":\"it-IT\",\"potentialAction\":[{\"@type\":\"CommentAction\",\"name\":\"Comment\",\"target\":[\"https:\\\/\\\/www.pilgrim.es\\\/it\\\/cammino-del-ebro\\\/#respond\"]}]},{\"@type\":\"WebPage\",\"@id\":\"https:\\\/\\\/www.pilgrim.es\\\/it\\\/cammino-del-ebro\\\/\",\"url\":\"https:\\\/\\\/www.pilgrim.es\\\/it\\\/cammino-del-ebro\\\/\",\"name\":\"Cammino del Ebro | Tappe e Mappa | Cammino di Santiago | Pilgrim.es\",\"isPartOf\":{\"@id\":\"https:\\\/\\\/www.pilgrim.es\\\/it\\\/#website\"},\"primaryImageOfPage\":{\"@id\":\"https:\\\/\\\/www.pilgrim.es\\\/it\\\/cammino-del-ebro\\\/#primaryimage\"},\"image\":{\"@id\":\"https:\\\/\\\/www.pilgrim.es\\\/it\\\/cammino-del-ebro\\\/#primaryimage\"},\"thumbnailUrl\":\"https:\\\/\\\/www.pilgrim.es\\\/wp-content\\\/uploads\\\/2019\\\/11\\\/camino-del-ebro-1.jpg\",\"datePublished\":\"2019-11-29T13:54:05+00:00\",\"dateModified\":\"2025-06-09T08:44:55+00:00\",\"description\":\"Il Cammino del Ebro si sviluppa vicino alla corso del fiume Ebro. Il suo inizio \u00e9 localizzato da Deltebre e una, a Logro\u00f1o ,nel Cammino Francese.\",\"breadcrumb\":{\"@id\":\"https:\\\/\\\/www.pilgrim.es\\\/it\\\/cammino-del-ebro\\\/#breadcrumb\"},\"inLanguage\":\"it-IT\",\"potentialAction\":[{\"@type\":\"ReadAction\",\"target\":[\"https:\\\/\\\/www.pilgrim.es\\\/it\\\/cammino-del-ebro\\\/\"]}]},{\"@type\":\"ImageObject\",\"inLanguage\":\"it-IT\",\"@id\":\"https:\\\/\\\/www.pilgrim.es\\\/it\\\/cammino-del-ebro\\\/#primaryimage\",\"url\":\"https:\\\/\\\/www.pilgrim.es\\\/wp-content\\\/uploads\\\/2019\\\/11\\\/camino-del-ebro-1.jpg\",\"contentUrl\":\"https:\\\/\\\/www.pilgrim.es\\\/wp-content\\\/uploads\\\/2019\\\/11\\\/camino-del-ebro-1.jpg\",\"width\":1000,\"height\":666},{\"@type\":\"BreadcrumbList\",\"@id\":\"https:\\\/\\\/www.pilgrim.es\\\/it\\\/cammino-del-ebro\\\/#breadcrumb\",\"itemListElement\":[{\"@type\":\"ListItem\",\"position\":1,\"name\":\"Camino de Santiago\",\"item\":\"https:\\\/\\\/www.pilgrim.es\\\/it\\\/\"},{\"@type\":\"ListItem\",\"position\":2,\"name\":\"Cammino del Ebro\"}]},{\"@type\":\"WebSite\",\"@id\":\"https:\\\/\\\/www.pilgrim.es\\\/it\\\/#website\",\"url\":\"https:\\\/\\\/www.pilgrim.es\\\/it\\\/\",\"name\":\"Pilgrim\",\"description\":\"Camino de Santiago | Caminamos Contigo\",\"publisher\":{\"@id\":\"https:\\\/\\\/www.pilgrim.es\\\/it\\\/#organization\"},\"potentialAction\":[{\"@type\":\"SearchAction\",\"target\":{\"@type\":\"EntryPoint\",\"urlTemplate\":\"https:\\\/\\\/www.pilgrim.es\\\/it\\\/?s={search_term_string}\"},\"query-input\":{\"@type\":\"PropertyValueSpecification\",\"valueRequired\":true,\"valueName\":\"search_term_string\"}}],\"inLanguage\":\"it-IT\"},{\"@type\":\"Organization\",\"@id\":\"https:\\\/\\\/www.pilgrim.es\\\/it\\\/#organization\",\"name\":\"Pilgrim Camino de Santiago\",\"url\":\"https:\\\/\\\/www.pilgrim.es\\\/it\\\/\",\"logo\":{\"@type\":\"ImageObject\",\"inLanguage\":\"it-IT\",\"@id\":\"https:\\\/\\\/www.pilgrim.es\\\/it\\\/#\\\/schema\\\/logo\\\/image\\\/\",\"url\":\"https:\\\/\\\/www.pilgrim.es\\\/wp-content\\\/uploads\\\/2019\\\/04\\\/logo_pilgrim.png\",\"contentUrl\":\"https:\\\/\\\/www.pilgrim.es\\\/wp-content\\\/uploads\\\/2019\\\/04\\\/logo_pilgrim.png\",\"width\":512,\"height\":512,\"caption\":\"Pilgrim Camino de Santiago\"},\"image\":{\"@id\":\"https:\\\/\\\/www.pilgrim.es\\\/it\\\/#\\\/schema\\\/logo\\\/image\\\/\"},\"sameAs\":[\"https:\\\/\\\/www.facebook.com\\\/pilgrim.es\\\/\",\"https:\\\/\\\/x.com\\\/pilgrim_es\",\"https:\\\/\\\/www.instagram.com\\\/pilgrim.es\\\/\",\"https:\\\/\\\/www.linkedin.com\\\/company\\\/pilgrim-camino-de-santiago\\\/\",\"https:\\\/\\\/www.pinterest.es\\\/pilgrimcaminodesantiago\\\/\",\"https:\\\/\\\/www.youtube.com\\\/channel\\\/UCIv2ZzFLXVqthkNF32rKedw\\\/featured\"]},{\"@type\":\"Person\",\"@id\":\"https:\\\/\\\/www.pilgrim.es\\\/it\\\/#\\\/schema\\\/person\\\/14d46e928a02bc9b20d435748438c3e0\",\"name\":\"Pilgrim SEO\",\"image\":{\"@type\":\"ImageObject\",\"inLanguage\":\"it-IT\",\"@id\":\"https:\\\/\\\/secure.gravatar.com\\\/avatar\\\/52a31ce4f1af059b5077e8c5aee5741b9dec86b4b6ee6b2a7e5aefc4ee670045?s=96&d=mm&r=g\",\"url\":\"https:\\\/\\\/secure.gravatar.com\\\/avatar\\\/52a31ce4f1af059b5077e8c5aee5741b9dec86b4b6ee6b2a7e5aefc4ee670045?s=96&d=mm&r=g\",\"contentUrl\":\"https:\\\/\\\/secure.gravatar.com\\\/avatar\\\/52a31ce4f1af059b5077e8c5aee5741b9dec86b4b6ee6b2a7e5aefc4ee670045?s=96&d=mm&r=g\",\"caption\":\"Pilgrim SEO\"}}]}<\/script>\n<!-- \/ Yoast SEO plugin. -->","yoast_head_json":{"title":"Cammino del Ebro | Tappe e Mappa | Cammino di Santiago | Pilgrim.es","description":"Il Cammino del Ebro si sviluppa vicino alla corso del fiume Ebro. Il suo inizio \u00e9 localizzato da Deltebre e una, a Logro\u00f1o ,nel Cammino Francese.","robots":{"index":"index","follow":"follow","max-snippet":"max-snippet:-1","max-image-preview":"max-image-preview:large","max-video-preview":"max-video-preview:-1"},"canonical":"https:\/\/www.pilgrim.es\/it\/cammino-del-ebro\/","og_locale":"it_IT","og_type":"article","og_title":"Cammino del Ebro | Tappe e Mappa | Cammino di Santiago | Pilgrim.es","og_description":"Il Cammino del Ebro si sviluppa vicino alla corso del fiume Ebro. Il suo inizio \u00e9 localizzato da Deltebre e una, a Logro\u00f1o ,nel Cammino Francese.","og_url":"https:\/\/www.pilgrim.es\/it\/cammino-del-ebro\/","og_site_name":"Pilgrim","article_publisher":"https:\/\/www.facebook.com\/pilgrim.es\/","article_published_time":"2019-11-29T13:54:05+00:00","article_modified_time":"2025-06-09T08:44:55+00:00","og_image":[{"width":1000,"height":666,"url":"https:\/\/www.pilgrim.es\/wp-content\/uploads\/2019\/11\/camino-del-ebro-1.jpg","type":"image\/jpeg"}],"author":"Pilgrim SEO","twitter_card":"summary_large_image","twitter_creator":"@pilgrim_es","twitter_site":"@pilgrim_es","twitter_misc":{"Scritto da":"Pilgrim SEO","Tempo di lettura stimato":"3 minuti"},"schema":{"@context":"https:\/\/schema.org","@graph":[{"@type":"Article","@id":"https:\/\/www.pilgrim.es\/it\/cammino-del-ebro\/#article","isPartOf":{"@id":"https:\/\/www.pilgrim.es\/it\/cammino-del-ebro\/"},"author":{"name":"Pilgrim SEO","@id":"https:\/\/www.pilgrim.es\/it\/#\/schema\/person\/14d46e928a02bc9b20d435748438c3e0"},"headline":"Cammino del Ebro","datePublished":"2019-11-29T13:54:05+00:00","dateModified":"2025-06-09T08:44:55+00:00","mainEntityOfPage":{"@id":"https:\/\/www.pilgrim.es\/it\/cammino-del-ebro\/"},"wordCount":687,"commentCount":0,"publisher":{"@id":"https:\/\/www.pilgrim.es\/it\/#organization"},"image":{"@id":"https:\/\/www.pilgrim.es\/it\/cammino-del-ebro\/#primaryimage"},"thumbnailUrl":"https:\/\/www.pilgrim.es\/wp-content\/uploads\/2019\/11\/camino-del-ebro-1.jpg","articleSection":["Rotte del Cammino"],"inLanguage":"it-IT","potentialAction":[{"@type":"CommentAction","name":"Comment","target":["https:\/\/www.pilgrim.es\/it\/cammino-del-ebro\/#respond"]}]},{"@type":"WebPage","@id":"https:\/\/www.pilgrim.es\/it\/cammino-del-ebro\/","url":"https:\/\/www.pilgrim.es\/it\/cammino-del-ebro\/","name":"Cammino del Ebro | Tappe e Mappa | Cammino di Santiago | Pilgrim.es","isPartOf":{"@id":"https:\/\/www.pilgrim.es\/it\/#website"},"primaryImageOfPage":{"@id":"https:\/\/www.pilgrim.es\/it\/cammino-del-ebro\/#primaryimage"},"image":{"@id":"https:\/\/www.pilgrim.es\/it\/cammino-del-ebro\/#primaryimage"},"thumbnailUrl":"https:\/\/www.pilgrim.es\/wp-content\/uploads\/2019\/11\/camino-del-ebro-1.jpg","datePublished":"2019-11-29T13:54:05+00:00","dateModified":"2025-06-09T08:44:55+00:00","description":"Il Cammino del Ebro si sviluppa vicino alla corso del fiume Ebro. Il suo inizio \u00e9 localizzato da Deltebre e una, a Logro\u00f1o ,nel Cammino Francese.","breadcrumb":{"@id":"https:\/\/www.pilgrim.es\/it\/cammino-del-ebro\/#breadcrumb"},"inLanguage":"it-IT","potentialAction":[{"@type":"ReadAction","target":["https:\/\/www.pilgrim.es\/it\/cammino-del-ebro\/"]}]},{"@type":"ImageObject","inLanguage":"it-IT","@id":"https:\/\/www.pilgrim.es\/it\/cammino-del-ebro\/#primaryimage","url":"https:\/\/www.pilgrim.es\/wp-content\/uploads\/2019\/11\/camino-del-ebro-1.jpg","contentUrl":"https:\/\/www.pilgrim.es\/wp-content\/uploads\/2019\/11\/camino-del-ebro-1.jpg","width":1000,"height":666},{"@type":"BreadcrumbList","@id":"https:\/\/www.pilgrim.es\/it\/cammino-del-ebro\/#breadcrumb","itemListElement":[{"@type":"ListItem","position":1,"name":"Camino de Santiago","item":"https:\/\/www.pilgrim.es\/it\/"},{"@type":"ListItem","position":2,"name":"Cammino del Ebro"}]},{"@type":"WebSite","@id":"https:\/\/www.pilgrim.es\/it\/#website","url":"https:\/\/www.pilgrim.es\/it\/","name":"Pilgrim","description":"Camino de Santiago | Caminamos Contigo","publisher":{"@id":"https:\/\/www.pilgrim.es\/it\/#organization"},"potentialAction":[{"@type":"SearchAction","target":{"@type":"EntryPoint","urlTemplate":"https:\/\/www.pilgrim.es\/it\/?s={search_term_string}"},"query-input":{"@type":"PropertyValueSpecification","valueRequired":true,"valueName":"search_term_string"}}],"inLanguage":"it-IT"},{"@type":"Organization","@id":"https:\/\/www.pilgrim.es\/it\/#organization","name":"Pilgrim Camino de Santiago","url":"https:\/\/www.pilgrim.es\/it\/","logo":{"@type":"ImageObject","inLanguage":"it-IT","@id":"https:\/\/www.pilgrim.es\/it\/#\/schema\/logo\/image\/","url":"https:\/\/www.pilgrim.es\/wp-content\/uploads\/2019\/04\/logo_pilgrim.png","contentUrl":"https:\/\/www.pilgrim.es\/wp-content\/uploads\/2019\/04\/logo_pilgrim.png","width":512,"height":512,"caption":"Pilgrim Camino de Santiago"},"image":{"@id":"https:\/\/www.pilgrim.es\/it\/#\/schema\/logo\/image\/"},"sameAs":["https:\/\/www.facebook.com\/pilgrim.es\/","https:\/\/x.com\/pilgrim_es","https:\/\/www.instagram.com\/pilgrim.es\/","https:\/\/www.linkedin.com\/company\/pilgrim-camino-de-santiago\/","https:\/\/www.pinterest.es\/pilgrimcaminodesantiago\/","https:\/\/www.youtube.com\/channel\/UCIv2ZzFLXVqthkNF32rKedw\/featured"]},{"@type":"Person","@id":"https:\/\/www.pilgrim.es\/it\/#\/schema\/person\/14d46e928a02bc9b20d435748438c3e0","name":"Pilgrim SEO","image":{"@type":"ImageObject","inLanguage":"it-IT","@id":"https:\/\/secure.gravatar.com\/avatar\/52a31ce4f1af059b5077e8c5aee5741b9dec86b4b6ee6b2a7e5aefc4ee670045?s=96&d=mm&r=g","url":"https:\/\/secure.gravatar.com\/avatar\/52a31ce4f1af059b5077e8c5aee5741b9dec86b4b6ee6b2a7e5aefc4ee670045?s=96&d=mm&r=g","contentUrl":"https:\/\/secure.gravatar.com\/avatar\/52a31ce4f1af059b5077e8c5aee5741b9dec86b4b6ee6b2a7e5aefc4ee670045?s=96&d=mm&r=g","caption":"Pilgrim SEO"}}]}},"_links":{"self":[{"href":"https:\/\/www.pilgrim.es\/it\/wp-json\/wp\/v2\/posts\/49616","targetHints":{"allow":["GET"]}}],"collection":[{"href":"https:\/\/www.pilgrim.es\/it\/wp-json\/wp\/v2\/posts"}],"about":[{"href":"https:\/\/www.pilgrim.es\/it\/wp-json\/wp\/v2\/types\/post"}],"author":[{"embeddable":true,"href":"https:\/\/www.pilgrim.es\/it\/wp-json\/wp\/v2\/users\/4"}],"replies":[{"embeddable":true,"href":"https:\/\/www.pilgrim.es\/it\/wp-json\/wp\/v2\/comments?post=49616"}],"version-history":[{"count":6,"href":"https:\/\/www.pilgrim.es\/it\/wp-json\/wp\/v2\/posts\/49616\/revisions"}],"predecessor-version":[{"id":127287,"href":"https:\/\/www.pilgrim.es\/it\/wp-json\/wp\/v2\/posts\/49616\/revisions\/127287"}],"wp:featuredmedia":[{"embeddable":true,"href":"https:\/\/www.pilgrim.es\/it\/wp-json\/wp\/v2\/media\/124659"}],"wp:attachment":[{"href":"https:\/\/www.pilgrim.es\/it\/wp-json\/wp\/v2\/media?parent=49616"}],"wp:term":[{"taxonomy":"category","embeddable":true,"href":"https:\/\/www.pilgrim.es\/it\/wp-json\/wp\/v2\/categories?post=49616"},{"taxonomy":"post_tag","embeddable":true,"href":"https:\/\/www.pilgrim.es\/it\/wp-json\/wp\/v2\/tags?post=49616"}],"curies":[{"name":"wp","href":"https:\/\/api.w.org\/{rel}","templated":true}]}}