{"id":49608,"date":"2019-11-29T12:05:00","date_gmt":"2019-11-29T12:05:00","guid":{"rendered":"https:\/\/prod.pilgrim.es\/ultimi-100-km-del-cammino-di-santiago\/"},"modified":"2025-11-21T11:29:51","modified_gmt":"2025-11-21T11:29:51","slug":"ultimi-100-km-del-cammino-di-santiago","status":"publish","type":"post","link":"https:\/\/www.pilgrim.es\/it\/ultimi-100-km-del-cammino-di-santiago\/","title":{"rendered":"Ultimi 100 km del Cammino di Santiago."},"content":{"rendered":"\n<div class=\"entry-content__introduction\">\n  <p>\n    Nella nostra pagina sulla Compostela (scorrettamente chiamata &#8220;<a\n      href=\"https:\/\/www.pilgrim.es\/it\/pianificare\/la-compostela\/\"\n      >compostelana<\/a\n    >&#8220;), commentiamo la necessit\u00e1 di realizzare,al meno, gli ultimi 100 km di\n    ogni <a href=\"https:\/\/www.pilgrim.es\/it\/cammini\/\">rotta del Cammino di Santiago<\/a> a piedi per\n    conseguire il documento di accreditamento.\n  <\/p>\n  <h5>\n    Inoltre ti potrebbe interessare:\n    <a href=\"https:\/\/www.pilgrim.es\/it\/rotta-cammino-santiago\/\">Che rotta del Cammino scegliere<\/a>\n  <\/h5>\n  <p>\n    Questa distanza\n    <strong>pu\u00f2 essere percorsa da 7 differenti cammini:<\/strong>\n    Francese,Primitivo,del Nord, Portoghese,Inglese,Sanabrese e dell&#8217;Inverno.\n    Esistono altre rotte giacobee, queste sono secondarie e non finiscono a\n    Santiago di Compostela ma servono come connessione delle differenti comunit\u00e0\n    alle rotte menzionate prima.\n  <\/p>\n<\/div>\n<hr class=\"single-bar\" \/>\n<ul class=\"index float-none float-sm-left mb-3\">\n  <span>Indice<\/span>\n  <li><a href=\"#map\">Mappa<\/a><\/li>\n  <li><a href=\"#french\">Cammino Francese<\/a><\/li>\n  <li><a href=\"#primitive\">Cammino Primitivo<\/a><\/li>\n  <li><a href=\"#northern\">Cammino del Nord<\/a><\/li>\n  <li><a href=\"#portuguese\">Cammino Portoghese<\/a><\/li>\n  <li><a href=\"#english\">Cammino Inglese<\/a><\/li>\n  <li><a href=\"#sanabres\">Cammino Sanabr\u00e9s<\/a><\/li>\n  <li><a href=\"#winter\">Cammino d&#8217;Inverno<\/a><\/li>\n<\/ul>\n<hr class=\"single-bar\" \/>\n<div class=\"section-post\" id=\"map\">\n  <h2 class=\"mt-5 mb-3\">Mappa degli Ultimi 100 km del Cammino<\/h2>\n  <p>\n    Di seguito, ti lasciamo\n    <strong>una mappa che visualizza esattamente come sar\u00e1 il percorso<\/strong>\n    da ogni cammino fino alla porta della Cattedrale di Santiago. In seguito,\n    analizzeremo ogni punto di partenza della sua rotta per vedere quale si\n    adegua di pi\u00fa ai tuoi requisiti.\n  <\/p>\n  <img decoding=\"async\"\n    alt=\"Mappa Ultimi 100 Km Cammino di Santiago\"\n    class=\"d-block mx-auto mt-5\"\n    src=\"\/wp-content\/uploads\/2019\/03\/mapa-ultimos-100-km-01.jpg\"\n  \/>\n<\/div>\n<div class=\"section-post\" id=\"french\">\n  <h2 class=\"mt-5 mb-3\"><a href=\"https:\/\/www.pilgrim.es\/it\/cammino-di-santiago-da-sarria\/\" class=\"p-text-secondary\">Cammino Francese da Sarria<\/a><\/h2>\n  <p>\n    Questa rotta\n    <strong>\u00e9 la pi\u00fa conosciuta dai pellegrini che iniziano<\/strong>, per la\n    prima volta, la sua avventura nel Cammino . La sua semplicit\u00e0 di percorso e\n    la possibilit\u00e0 di realizzarlo in soli 5 giorni lo rendono un&#8217;occasione\n    perfetta per le persone desiderose di camminare sulle rotte giacobea ma non\n    hanno i giorni necessari.\n  <\/p>\n  <p>\n    Potremmo porvi un problema, e cio\u00e8 che, per i motivi menzionati, in estate o\n    nelle vicinanze,\n    <strong\n      >questo percorso \u00e8 sovraffollato ed \u00e8 difficile trovare un\n      alloggio<\/strong\n    >\n    Il lato positivo \u00e9 che mai ti mancher\u00e0 la compagnia nel tuo percorso.\n  <\/p>\n  <h3 class=\"mt-4 mb-3\">Le tue tappe<\/h3>\n  <table class=\"wp-block-table table text-left my-4\">\n    <thead>\n      <tr>\n        <th>TAPPE<\/th>\n        <th>PARTENZA<\/th>\n        <th>DESTINAZIONE<\/th>\n        <th>KM<\/th>\n      <\/tr>\n    <\/thead>\n    <tbody>\n      <tr>\n        <td>Tappa 1<\/td>\n        <td>Sarria<\/td>\n        <td>Portomar\u00edn<\/td>\n        <td>22,2<\/td>\n      <\/tr>\n      <tr>\n        <td>Tappa 2<\/td>\n        <td>Portomar\u00edn<\/td>\n        <td>Palas de Rei<\/td>\n        <td>24,8<\/td>\n      <\/tr>\n      <tr>\n        <td>Tappa 3<\/td>\n        <td>Palas de Rei<\/td>\n        <td>Arz\u00faa<\/td>\n        <td>28,5<\/td>\n      <\/tr>\n      <tr>\n        <td>Tappa 4<\/td>\n        <td>Arz\u00faa<\/td>\n        <td>O Pedrouzo<\/td>\n        <td>19,3<\/td>\n      <\/tr>\n      <tr>\n        <td>Tappa 5<\/td>\n        <td>O Pedrouzo<\/td>\n        <td>Santiago de Compostela<\/td>\n        <td>19,4<\/td>\n      <\/tr>\n    <\/tbody>\n  <\/table>\n<\/div>\n<div class=\"section-post\" id=\"primitive\">\n  <h2 class=\"mt-5 mb-3\">Cammino Primitivo Da Lugo<\/h2>\n  <p>\n    Lugo \u00e9 il capoluogo di provincia e presenta una grande quantit\u00e0 di risorse\n    che,ogni pellegrino,pu\u00f2 preparare preventivamente la sua avventura Negli\n    ultimi anni, e con il motivo dell&#8217;anno\n    <a href=\"https:\/\/www.pilgrim.es\/it\/xacobeo-2027\/\">Xacobeo 2027,<\/a>\n    <strong\n      >il governo della zona ha destinato una grande quantit\u00e1 di risorse<\/strong\n    >che nulla ha da invidiare al resto delle rotte, questo ha fatto guadagnare\n    alla rotta una grandissima importanza.\n  <\/p>\n  <p>\n    Parte del suo percorso si unisce al Cammino Francese, cio\u00e9,poco prima di\n    arrivare a Arz\u00faa i cammini si uniranno e potrai condividere la tua\n    esperienza con altri compagni che hanno deciso di affrontare la sfida.\n  <\/p>\n  <h3 class=\"mt-4 mb-3\">Le tue tappe<\/h3>\n  <table class=\"wp-block-table table text-left my-4\">\n    <thead>\n      <tr>\n        <th>TAPPE<\/th>\n        <th>PARTENZA<\/th>\n        <th>DESTINAZIONE<\/th>\n        <th>KM<\/th>\n      <\/tr>\n    <\/thead>\n    <tbody>\n      <tr>\n        <td>Tappa 1<\/td>\n        <td>Lugo<\/td>\n        <td>San Romao da Retorta<\/td>\n        <td>19,6<\/td>\n      <\/tr>\n      <tr>\n        <td>Tappa 2<\/td>\n        <td>San Romao da Retorta<\/td>\n        <td>Melide<\/td>\n        <td>28,3<\/td>\n      <\/tr>\n      <tr>\n        <td>Tappa 3<\/td>\n        <td>Melide<\/td>\n        <td>Arz\u00faa<\/td>\n        <td>14<\/td>\n      <\/tr>\n      <tr>\n        <td>Tappa 4<\/td>\n        <td>Arz\u00faa<\/td>\n        <td>O Pedrouzo<\/td>\n        <td>19,3<\/td>\n      <\/tr>\n      <tr>\n        <td>Tappa 5<\/td>\n        <td>O Pedrouzo<\/td>\n        <td>Santiago de Compostela<\/td>\n        <td>19,4<\/td>\n      <\/tr>\n    <\/tbody>\n  <\/table>\n<\/div>\n<div class=\"section-post\" id=\"northern\">\n  <h2 class=\"mt-5 mb-3\">Cammino del Nord da Baamonde<\/h2>\n  <p>\n    Anche Baamonde non \u00e9 una localit\u00e1 molto ampia, \u00e9 il primo luogo importante\n    per poter realizzare i 100 km previsti a Santiago lungo il Cammino del Nord.\n    Tuttavia,\n    <strong\n      >molti pellegrini decidono di iniziare qualche chilometro prima<\/strong\n    >\n    e di uscire da Vilalba, un villaggio pi\u00fa grande e con un maggior numero di\n    risorse per i pellegrini.\n  <\/p>\n  <p>\n    Come mostriamo qui di seguito, la prima tappa di questo percorso \u00e8 molto\n    lunga, pi\u00f9 di 40 km,<strong\n      >pochissimi pellegrini sono pronti ad affrontare tale distanza,<\/strong\n    >\n    \u00e8 per questo che viene divisa in due. Se lo fai,investi dove potrai dormire\n    e avere un offerta di alloggi , altrimenti\n    <a href=\"https:\/\/www.pilgrim.es\/it\/contatto\/\">puoi contattarci<\/a>, ci mettiamo a tua\n    disposizione per poterti aiutare.\n  <\/p>\n  <h3 class=\"mt-4 mb-3\">Le tue tappe<\/h3>\n  <table class=\"wp-block-table table text-left my-4\">\n    <thead>\n      <tr>\n        <th>TAPPE<\/th>\n        <th>PARTENZA<\/th>\n        <th>DESTINAZIONE<\/th>\n        <th>KM<\/th>\n      <\/tr>\n    <\/thead>\n    <tbody>\n      <tr>\n        <td>Tappa 1<\/td>\n        <td>Baamonde<\/td>\n        <td>Sobrado dos Monxes<\/td>\n        <td>41,2<\/td>\n      <\/tr>\n      <tr>\n        <td>Tappa 2<\/td>\n        <td>Sobrado dos Monxes<\/td>\n        <td>Arz\u00faa<\/td>\n        <td>21,4<\/td>\n      <\/tr>\n      <tr>\n        <td>Tappa 3<\/td>\n        <td>Arz\u00faa<\/td>\n        <td>O Pedrouzo<\/td>\n        <td>19,3<\/td>\n      <\/tr>\n      <tr>\n        <td>Tappa 4<\/td>\n        <td>O Pedrouzo<\/td>\n        <td>Santiago de Compostela<\/td>\n        <td>19,4<\/td>\n      <\/tr>\n    <\/tbody>\n  <\/table>\n<\/div>\n<div class=\"section-post\" id=\"portuguese\">\n  <h2 class=\"mt-5 mb-3\">\n    <a href=\"https:\/\/www.pilgrim.es\/it\/esperienze\/cammino-portoghese-da-tui\/\" class=\"p-text-secondary\">Cammino Portoghese Da Tui<\/a>\n  <\/h2>\n  <p>\n    Dopo la tua rotta francese con inizio a Sarria, questo Cammino\n    <strong>\u00e9 il secondo pi\u00fa realizzato<\/strong>, il motivo principale \u00e9 che si\n    trova di fronte al Portogallo e molti pellegrini hanno deciso di prenderlo\n    come punto di inizio per molti anni. Questo ha provocato che\n    <strong\n      >i suoi servizi e infrastrutture siano completamente attrezzate<\/strong\n    >per il pellegrino\n  <\/p>\n  <p>\n    Al contrario che nel resto delle rotte, hanno caratteristiche di realizzarsi\n    in 6 tappe, pi\u00fa comode per quelli che non desiderano camminare tanto.\n  <\/p>\n  <h3 class=\"mt-4 mb-3\">Le tue tappe<\/h3>\n  <table class=\"wp-block-table table text-left my-4\">\n    <thead>\n      <tr>\n        <th>TAPPA<\/th>\n        <th>PARTENZA<\/th>\n        <th>DESTINAZIONE<\/th>\n        <th>Km<\/th>\n      <\/tr>\n    <\/thead>\n    <tbody>\n      <tr>\n        <td>Tappa 1<\/td>\n        <td>Tui<\/td>\n        <td>O Porri\u00f1o<\/td>\n        <td>13<\/td>\n      <\/tr>\n      <tr>\n        <td>Tappa 2<\/td>\n        <td>O Porri\u00f1o<\/td>\n        <td>Redondela<\/td>\n        <td>16<\/td>\n      <\/tr>\n      <tr>\n        <td>Tappa 3<\/td>\n        <td>Redondela<\/td>\n        <td>Pontevedra<\/td>\n        <td>19<\/td>\n      <\/tr>\n      <tr>\n        <td>Tappa 4<\/td>\n        <td>Pontevedra<\/td>\n        <td>Caldas de Reis<\/td>\n        <td>19<\/td>\n      <\/tr>\n      <tr>\n        <td>Tappa 5<\/td>\n        <td>Caldas de Reis<\/td>\n        <td>Padr\u00f3n<\/td>\n        <td>17<\/td>\n      <\/tr>\n      <tr>\n        <td>Tappa 6<\/td>\n        <td>Padr\u00f3n<\/td>\n        <td>Santiago de Compostela<\/td>\n        <td>22<\/td>\n      <\/tr>\n    <\/tbody>\n  <\/table>\n  <h3 class=\"mt-4 mb-3\">Alternativa lungo la Costa<\/h3>\n  <p>\n    Il Cammino portoghese presenta una curiosit\u00e0 rilevante e cio\u00e9 ha una<a\n      href=\"https:\/\/www.pilgrim.es\/it\/cammino-portoghese-per-la-costa\/\"\n      >rotta alternativa per la costa.<\/a\n    >\n    Tuttavia,\n    <strong\n      >non rappresenta una grande differenza con il principale in quanto gli\n      ultimi 100 km<\/strong\n    >solo le prime due della principale verrebbero modificate dalla prima via\n    costiera, che parte da Vigo e si collega al tracciato verso Santiago nella\n    localit\u00e0 di Redondela, ad una distanza di 16 km\n  <\/p>\n<\/div>\n<div class=\"section-post\" id=\"english\">\n  <h2 class=\"mt-5 mb-3\">\n    <a href=\"https:\/\/www.pilgrim.es\/it\/cammino-inglese\/\" class=\"p-text-secondary\">Cammino Inglese da Ferrol<\/a>\n  <\/h2>\n  <p>\n    Nel caso di questa rotta, non si realizza da Ferrol per essere gli ultimi\n    100 km, senn\u00f2 perch\u00e9 \u00e9\n    <strong>l&#8217;inizio ufficiale di questa rotta.<\/strong> Ricevi il suo nome per\n    la quantit\u00e1 di mercanti o cavalieri inglesi che, prima di iniziare le loro\n    crociate verso Gerusalemme, venivano fino alla\n    <a href=\"https:\/\/www.pilgrim.es\/it\/pianificare\/la-cattedrale-di-santiago\/\">Cattedrale di Santiago<\/a> in cerca della\n    benedizione di <a href=\"https:\/\/www.pilgrim.es\/it\/pianificare\/giacomo-apostolo\/\">Santiago Apostolo.<\/a>\n  <\/p>\n  <h3 class=\"mt-4 mb-3\">Le tue tappe<\/h3>\n  <table class=\"wp-block-table table text-left my-4\">\n    <thead>\n      <tr>\n        <th>TAPPE<\/th>\n        <th>PARTENZA<\/th>\n        <th>DESTINAZIONE<\/th>\n        <th>KM<\/th>\n      <\/tr>\n    <\/thead>\n    <tbody>\n      <tr>\n        <td>Tappa 1<\/td>\n        <td>Ferrol<\/td>\n        <td>Neda<\/td>\n        <td>15<\/td>\n      <\/tr>\n      <tr>\n        <td>Tappa 2<\/td>\n        <td>Neda<\/td>\n        <td>Pontedeume<\/td>\n        <td>16<\/td>\n      <\/tr>\n      <tr>\n        <td>Tappa 3<\/td>\n        <td>Pontedeume<\/td>\n        <td>Betanzos<\/td>\n        <td>20,2<\/td>\n      <\/tr>\n      <tr>\n        <td>Tappa 4<\/td>\n        <td>Betanzos<\/td>\n        <td>Ospedale de Bruma<\/td>\n        <td>27,8<\/td>\n      <\/tr>\n      <tr>\n        <td>Tappa 5<\/td>\n        <td>Ospedale de Bruma<\/td>\n        <td>Sig\u00fceiro<\/td>\n        <td>24<\/td>\n      <\/tr>\n      <tr>\n        <td>Tappa 6<\/td>\n        <td>Sig\u00fceiro<\/td>\n        <td>Santiago de Compostela<\/td>\n        <td>16,7<\/td>\n      <\/tr>\n    <\/tbody>\n  <\/table>\n  <h3 class=\"mt-4 mb-3\">Il Cammino Inglese da A Coru\u00f1a<\/h3>\n  <p>\n    Come il Cammino Portoghese,<strong\n      >la rotta inglese pose una variante abbastanza curiosa.<\/strong\n    >\n    Questa curiosit\u00e0 \u00e8 che si pu\u00f2 fare il Cammino dall A Coru\u00f1a, essendo poco\n    pi\u00f9 di 75 km, non soddisfa i requisiti per ottenere la Compostela.\n    Tuttavia,il capitolo di Santiago pu\u00f2 conoscere<strong\n      >le persone che ha i requisiti<\/strong\n    >,qui segnati:\n    <a href=\"https:\/\/www.pilgrim.es\/it\/cammino-di-santiago-dalla-a-coruna-ottenere-compostela\/\">Come conseguire la Compostela dalla Coru\u00f1a.<\/a>\n  <\/p>\n<\/div>\n<div class=\"section-post\" id=\"sanabres\">\n  <h2 class=\"mt-5 mb-3\">Cammino Sanabr\u00e9s da Ourense<\/h2>\n  <p>\n    Non \u00e9 una della rotta dove vi sono pi\u00fa pellegrinaggi, questo \u00e8 evidente se\n    mai deciderai di farlo, dato che non dispone degli stessi servizi e\n    infrastrutture delle altre rotte. Tuttavia,\u00e9 uguale che abbiamo menzionato\n    il Cammino Primitivo, \u00e9 Tuttavia, come abbiamo detto nel Cammino Primitivo,\n    esso \u00e8 in via di potenziamento in vista del prossimo\n    <a href=\"https:\/\/www.pilgrim.es\/it\/pianificare\/anno-giubilare\/\">anno santo<\/a>\n  <\/p>\n  <h3 class=\"mt-4 mb-3\">Le tue tappe<\/h3>\n  <table class=\"wp-block-table table text-left my-4\">\n    <thead>\n      <tr>\n        <th>TAPPE<\/th>\n        <th>PARTENZA<\/th>\n        <th>DESTINAZIONE<\/th>\n        <th>KM<\/th>\n      <\/tr>\n    <\/thead>\n    <tbody>\n      <tr>\n        <td>Tappa 1<\/td>\n        <td>Ourense<\/td>\n        <td>San Crist\u00f3bal de Cea<\/td>\n        <td>22,2<\/td>\n      <\/tr>\n      <tr>\n        <td>Tappa 2<\/td>\n        <td>San Crist\u00f3bal de Cea<\/td>\n        <td>A Laxe<\/td>\n        <td>33,2<\/td>\n      <\/tr>\n      <tr>\n        <td>Tappa 3<\/td>\n        <td>A Laxe<\/td>\n        <td>Outeiro<\/td>\n        <td>34,1<\/td>\n      <\/tr>\n      <tr>\n        <td>Tappa 4<\/td>\n        <td>Outeiro<\/td>\n        <td>Santiago de Compostela<\/td>\n        <td>16,7<\/td>\n      <\/tr>\n    <\/tbody>\n  <\/table>\n<\/div>\n<div class=\"section-post\" id=\"winter\">\n  <h2 class=\"mt-5 mb-3\">Cammino d&#8217;Inverno da Chantada<\/h2>\n  <p>\n    Anche se non abbiamo indicato nella mappa dell&#8217;inizio della pagina, esiste\n    una rotta tra il Cammino Francese e Sanabres chiamata Cammino d&#8217;Inverno \u00c9\n    per evitare i ponti che ci sono nella rotta francese e che le difficolt\u00e1 di\n    camminare in epoca invernale.\n  <\/p>\n  <p>\n    Si svolge in sole 4 tappe ma sono di percorso considerevole quindi, se non\n    sei pronto, \u00e8 consigliabile provare a distribuirle come meglio ti conviene,\n    se hai bisogno di aiuto, sai che puoi sempre\n    <a href=\"https:\/\/www.pilgrim.es\/it\/pianificare\/\">pianificare il tuo Cammino con Pilgrim<\/a>, saremo\n    felici di aiutarti.\n  <\/p>\n  <h3 class=\"mt-4 mb-3\">Le tue tappe<\/h3>\n  <table class=\"wp-block-table table text-left my-4\">\n    <thead>\n      <tr>\n        <th>TAPPE<\/th>\n        <th>PARTENZA<\/th>\n        <th>DESTINAZIONE<\/th>\n        <th>KM<\/th>\n      <\/tr>\n    <\/thead>\n    <tbody>\n      <tr>\n        <td>Tappa 1<\/td>\n        <td>Chantada<\/td>\n        <td>Rodeiro<\/td>\n        <td>25,8<\/td>\n      <\/tr>\n      <tr>\n        <td>Tappa 2<\/td>\n        <td>Rodeiro<\/td>\n        <td>A Laxe<\/td>\n        <td>27,2<\/td>\n      <\/tr>\n      <tr>\n        <td>Tappa 3<\/td>\n        <td>A Laxe<\/td>\n        <td>Outeiro<\/td>\n        <td>34,1<\/td>\n      <\/tr>\n      <tr>\n        <td>Tappa 4<\/td>\n        <td>Outeiro<\/td>\n        <td>Santiago de Compostela<\/td>\n        <td>16,7<\/td>\n      <\/tr>\n    <\/tbody>\n  <\/table>\n<\/div>\n<div class=\"section-post\">\n  <h2 class=\"mt-5 mb-3\">\u00c9 ora di iniziare l&#8217;avventura<\/h2>\n  <p>\n    Una volta hai scoperto tutte le localit\u00e1 dalle quali\n    <strong>puoi compiere gli ultimi 100 km del Cammino di Santiago<\/strong>,\u00e9\n    l&#8217;ora di realizzarlo. Scegli la rotta che ti piace e vivi un&#8217;esperienza\n    unica. Se tuttavia hai dubbi o desideri ricevere un preventivo\n    personalizzato, puoi lasciare i tuoi dati,siamo qui per consigliarti\n  <\/p>\n  <p>\n    <em><strong>\u00a1Ultreia peregrino!<\/strong><\/em>\n  <\/p>\n<\/div>\n","protected":false},"excerpt":{"rendered":"<p>Questa distanza pu\u00f2 essere percorsa da 7 differenti cammini: Francese,Primitivo, del Nord, Portoghese,Inglese,Sanabrese e d&#8217;Inverno. Esistono altre rotte giacobee, queste sono secondarie e non finiscono a Santiago di Compostela ma servono come connessione delle differenti comunit\u00e0 alle rotte menzionate prima.<\/p>\n","protected":false},"author":4,"featured_media":135420,"comment_status":"closed","ping_status":"closed","sticky":false,"template":"","format":"standard","meta":{"footnotes":""},"categories":[39,40],"tags":[],"class_list":["post-49608","post","type-post","status-publish","format-standard","has-post-thumbnail","hentry","category-informazioni-base","category-rotte-del-cammino"],"yoast_head":"<!-- This site is optimized with the Yoast SEO plugin v27.4 - https:\/\/yoast.com\/product\/yoast-seo-wordpress\/ -->\n<title>Ultimi 100 km del Cammino di Santiago | Rotte e Tappe | Pilgrim<\/title>\n<meta name=\"description\" content=\"Gli ultimi 100 km del Cammino di Santiago si possono percorrere da numerosi luoghi e differenti rotte. Noi realizziamo una sintesi di tutto questo.\" \/>\n<meta name=\"robots\" content=\"index, follow, max-snippet:-1, max-image-preview:large, max-video-preview:-1\" \/>\n<link rel=\"canonical\" href=\"https:\/\/www.pilgrim.es\/it\/ultimi-100-km-del-cammino-di-santiago\/\" \/>\n<meta property=\"og:locale\" content=\"it_IT\" \/>\n<meta property=\"og:type\" content=\"article\" \/>\n<meta property=\"og:title\" content=\"Ultimi 100 km del Cammino di Santiago | Rotte e Tappe | Pilgrim\" \/>\n<meta property=\"og:description\" content=\"Gli ultimi 100 km del Cammino di Santiago si possono percorrere da numerosi luoghi e differenti rotte. Noi realizziamo una sintesi di tutto questo.\" \/>\n<meta property=\"og:url\" content=\"https:\/\/www.pilgrim.es\/it\/ultimi-100-km-del-cammino-di-santiago\/\" \/>\n<meta property=\"og:site_name\" content=\"Pilgrim\" \/>\n<meta property=\"article:publisher\" content=\"https:\/\/www.facebook.com\/pilgrim.es\/\" \/>\n<meta property=\"article:published_time\" content=\"2019-11-29T12:05:00+00:00\" \/>\n<meta property=\"article:modified_time\" content=\"2025-11-21T11:29:51+00:00\" \/>\n<meta property=\"og:image\" content=\"https:\/\/www.pilgrim.es\/wp-content\/uploads\/2024\/11\/ultimos100-1200x800-2.webp\" \/>\n\t<meta property=\"og:image:width\" content=\"1200\" \/>\n\t<meta property=\"og:image:height\" content=\"800\" \/>\n\t<meta property=\"og:image:type\" content=\"image\/webp\" \/>\n<meta name=\"author\" content=\"Pilgrim SEO\" \/>\n<meta name=\"twitter:card\" content=\"summary_large_image\" \/>\n<meta name=\"twitter:creator\" content=\"@pilgrim_es\" \/>\n<meta name=\"twitter:site\" content=\"@pilgrim_es\" \/>\n<meta name=\"twitter:label1\" content=\"Scritto da\" \/>\n\t<meta name=\"twitter:data1\" content=\"Pilgrim SEO\" \/>\n\t<meta name=\"twitter:label2\" content=\"Tempo di lettura stimato\" \/>\n\t<meta name=\"twitter:data2\" content=\"6 minuti\" \/>\n<script type=\"application\/ld+json\" class=\"yoast-schema-graph\">{\"@context\":\"https:\\\/\\\/schema.org\",\"@graph\":[{\"@type\":\"Article\",\"@id\":\"https:\\\/\\\/www.pilgrim.es\\\/it\\\/ultimi-100-km-del-cammino-di-santiago\\\/#article\",\"isPartOf\":{\"@id\":\"https:\\\/\\\/www.pilgrim.es\\\/it\\\/ultimi-100-km-del-cammino-di-santiago\\\/\"},\"author\":{\"name\":\"Pilgrim SEO\",\"@id\":\"https:\\\/\\\/www.pilgrim.es\\\/it\\\/#\\\/schema\\\/person\\\/14d46e928a02bc9b20d435748438c3e0\"},\"headline\":\"Ultimi 100 km del Cammino di Santiago.\",\"datePublished\":\"2019-11-29T12:05:00+00:00\",\"dateModified\":\"2025-11-21T11:29:51+00:00\",\"mainEntityOfPage\":{\"@id\":\"https:\\\/\\\/www.pilgrim.es\\\/it\\\/ultimi-100-km-del-cammino-di-santiago\\\/\"},\"wordCount\":1160,\"publisher\":{\"@id\":\"https:\\\/\\\/www.pilgrim.es\\\/it\\\/#organization\"},\"image\":{\"@id\":\"https:\\\/\\\/www.pilgrim.es\\\/it\\\/ultimi-100-km-del-cammino-di-santiago\\\/#primaryimage\"},\"thumbnailUrl\":\"https:\\\/\\\/www.pilgrim.es\\\/wp-content\\\/uploads\\\/2024\\\/11\\\/ultimos100-1200x800-2.webp\",\"articleSection\":[\"Informazioni base\",\"Rotte del Cammino\"],\"inLanguage\":\"it-IT\"},{\"@type\":\"WebPage\",\"@id\":\"https:\\\/\\\/www.pilgrim.es\\\/it\\\/ultimi-100-km-del-cammino-di-santiago\\\/\",\"url\":\"https:\\\/\\\/www.pilgrim.es\\\/it\\\/ultimi-100-km-del-cammino-di-santiago\\\/\",\"name\":\"Ultimi 100 km del Cammino di Santiago | Rotte e Tappe | Pilgrim\",\"isPartOf\":{\"@id\":\"https:\\\/\\\/www.pilgrim.es\\\/it\\\/#website\"},\"primaryImageOfPage\":{\"@id\":\"https:\\\/\\\/www.pilgrim.es\\\/it\\\/ultimi-100-km-del-cammino-di-santiago\\\/#primaryimage\"},\"image\":{\"@id\":\"https:\\\/\\\/www.pilgrim.es\\\/it\\\/ultimi-100-km-del-cammino-di-santiago\\\/#primaryimage\"},\"thumbnailUrl\":\"https:\\\/\\\/www.pilgrim.es\\\/wp-content\\\/uploads\\\/2024\\\/11\\\/ultimos100-1200x800-2.webp\",\"datePublished\":\"2019-11-29T12:05:00+00:00\",\"dateModified\":\"2025-11-21T11:29:51+00:00\",\"description\":\"Gli ultimi 100 km del Cammino di Santiago si possono percorrere da numerosi luoghi e differenti rotte. Noi realizziamo una sintesi di tutto questo.\",\"breadcrumb\":{\"@id\":\"https:\\\/\\\/www.pilgrim.es\\\/it\\\/ultimi-100-km-del-cammino-di-santiago\\\/#breadcrumb\"},\"inLanguage\":\"it-IT\",\"potentialAction\":[{\"@type\":\"ReadAction\",\"target\":[\"https:\\\/\\\/www.pilgrim.es\\\/it\\\/ultimi-100-km-del-cammino-di-santiago\\\/\"]}]},{\"@type\":\"ImageObject\",\"inLanguage\":\"it-IT\",\"@id\":\"https:\\\/\\\/www.pilgrim.es\\\/it\\\/ultimi-100-km-del-cammino-di-santiago\\\/#primaryimage\",\"url\":\"https:\\\/\\\/www.pilgrim.es\\\/wp-content\\\/uploads\\\/2024\\\/11\\\/ultimos100-1200x800-2.webp\",\"contentUrl\":\"https:\\\/\\\/www.pilgrim.es\\\/wp-content\\\/uploads\\\/2024\\\/11\\\/ultimos100-1200x800-2.webp\",\"width\":1200,\"height\":800},{\"@type\":\"BreadcrumbList\",\"@id\":\"https:\\\/\\\/www.pilgrim.es\\\/it\\\/ultimi-100-km-del-cammino-di-santiago\\\/#breadcrumb\",\"itemListElement\":[{\"@type\":\"ListItem\",\"position\":1,\"name\":\"Camino de Santiago\",\"item\":\"https:\\\/\\\/www.pilgrim.es\\\/it\\\/\"},{\"@type\":\"ListItem\",\"position\":2,\"name\":\"Ultimi 100 km del Cammino di Santiago.\"}]},{\"@type\":\"WebSite\",\"@id\":\"https:\\\/\\\/www.pilgrim.es\\\/it\\\/#website\",\"url\":\"https:\\\/\\\/www.pilgrim.es\\\/it\\\/\",\"name\":\"Pilgrim\",\"description\":\"Camino de Santiago | Caminamos Contigo\",\"publisher\":{\"@id\":\"https:\\\/\\\/www.pilgrim.es\\\/it\\\/#organization\"},\"potentialAction\":[{\"@type\":\"SearchAction\",\"target\":{\"@type\":\"EntryPoint\",\"urlTemplate\":\"https:\\\/\\\/www.pilgrim.es\\\/it\\\/?s={search_term_string}\"},\"query-input\":{\"@type\":\"PropertyValueSpecification\",\"valueRequired\":true,\"valueName\":\"search_term_string\"}}],\"inLanguage\":\"it-IT\"},{\"@type\":\"Organization\",\"@id\":\"https:\\\/\\\/www.pilgrim.es\\\/it\\\/#organization\",\"name\":\"Pilgrim Camino de Santiago\",\"url\":\"https:\\\/\\\/www.pilgrim.es\\\/it\\\/\",\"logo\":{\"@type\":\"ImageObject\",\"inLanguage\":\"it-IT\",\"@id\":\"https:\\\/\\\/www.pilgrim.es\\\/it\\\/#\\\/schema\\\/logo\\\/image\\\/\",\"url\":\"https:\\\/\\\/www.pilgrim.es\\\/wp-content\\\/uploads\\\/2019\\\/04\\\/logo_pilgrim.png\",\"contentUrl\":\"https:\\\/\\\/www.pilgrim.es\\\/wp-content\\\/uploads\\\/2019\\\/04\\\/logo_pilgrim.png\",\"width\":512,\"height\":512,\"caption\":\"Pilgrim Camino de Santiago\"},\"image\":{\"@id\":\"https:\\\/\\\/www.pilgrim.es\\\/it\\\/#\\\/schema\\\/logo\\\/image\\\/\"},\"sameAs\":[\"https:\\\/\\\/www.facebook.com\\\/pilgrim.es\\\/\",\"https:\\\/\\\/x.com\\\/pilgrim_es\",\"https:\\\/\\\/www.instagram.com\\\/pilgrim.es\\\/\",\"https:\\\/\\\/www.linkedin.com\\\/company\\\/pilgrim-camino-de-santiago\\\/\",\"https:\\\/\\\/www.pinterest.es\\\/pilgrimcaminodesantiago\\\/\",\"https:\\\/\\\/www.youtube.com\\\/channel\\\/UCIv2ZzFLXVqthkNF32rKedw\\\/featured\"]},{\"@type\":\"Person\",\"@id\":\"https:\\\/\\\/www.pilgrim.es\\\/it\\\/#\\\/schema\\\/person\\\/14d46e928a02bc9b20d435748438c3e0\",\"name\":\"Pilgrim SEO\",\"image\":{\"@type\":\"ImageObject\",\"inLanguage\":\"it-IT\",\"@id\":\"https:\\\/\\\/secure.gravatar.com\\\/avatar\\\/52a31ce4f1af059b5077e8c5aee5741b9dec86b4b6ee6b2a7e5aefc4ee670045?s=96&d=mm&r=g\",\"url\":\"https:\\\/\\\/secure.gravatar.com\\\/avatar\\\/52a31ce4f1af059b5077e8c5aee5741b9dec86b4b6ee6b2a7e5aefc4ee670045?s=96&d=mm&r=g\",\"contentUrl\":\"https:\\\/\\\/secure.gravatar.com\\\/avatar\\\/52a31ce4f1af059b5077e8c5aee5741b9dec86b4b6ee6b2a7e5aefc4ee670045?s=96&d=mm&r=g\",\"caption\":\"Pilgrim SEO\"}}]}<\/script>\n<!-- \/ Yoast SEO plugin. -->","yoast_head_json":{"title":"Ultimi 100 km del Cammino di Santiago | Rotte e Tappe | Pilgrim","description":"Gli ultimi 100 km del Cammino di Santiago si possono percorrere da numerosi luoghi e differenti rotte. Noi realizziamo una sintesi di tutto questo.","robots":{"index":"index","follow":"follow","max-snippet":"max-snippet:-1","max-image-preview":"max-image-preview:large","max-video-preview":"max-video-preview:-1"},"canonical":"https:\/\/www.pilgrim.es\/it\/ultimi-100-km-del-cammino-di-santiago\/","og_locale":"it_IT","og_type":"article","og_title":"Ultimi 100 km del Cammino di Santiago | Rotte e Tappe | Pilgrim","og_description":"Gli ultimi 100 km del Cammino di Santiago si possono percorrere da numerosi luoghi e differenti rotte. Noi realizziamo una sintesi di tutto questo.","og_url":"https:\/\/www.pilgrim.es\/it\/ultimi-100-km-del-cammino-di-santiago\/","og_site_name":"Pilgrim","article_publisher":"https:\/\/www.facebook.com\/pilgrim.es\/","article_published_time":"2019-11-29T12:05:00+00:00","article_modified_time":"2025-11-21T11:29:51+00:00","og_image":[{"width":1200,"height":800,"url":"https:\/\/www.pilgrim.es\/wp-content\/uploads\/2024\/11\/ultimos100-1200x800-2.webp","type":"image\/webp"}],"author":"Pilgrim SEO","twitter_card":"summary_large_image","twitter_creator":"@pilgrim_es","twitter_site":"@pilgrim_es","twitter_misc":{"Scritto da":"Pilgrim SEO","Tempo di lettura stimato":"6 minuti"},"schema":{"@context":"https:\/\/schema.org","@graph":[{"@type":"Article","@id":"https:\/\/www.pilgrim.es\/it\/ultimi-100-km-del-cammino-di-santiago\/#article","isPartOf":{"@id":"https:\/\/www.pilgrim.es\/it\/ultimi-100-km-del-cammino-di-santiago\/"},"author":{"name":"Pilgrim SEO","@id":"https:\/\/www.pilgrim.es\/it\/#\/schema\/person\/14d46e928a02bc9b20d435748438c3e0"},"headline":"Ultimi 100 km del Cammino di Santiago.","datePublished":"2019-11-29T12:05:00+00:00","dateModified":"2025-11-21T11:29:51+00:00","mainEntityOfPage":{"@id":"https:\/\/www.pilgrim.es\/it\/ultimi-100-km-del-cammino-di-santiago\/"},"wordCount":1160,"publisher":{"@id":"https:\/\/www.pilgrim.es\/it\/#organization"},"image":{"@id":"https:\/\/www.pilgrim.es\/it\/ultimi-100-km-del-cammino-di-santiago\/#primaryimage"},"thumbnailUrl":"https:\/\/www.pilgrim.es\/wp-content\/uploads\/2024\/11\/ultimos100-1200x800-2.webp","articleSection":["Informazioni base","Rotte del Cammino"],"inLanguage":"it-IT"},{"@type":"WebPage","@id":"https:\/\/www.pilgrim.es\/it\/ultimi-100-km-del-cammino-di-santiago\/","url":"https:\/\/www.pilgrim.es\/it\/ultimi-100-km-del-cammino-di-santiago\/","name":"Ultimi 100 km del Cammino di Santiago | Rotte e Tappe | Pilgrim","isPartOf":{"@id":"https:\/\/www.pilgrim.es\/it\/#website"},"primaryImageOfPage":{"@id":"https:\/\/www.pilgrim.es\/it\/ultimi-100-km-del-cammino-di-santiago\/#primaryimage"},"image":{"@id":"https:\/\/www.pilgrim.es\/it\/ultimi-100-km-del-cammino-di-santiago\/#primaryimage"},"thumbnailUrl":"https:\/\/www.pilgrim.es\/wp-content\/uploads\/2024\/11\/ultimos100-1200x800-2.webp","datePublished":"2019-11-29T12:05:00+00:00","dateModified":"2025-11-21T11:29:51+00:00","description":"Gli ultimi 100 km del Cammino di Santiago si possono percorrere da numerosi luoghi e differenti rotte. Noi realizziamo una sintesi di tutto questo.","breadcrumb":{"@id":"https:\/\/www.pilgrim.es\/it\/ultimi-100-km-del-cammino-di-santiago\/#breadcrumb"},"inLanguage":"it-IT","potentialAction":[{"@type":"ReadAction","target":["https:\/\/www.pilgrim.es\/it\/ultimi-100-km-del-cammino-di-santiago\/"]}]},{"@type":"ImageObject","inLanguage":"it-IT","@id":"https:\/\/www.pilgrim.es\/it\/ultimi-100-km-del-cammino-di-santiago\/#primaryimage","url":"https:\/\/www.pilgrim.es\/wp-content\/uploads\/2024\/11\/ultimos100-1200x800-2.webp","contentUrl":"https:\/\/www.pilgrim.es\/wp-content\/uploads\/2024\/11\/ultimos100-1200x800-2.webp","width":1200,"height":800},{"@type":"BreadcrumbList","@id":"https:\/\/www.pilgrim.es\/it\/ultimi-100-km-del-cammino-di-santiago\/#breadcrumb","itemListElement":[{"@type":"ListItem","position":1,"name":"Camino de Santiago","item":"https:\/\/www.pilgrim.es\/it\/"},{"@type":"ListItem","position":2,"name":"Ultimi 100 km del Cammino di Santiago."}]},{"@type":"WebSite","@id":"https:\/\/www.pilgrim.es\/it\/#website","url":"https:\/\/www.pilgrim.es\/it\/","name":"Pilgrim","description":"Camino de Santiago | Caminamos Contigo","publisher":{"@id":"https:\/\/www.pilgrim.es\/it\/#organization"},"potentialAction":[{"@type":"SearchAction","target":{"@type":"EntryPoint","urlTemplate":"https:\/\/www.pilgrim.es\/it\/?s={search_term_string}"},"query-input":{"@type":"PropertyValueSpecification","valueRequired":true,"valueName":"search_term_string"}}],"inLanguage":"it-IT"},{"@type":"Organization","@id":"https:\/\/www.pilgrim.es\/it\/#organization","name":"Pilgrim Camino de Santiago","url":"https:\/\/www.pilgrim.es\/it\/","logo":{"@type":"ImageObject","inLanguage":"it-IT","@id":"https:\/\/www.pilgrim.es\/it\/#\/schema\/logo\/image\/","url":"https:\/\/www.pilgrim.es\/wp-content\/uploads\/2019\/04\/logo_pilgrim.png","contentUrl":"https:\/\/www.pilgrim.es\/wp-content\/uploads\/2019\/04\/logo_pilgrim.png","width":512,"height":512,"caption":"Pilgrim Camino de Santiago"},"image":{"@id":"https:\/\/www.pilgrim.es\/it\/#\/schema\/logo\/image\/"},"sameAs":["https:\/\/www.facebook.com\/pilgrim.es\/","https:\/\/x.com\/pilgrim_es","https:\/\/www.instagram.com\/pilgrim.es\/","https:\/\/www.linkedin.com\/company\/pilgrim-camino-de-santiago\/","https:\/\/www.pinterest.es\/pilgrimcaminodesantiago\/","https:\/\/www.youtube.com\/channel\/UCIv2ZzFLXVqthkNF32rKedw\/featured"]},{"@type":"Person","@id":"https:\/\/www.pilgrim.es\/it\/#\/schema\/person\/14d46e928a02bc9b20d435748438c3e0","name":"Pilgrim SEO","image":{"@type":"ImageObject","inLanguage":"it-IT","@id":"https:\/\/secure.gravatar.com\/avatar\/52a31ce4f1af059b5077e8c5aee5741b9dec86b4b6ee6b2a7e5aefc4ee670045?s=96&d=mm&r=g","url":"https:\/\/secure.gravatar.com\/avatar\/52a31ce4f1af059b5077e8c5aee5741b9dec86b4b6ee6b2a7e5aefc4ee670045?s=96&d=mm&r=g","contentUrl":"https:\/\/secure.gravatar.com\/avatar\/52a31ce4f1af059b5077e8c5aee5741b9dec86b4b6ee6b2a7e5aefc4ee670045?s=96&d=mm&r=g","caption":"Pilgrim SEO"}}]}},"_links":{"self":[{"href":"https:\/\/www.pilgrim.es\/it\/wp-json\/wp\/v2\/posts\/49608","targetHints":{"allow":["GET"]}}],"collection":[{"href":"https:\/\/www.pilgrim.es\/it\/wp-json\/wp\/v2\/posts"}],"about":[{"href":"https:\/\/www.pilgrim.es\/it\/wp-json\/wp\/v2\/types\/post"}],"author":[{"embeddable":true,"href":"https:\/\/www.pilgrim.es\/it\/wp-json\/wp\/v2\/users\/4"}],"replies":[{"embeddable":true,"href":"https:\/\/www.pilgrim.es\/it\/wp-json\/wp\/v2\/comments?post=49608"}],"version-history":[{"count":10,"href":"https:\/\/www.pilgrim.es\/it\/wp-json\/wp\/v2\/posts\/49608\/revisions"}],"predecessor-version":[{"id":138462,"href":"https:\/\/www.pilgrim.es\/it\/wp-json\/wp\/v2\/posts\/49608\/revisions\/138462"}],"wp:featuredmedia":[{"embeddable":true,"href":"https:\/\/www.pilgrim.es\/it\/wp-json\/wp\/v2\/media\/135420"}],"wp:attachment":[{"href":"https:\/\/www.pilgrim.es\/it\/wp-json\/wp\/v2\/media?parent=49608"}],"wp:term":[{"taxonomy":"category","embeddable":true,"href":"https:\/\/www.pilgrim.es\/it\/wp-json\/wp\/v2\/categories?post=49608"},{"taxonomy":"post_tag","embeddable":true,"href":"https:\/\/www.pilgrim.es\/it\/wp-json\/wp\/v2\/tags?post=49608"}],"curies":[{"name":"wp","href":"https:\/\/api.w.org\/{rel}","templated":true}]}}