{"id":49459,"date":"2019-11-26T09:26:27","date_gmt":"2019-11-26T09:26:27","guid":{"rendered":"https:\/\/prod.pilgrim.es\/organizzare-il-cammino-di-santiago\/"},"modified":"2025-06-09T08:25:57","modified_gmt":"2025-06-09T08:25:57","slug":"organizzare-il-cammino-di-santiago","status":"publish","type":"post","link":"https:\/\/www.pilgrim.es\/it\/organizzare-il-cammino-di-santiago\/","title":{"rendered":"Consigli per organizzare il Cammino di Santiago"},"content":{"rendered":"\n<div class=\"entry-content__introduction\">\n  <p>\n    Molti pellegrini iniziano a programmare con entusiasmo il\n    <strong\n      ><a href=\"https:\/\/www.pilgrim.es\/it\/cammini\/\"\n        >Cammino di Santiago<\/a\n      ><\/strong\n    >\n    per i prossimi mesi.\n  <\/p>\n  <p>\n    Al fine di tenere conto di tutti i fattori necessari per organizzare , oggi\n    vogliamo insegnarvi questi\n    <strong>consigli per poter organizzare il Cammino di Santiago.<\/strong>\n  <\/p>\n  <h5>\n    INOLTRE TI POTREBBERO INTERESSARE:\n    <a href=\"https:\/\/www.pilgrim.es\/albergues-camino-de-santiago\/\">ALBERGHI DEL CAMMINO DI SANTIAGO<\/a>\n  <\/h5>\n  <p>\n    Per molti sar\u00e1 la loro prima avventura, per i pi\u00fa veterani sar\u00e1 ancora una\n    volta con lo zaino in spalla e una nuova credenziale nella quale conseguire\n    un esperienza\n  <\/p>\n  <p>\n    Alcuni dubbi che possono esserci ai quali si dovr\u00e0 rispondere sono: la\n    necessit\u00e0 o meno della preparazione fisica, le cose che non ti devi\n    dimenticare di mettere dentro lo zaino, ecc.. Ne discuteremo in questa\n    guida.\n  <\/p>\n  <h3>HO GI\u00c0 PRESO LA MIA DECISIONE<\/h3>\n  <p>\n    Al contrario, <strong>se hai gi\u00e0 una risposta<\/strong>a tutte le domande\n    precedentemente suggerite, congratulazioni, sai tutto quello che c&#8217;\u00e8 da\n    sapere.<a href=\"https:\/\/www.pilgrim.es\/it\/pianificare\/\"\n      >\u00bfTi aiutiamo ad organizzare?<\/a\n    >\n  <\/p>\n  <p>\n    Se invece hai ancora i tuoi dubbi, cominciamo\n    <strong>a rispondere<\/strong>ad alcune delle domande precedenti, ma senza\n    limitarci alla scritta.\n  <\/p>\n  <p>\n    ci sono tante strade quante sono le persone, quindi le nostre risposte e\n    anche le nostre domande potrebbero non assomigliare affatto alle tue, Ma se\n    servir\u00e0 a suscitare le tue preoccupazioni e a far s\u00ec che tu dia spazio alla\n    riflessione per pianificare il tuo viaggio.\n  <\/p>\n<\/div>\n<hr class=\"single-bar\" \/>\n<ul class=\"index\">\n  <span>Indice <\/span>\n  <li><a href=\"#Motivos\">Perch\u00e9 fare il Cammino<\/a><\/li>\n  <li><a href=\"#Rutas\">La strada migliore<\/a><\/li>\n  <li><a href=\"#Cuando-hacerlo\">quando iniziare<\/a><\/li>\n  <li><a href=\"#Como-hacerlo\">Come fare il Cammino<\/a><\/li>\n  <li><a href=\"#Cuantos-dias\">Quanti giorni trascorrere<\/a><\/li>\n  <li><a href=\"#Alojamientos\">Che tipo di alloggio<\/a><\/li>\n<\/ul>\n<hr class=\"single-bar\" \/>\n<div class=\"section-post\" id=\"Motivos\">\n  <h2 id=\"Motivos\">MOTIVI PER FARE IL CAMMINO DI SANTIAGO<\/h2>\n  <p>\n    Ogni pellegrino ha le sue ragioni per iniziare il suo cammino. Esistono\n    infiniti motivi che ci spingono a realizzarlo, da questi motivi\n    <strong>religiosi,spirituali,culturali,sportivi ecc<\/strong> che si che\n    diventano qualcosa di puramente aneddotico quando mettiamo piede per la\n    prima volta in Piazza dell&#8217;Obradoiro e ci rendiamo conto che abbiamo\n    raggiunto il nostro obiettivo\n  <\/p>\n  <p>\n    In quel momento i motivi che ci hanno portato ad iniziare vengono relegati\n    in secondo piano e il miscuglio di emozione e sentimenti che si verifica\n    quando vediamo la\n    <a href=\"https:\/\/www.pilgrim.es\/it\/pianificare\/la-cattedrale-di-santiago\/\"\n      >Cattedrale di Santiago<\/a\n    >\n    alzarsi sui nostri occhi \u00e8 l&#8217;unica cosa che ha posto in quel momento\n  <\/p>\n  <p>\n    Tuttavia, abbiamo tutti una motivazione che ci porta a fare il primo passo,\n    e nella maggior parte delle occasioni i motivi pi\u00f9 abituali sono i seguenti:\n  <\/p>\n  <h3>RELIGIOSI<\/h3>\n  <p>\n    Dopo la scoperta dei resti del\n    <a href=\"https:\/\/www.pilgrim.es\/it\/pianificare\/giacomo-apostolo\/\"\n      >Ap\u00f3stol Santiago<\/a\n    >\n    e la citt\u00e1 si convert\u00ed in uno dei maggiori esponenti della religione\n    cattolica del Cammino di Santiago Apostolo Santiago di\n    <strong>migliaia di fedeli<\/strong>che, fin dal Medioevo e mossi dalla fede,\n    pellegrinavano a Compostela\n    <strong>per gridare all&#8217;Apostolo<\/strong>protezione nelle guerre che si\n    apprestavano a combattere in Terra Santa.\n  <\/p>\n  <p>\n    Al giorno d&#8217;oggi, non sono pi\u00f9 i Templari che vengono in Galizia in cerca di\n    protezione, ma ci sono migliaia di credenti che cercano nel Cammino atti di\n    <strong>dimostrazioni di fede<\/strong> e si recano nella capitale galiziana\n    per riscattarsi dai loro peccati o per compiere qualche offerta fatta\n    all&#8217;apostolo Santiago\n  <\/p>\n  <h3>SPIRITUALI<\/h3>\n  <p>\n    Sempre pi\u00f9 sono i pellegrini che non limitano il loro viaggio ad una ragione\n    puramente religiosa, ma che compiono il Cammino per una ragione spirituale,\n    quasi meditativa, che permetta loro di incontrarsi con se stessi, meditando\n    attraverso i sentieri e notando che per alcuni giorni, il\n    <strong>Cammino di Santiago rende gli uni e gli altri uguali<\/strong> e\n    permette di conoscere persone con le nostre stesse inquietudini.\n  <\/p>\n  <h3>CULTURALI<\/h3>\n  <p>\n    Se c&#8217;\u00e8 qualcosa che abbonda lungo il Cammino di Santiago \u00e8 la ricchezza\n    culturale e patrimoniale. Dalla<strong>rotta pi\u00fa antica<\/strong> come il\n    Cammino primitivo,fino adaltre alternative pi\u00fa frequenti come il caso del\n    Cammino Francese o il Cammino Portoghese ci saranno\n    <strong>numerose opere di arte patrimoniale<\/strong> che vanno da Eremitas\n    Chiese o Cruceiros fino imponenti Cattedrali di stile Gotico o Romano\n  <\/p>\n  <h3>NATURALI<\/h3>\n  <p>\n    Lungo questi tracciati,specialmente se passiamo per la Spagna verde del nord\n    della penisola o una volta ci addentreremo nella comunit\u00e1 gallega, troveremo\n    di fronte ai nostri occhi uno spazio verde che\n    <strong>ci far\u00e0 dimenticare ogni barlume di preoccupazione<\/strong> e ci\n    allontaner\u00e0 dal mondano rumore trasportandoci in uno scenario di pace e\n    tranquillit\u00e0.\n  <\/p>\n  <h3>SPORT O PER IL MIGLIORAMENTO<\/h3>\n  <p>\n    Per molti che si lanciano sul Cammino di Santiago per la prima volta, questo\n    passaggio \u00e8 molto pi\u00f9 di un semplice viaggio turistico, presuppone la\n    capacit\u00e0 di superare\n    <strong>l&#8217;essere in grado di completare il percorso<\/strong> che separa\n    l&#8217;origine da tale obiettivo simbolico. Pi\u00f9 che un punto di\n    arrivo,rappresenta un punto di svolta nel modo di affrontare la vita.\n  <\/p>\n  <h3>SOCIALI<\/h3>\n  <p>\n    Anche se per i pellegrini pi\u00f9 radicati nell&#8217;essenza del Cammino \u00e8 un passo\n    indietro nel vedere che \u00e8 diventato un fenomeno sociale.\n  <\/p>\n  <p>\n    Oggi, questa avventura rappresenta un punto di\n    <strong>convivenza con altre culture<\/strong>, di\n    <strong>conoscere nuove amicizie<\/strong> e compagni di viaggio, E\n    naturalmente, questo \u00e8 un nuovo modo di scoprire punti della geografia\n    peninsulare che altrimenti probabilmente non visiteremmo per tutta la vita.\n  <\/p>\n<\/div>\n<div class=\"section-post\" id=\"Rutas\">\n  <h2 id=\"Rutas\">CHE CAMMINO FACCIO?<\/h2>\n  <p>\n    Dopo aver meditato sulle ragioni che ci portano a partire, \u00e8 tempo di\n    scegliere la via.\n  <\/p>\n  <p>\n    Se cerchiamo di <strong>soddisfare l&#8217;essenza pi\u00f9 fedele<\/strong> della\n    tradizione giacobea e degli antichi pellegrinaggi dobbiamo iniziare il\n    Cammino di Santiago alla porta della nostra casa e avanzare fino a poter\n    collegare alcune delle rotte esistenti.\n  <\/p>\n  <p>\n    Oggi si sceglie di\n    <strong>dirigersi verso uno dei principali punti di partenza<\/strong> delle\n    diverse rotte e da l\u00ec realizzare le tappe che separano questo punto con la\n    citt\u00e0 di Compostela.\n  <\/p>\n  <div class=\"wp-block-image\">\n    <figure class=\"aligncenter\">\n      <img loading=\"lazy\" decoding=\"async\" width=\"960\" height=\"630\"\n        alt=\"cammini\"\n        class=\"wp-image-34649\"\n        src=\"\/wp-content\/uploads\/2019\/04\/caminos.png\"\n srcset=\"https:\/\/www.pilgrim.es\/wp-content\/uploads\/2019\/04\/caminos.png 960w, https:\/\/www.pilgrim.es\/wp-content\/uploads\/2019\/04\/caminos-300x197.png 300w, https:\/\/www.pilgrim.es\/wp-content\/uploads\/2019\/04\/caminos-768x504.png 768w\" sizes=\"auto, (max-width: 960px) 100vw, 960px\" \/>\n    <\/figure>\n  <\/div>\n  <p>\n    Dobbiamo tenere a mente che la scelta del nostro itinerario dipender\u00e0 anche\n    <a href=\"https:\/\/www.pilgrim.es\/mejor-epoca-del-ano-para-hacer-el-camino-de-santiago\/\">dal periodo dell&#8217;anno<\/a>in cui ci apprestiamo a\n    pellegrinare, poich\u00e9 ognuna delle diverse alternative presenta\n    <strong>vantaggi e svantaggi<\/strong>a seconda dell&#8217;epoca, ne parleremo al\n    prossimo punto.\n  <\/p>\n  <h3>CAMMINO FRANCESE<\/h3>\n  <p>\n    Cos\u00ec,il\n    <a href=\"https:\/\/www.pilgrim.es\/it\/cammino-francese\/\">Cammino Francese<\/a>\n    si presenta come la<strong>rotta favorita<\/strong> per la maggior parte dei\n    pellegrini data la sua ampia offerta di alloggi e su richiesta patrimoniale\n    e paesaggistica.\n  <\/p>\n  <p>\n    \u00c9 la <strong>rotta pi\u00fa affollata<\/strong>nei mesi centrali dell&#8217;anno,per\n    questo si cerca relax e calma ci possono essere altre opzioni pi\u00f9\n    vantaggiose per te che conservano allo stesso modo quella ricchezza visiva e\n    architettonica al loro passaggio\n  <\/p>\n  <h3>CAMMINO PORTOGHESE<\/h3>\n  <p>\n    <a href=\"https:\/\/www.pilgrim.es\/it\/cammino-portoghese\/\"\n      >Il Cammino Portoghese<\/a\n    >\n    conta, con la stessa forma della rotta francese,con una\n    <strong>buona offerta di alloggi e servizi<\/strong>lungo tutto il percorso.\n    A\n  <\/p>\n  <p>\n    Potrai realizzare una forma molto speciale negli ultimi 100 km (da Tui) che\n    separa la strada dalla citt\u00e1 dell&#8217;Apostolo ,per essere la distanza minima\n    per ottenere la Compostela e quindi il\n    <strong>tratto pi\u00f9 frequentato<\/strong>\n  <\/p>\n  <h3>CAMMINO PRIMITIVO<\/h3>\n  <p>\n    <a href=\"https:\/\/www.pilgrim.es\/it\/cammino-primitivo\/\"\n      >Il Cammino Primitivo<\/a\n    >\n    \u00e8 una scelta meravigliosa per scoprire le vere radici del pellegrinaggio,\n    poich\u00e9 fu<strong>il primo percorso di pellegrinaggio<\/strong> verso Santiago\n    de Compostela. Offre tanta\n    <strong>disponibilit\u00e0 di alloggi e servizi<\/strong>come potrebbe essere , il\n    Cammino Francese o Portoghese, e inoltre, offre una rotta meno frequentata e\n    pi\u00f9 montuosa. All&#8217;altezza di Melide, si collega con il percorso del Cammino\n    Francese.\n  <\/p>\n  <h3>CAMMINO DEL NORD<\/h3>\n  <p>\n    Se,al contrario,cerchi un opzione in cui ti assolvi completamente e con un\n    <strong>numero minore di pellegrini<\/strong>,\n    <a href=\"https:\/\/www.pilgrim.es\/it\/cammino-nord\/\">il Cammino del Nord<\/a>\u00e8\n    senza dubbio la tua migliore opzione.\n  <\/p>\n  <p>\n    Dispone di una <strong>buona offerta di alloggi e servizi<\/strong>, che\n    anche se non \u00e8 ancora completa come quelle opzioni menzionate sopra \u00e8\n    abbastanza ampia e dispone di garanzie di qualit\u00e0 sufficienti per rispondere\n    alle esigenze del pellegrino.\n  <\/p>\n  <p>\n    Inoltre sfrutta dei <strong>luoghi riservati<\/strong>alla magia di questa\n    rotta, come il maestoso villaggio Ribadeo e la sua spiaggia delle\n    Cattedrali.\n  <\/p>\n  <h3>CAMMINO INGLESE<\/h3>\n  <p>\n    Come il Cammino del Nord,\n    <a href=\"https:\/\/www.pilgrim.es\/it\/cammino-inglese\/\"\n      >il Cammino Inglese<\/a\n    >\n    \u00e9 una rotta di <strong>minor quantit\u00e1 di pellegrini.<\/strong> In ogni caso.\n    conta con tutte le comodit\u00e0 e l&#8217;alloggi che la rotta menzionata in\n    precedenza e si potr\u00e1\n    <strong>sfruttare dei luoghi come:<\/strong> Betanzos,al citt\u00e1 di Ferrol o la\n    propria citt\u00e1 della A Coru\u00f1a\n  <\/p>\n  <p>\n    Questa ultima citt\u00e1, ha guadagnato un ruolo importante nella cultura\n    Giacobea grazie alla recente proclamazione del versante che parte dalla\n    citt\u00e1 come rotta ufficiale per conseguire la certificazione dei pellegrini,\n    scopri\n    <a\n      href=\"https:\/\/www.pilgrim.es\/it\/cammino-di-santiago-dalla-a-coruna-ottenere-compostela\/\"\n      >come ottenere la Compostela da Coru\u00f1a<\/a\n    >\n  <\/p>\n  <h3>CAMMINO D&#8217; INVERNO<\/h3>\n  <p>\n    Ci sono opzioni sul Cammino che dipendono molto dalle stagioni in cui si\n    svolger\u00e0, in questo caso\n    <a href=\"https:\/\/www.pilgrim.es\/it\/cammino-inverno\/\"\n      >il Cammino d&#8217;Inverno<\/a\n    >, come il suo nome indica,\u00e9 un cammino creato nel momento\n    <strong>per entrare in Galizia<\/strong> ,attraverso la provincia di\n    Ourense<strong>, <\/strong>e cos\u00ec\n    <strong>evitare le forti nevicate<\/strong> che si producono a O Cebreiroen\n    nella stagione invernale.\n  <\/p>\n  <h3>V\u00cdA DELLA PLATA<\/h3>\n  <p>\n    A causa delle forti temperature che si verificano nelle comunit\u00e0\n    dell&#8217;Andalusia o dell&#8217;Estremadura, dove viene tracciato questo percorso\n    jacobea,\n    <a href=\"https:\/\/www.pilgrim.es\/it\/via-plata\/\">la Via della Plata<\/a>,\n    <strong>non \u00e8 molto raccomandata<\/strong>realizzare il Cammino nei periodi\n    di estate o periodi di pi\u00f9 caldo.\n  <\/p>\n  <p>\n    Ci sono comunque periodi, come l&#8217;autunno o la primavera, dove \u00e8 permesso un\n    viaggio <strong>molto meglio.<\/strong>\n  <\/p>\n  <h3>CAMMINO DI FISTERRA-MUX\u00cdA<\/h3>\n  <p>\n    In ogni caso, scegliamo la strada che scegliamo, non dobbiamo lasciarci\n    sfuggire l&#8217;occasione di fare un ultimo sforzo e continuare lungo il\n    <a href=\"https:\/\/www.pilgrim.es\/it\/cammino-nord\/\"\n      >Cammino di Fisterra \u2013 Muxia<\/a\n    >\n  <\/p>\n  <p>\n    Troveremo una delle <strong>immagini pi\u00f9 belle di tutto il pianeta<\/strong>,\n    dove il sole si fonde con il mare e dove il pellegrino trova l&#8217;ultima\n    risposta che gli mancava da trovare nel suo cammino.\n  <\/p>\n  <p>\n    Non ti pentirai se decidi di assistere alla fine del mondo, noi\n    <a\n      href=\"https:\/\/www.pilgrim.es\/it\/servizi\/tour-finisterre-costa-da-morte\/\"\n      >ti aiuteremo<\/a\n    >\n    a non perderti questo grande momento.\n  <\/p>\n  <h3>SEI ANCORA INDECISO SE SCEGLIERE IL CAMMINO A SANTIAGO DI COMPOSTELA?<\/h3>\n  <p>\n    In un&#8217;altra voce parliamo molto pi\u00f9 in profondit\u00e0 del dubbio su\n    <a href=\"https:\/\/www.pilgrim.es\/it\/rotta-cammino-santiago\/\"\n      >quale percorso scegliere all&#8217;interno del Cammino di Santiago<\/a\n    >, dove discutiamo pi\u00f9 a fondo ogni percorso, la sua accessibilit\u00e0, quali\n    sono meglio secondo che et\u00e0 e alcune curiosit\u00e0, che ti\n    <strong>aiuteranno<\/strong>a prendere una decisione definitiva.\n  <\/p>\n<\/div>\n<div class=\"section-post\" id=\"Cuando-hacerlo\">\n  <h2 id=\"Cuando-hacerlo\">\u00bfQUANDO FACCIO IL CAMMINO DI SANTIAGO?<\/h2>\n  <p>\n    A tal fine occorre tener conto di diversi fattori, che vanno dalla\n    climatologia alla disponibilit\u00e0 di alloggi a seconda del periodo dell&#8217;anno.\n  <\/p>\n  <p>\n    In primo luogo tieni a mente <strong>quale cammino scegliere<\/strong> come\n    abbiamo detto prima e dopo puoi concretare la miglior data in base alla\n    nostra possibilit\u00e0 personale per sfuggire da questa avventura.\n  <\/p>\n  <h3>AUTUNNO E INVERNO<\/h3>\n  <p>\n    Se quello che<strong>cerchiamo \u00e8 pace e serenit\u00e0,<\/strong> dobbiamo\n    certamente scegliere i periodi di minor afflusso, cio\u00e8\n    <strong>autunno e inverno.<\/strong>\n  <\/p>\n  <p>\n    L\u00ec potremo godere di una tranquillit\u00e0 totale sul nostro cammino ma contro ci\n    troveremo con problemi aggiunti al freddo stesso e alla pioggia, come pu\u00f2\n    essere il caso di numerosi ostelli chiusi per trovarci in bassa stagione e\n    che non riapriranno le loro porte fino al mese di marzo o numerosi servizi\n    non disponibili per lo stesso motivo e per lo stesso periodo di tempo.\n  <\/p>\n  <h3>PRIMAVERA ED ESTATE<\/h3>\n  <p>\n    Se invece vogliamo goderci il Cammino con alcune\n    <strong>condizioni ottimali di temperatura<\/strong>e con tutti i servizi e\n    alloggi gi\u00e0 in corso,dobbiamo scegliere i mesi primaverili di\n    <strong>maggio e giugno<\/strong>, o la transizione dall&#8217;estate all&#8217;autunno,\n    tra settembre e inizio ottobre.\n  <\/p>\n  <p>\n    La pi\u00f9 grande affluenza di pellegrini nel Cammino di Santiago avviene nei\n    mesi centrali dell&#8217;anno; giugno, luglio e agosto sono diventati negli ultimi\n    anni i tre mesi dove si \u00e8 concentrato\n    <strong>la maggior parte delle persone<\/strong>che hanno deciso di camminare\n    per alcune delle differenti varianti.\n  <\/p>\n  <p>\n    Questo si deve ,in gran parte ,alla coincidenza di questi mesi con i\n    <strong>periodi di vacanza<\/strong> dei pellegrini provenienti dal proprio\n    territorio spagnolo, oltre a essere uno dei periodi migliori per incontrare\n    un&#8217;offerta alberghiera al 100%, e una catena di servizi a pieno regime per\n    renderci il percorso pi\u00f9 semplice\n  <\/p>\n  <h3>NOSTRE RACCOMANDAZIONI<\/h3>\n  <p>\n    Come gi\u00e1 abbiamo commentato in un post sul blog precedente su\n    <a href=\"https:\/\/www.pilgrim.es\/mejor-epoca-del-ano-para-hacer-el-camino-de-santiago\/\">quale periodo \u00e8 migliore per il pellegrinaggio<\/a>, noi\n    consigliamo le <strong>stagioni di Primavera e Autunno.<\/strong>\n  <\/p>\n  <p>\n    In queste stagioni possiamo fare il nostro cammino a Santiago di Compostela\n    <strong>senza problemi<\/strong><strong>di temperature<\/strong> stagioni alte\n    o stagioni basse. Inoltre, non troveremo molti pellegrini cos\u00ec avremo\n    compagnia, ma saremo pi\u00f9 rilassati rispetto alla stagione estiva.\n  <\/p>\n<\/div>\n<div class=\"section-post\" id=\"Como-hacerlo\">\n  <h2 id=\"Como-hacerlo\">\u00bfCOME VOGLIO FARE IL CAMMINO DI SANTIAGO ?<\/h2>\n  <p>\n    Esistono diversi modi per realizzare il pellegrinaggio ma i tre pi\u00f9\n    frequenti sono i seguenti :\n  <\/p>\n  <h3>CAMMINANDO<\/h3>\n  <p>\n    9 su 10 pellegrini scelgono di realizzare il\n    <a\n      href=\"https:\/\/www.pilgrim.es\/it\/pianificare\/cammino-di-santiago-a-piedi\/\"\n      >Cammino a piedi.<\/a\n    >\n    \u00c8 un&#8217;opportunit\u00e0 adatta per chiunque, dato che\n    <strong>la difficolt\u00e1 pu\u00f2 adattarsi<\/strong> a tragitti molto corti e\n    personalizzati in base alla\n    <a href=\"https:\/\/www.pilgrim.es\/it\/preparazione-fisica-cammino-santiago\/\"\n      >nostra preparazione fisica<\/a\n    >,anche se, naturalmente, \u00e8 ideale avere una certa quantit\u00e0 di esperienza\n    nella realizzazione di passeggiate e un ritmo di vita attivo prima di fare\n    le tappe.\n  <\/p>\n  <h3>IN BICICLETTA<\/h3>\n  <p>\n    Ogni volta sono di pi\u00fa i seguaci che intendono realizzare il\n    <a\n      href=\"https:\/\/www.pilgrim.es\/it\/pianificare\/cammino-santiago-bicicletta\/\"\n      >Cammino di Santiago in bicicletta<\/a\n    >\n  <\/p>\n  <p>\n    Il nostro consiglio se scegliete questo modo \u00e8 quello di avere\n    <strong>una buona preparazione fisica preliminare<\/strong>, una bicicletta\n    adatta ai sentieri che troveremo e una buona pianificazione preliminare\n    delle tappe.\n  <\/p>\n  <p>\n    Devi tenere di conto i fattori extra come il rispetto dei pellegrini a piedi\n    per <strong>evitare incidenti<\/strong>e la priorit\u00e0 di questi in ostelli\n    pubblici, che causer\u00e0 una buona scelta per voi\n    <strong>cerca alberghi privati<\/strong> dove il costo non \u00e9 molto elevato e\n    che ti permettono di riporre la bicicletta con buone garanzie di sicurezza.\n  <\/p>\n  <h3>A CAVALLO<\/h3>\n  <p>\n    Anche questo mezzo ha guadagnato importanza negli ultimi anni, nonostante\n    sia ancora un numero puramente aneddotico di pellegrini che optano per il\n    rispetto del numero totale.\n  <\/p>\n  <p>\n    Secondo la\n    <a href=\"https:\/\/oficinadelperegrino.com\/estadisticas\/\" rel=\"nofollow\"\n      >statistica ufficiale dell&#8217;Ufficio del Pellegrino<\/a\n    >, nel 2016 arrivano a Santiago 345 cavalieri dopo il completamento del\n    <a\n      href=\"https:\/\/www.pilgrim.es\/it\/pianificare\/cammino-di-santiago-a-cavallo\/\"\n      >pellegrinaggio a cavallo.<\/a\n    >\n  <\/p>\n  <p>\n    Esistono gi\u00e1 molti alberghi e locande con blocchi e box adattati, tuttavia,\n    per la sicurezza dell&#8217;animale e per il rispetto delle normative sanitarie\n    esistenti, raccomandiamo che, per questa opzione, ci sia sempre\n    <strong>una buona consulenza preliminare<\/strong>per pianificare tutti gli\n    aspetti in modo sicuro ed efficiente.\n  <\/p>\n  <h3>EXTRA: IN KAYAK<\/h3>\n  <p>\n    \u00c9 <a href=\"https:\/\/www.pilgrim.es\/camino-santiago-kayak-otra-forma-peregrinar\/\">una nuova forma di pellegrinaggio<\/a> che inizia a\n    prendere forza\n  <\/p>\n  <p>\n    Si realizza attraverso una rotta che inizia a O GRove e termina a Santiago\n    di Compostela,per la Ria de Arousa,attraversando allevamenti di vongole e\n    ostriche, e visitando le migliori spiagge del litorale galiziano.\n  <\/p>\n  <p>\n    Questo percorso <strong>ricorda l&#8217;ultimo percorso in mare<\/strong> dei resti\n    dell&#8217;Apostolo.\n  <\/p>\n  <h3>\u00bfTI AIUTIAMO A DECIDERE ?<\/h3>\n  <p>\n    Abbiamo una<strong> <\/strong>grande\n    <a href=\"https:\/\/www.pilgrim.es\/it\/esperienze\/\">variet\u00e0 di rotte<\/a>\n    tracciate per te,a piedi ,in bici, o kayak ,e poi, se decidi di farlo da\n    solo o in gruppo A tua scelta !\n  <\/p>\n<\/div>\n<div class=\"section-post\" id=\"Cuantos-dias\">\n  <h2 id=\"Cuantos-dias\">\n    QUANTI GIORNI MI CI VORRANNO PER FARE IL CAMMINO DI SANTIAGO?\n  <\/h2>\n  <p>Questa domanda \u00e8 completamente personalizzabile per ogni singolo caso.<\/p>\n  <p>\n    Anche se ci sono fasi che in qualche modo sono state impostate come\n    predeterminate, <strong>non esiste alcun obbligo<\/strong> di realizzare le\n    tappe come sono state definite; molte di esse sono state definite in modo\n    popolare per la disponibilit\u00e0 di alloggio o di servizi, altre che\n    stabiliscono una durata media per tappa all&#8217;interno del tracciato di una\n    rotta determinata.\n  <\/p>\n  <p>\n    L&#8217;idea \u00e9 quella di\n    <strong>affrontare le tappe con una durata ottimale<\/strong> per la nostra\n    condizione\n  <\/p>\n  <p>\n    Se dobbiamo<strong>ripartire le tappe in due<\/strong> a causa di qualche\n    impedimento che ci impedisce di realizzare le tappe predeterminate, non c&#8217;\u00e8\n    nessun problema, dobbiamo solo pianificarlo in anticipo, in modo da\n    permetterci di cercare un alloggio nel luogo in cui \u00e8 previsto il suo\n    completamento.\n  <\/p>\n  <p>\n    Non esiste un numero determinato di giorni per la realizzazione del Cammino,\n    tuttavia, come riferimento, si ha una stima di una media di circa\n    <strong>20-25 km diario<\/strong>caminando, quindi nell&#8217;esempio di eseguire\n    una gli <strong>ultimi 100 kilometri<\/strong> di una rotta per ottenere la\n    compostela <strong> in media 5 giorni <\/strong>.\n  <\/p>\n  <h3>\u00bfVI AIUTIAMO A CALCOLARE LE TAPPE DEL VOSTRO PERCORSO?<\/h3>\n  <p>\n    Da Pilgrim offriamo le opportunit\u00e0 di realizzare un breve e semplice\n    formulario,per sapere cos\u00ec <strong>quante tappe vuole realizzare<\/strong>il\n    pellegrino che assume i nostri servizi, in modo da poter tracciare il\n    percorso e le fermate\n    <a href=\"https:\/\/www.pilgrim.es\/it\/pianificare\/\"\n      >nel modo pi\u00f9 personalizzato<\/a\n    >possibile\n  <\/p>\n<\/div>\n<div class=\"section-post\" id=\"Alojamientos\">\n  <h2 id=\"Alojamientos\">\u00bfQUALE TIPO DI ALLOGGIO SCEGLIO PER LE MIE TAPPE ?<\/h2>\n  <p>Ancora una volta, la scelta di questo punto era completamente libera.<\/p>\n  <p>\n    La rete di <a href=\"https:\/\/www.pilgrim.es\/albergues-camino-de-santiago\/\">ostelli del Cammino de Santiago<\/a> \u00e8 anno\n    dopo anno pi\u00f9 ampia<strong>,<\/strong> se si contano i pubblici e l&#8217;offerta\n    privata.\n  <\/p>\n  <p>\n    Un fattore condizionante in questo senso \u00e8 che nella maggior parte dei casi\n    si tratta di camere con un ampio numero di letti, in letti a castello e con\n    bagno in comune, il che pu\u00f2 rivelarsi insufficiente per alcune persone.\n  <\/p>\n  <p>\n    Per questo motivo,l&#8217;offerta sta crescendo gradualmente per l&#8217;offerta\n    giacobea ed oggi abbiamo un <strong>ampia variet\u00e0 di alloggi<\/strong>in\n    differenti percorsi che vanno da Ostelli ,pensioni e hotel fino a Paradores\n    di Turismo o Agriturismi di alta categoria per una crescita continua della\n    domanda nell&#8217;ultime campagne.\n  <\/p>\n  <p>\n    Dopo tutte queste riflessioni dobbiamo solo valutare\n    <a href=\"https:\/\/www.pilgrim.es\/el-camino-de-santiago-solo\/\">se vogliamo fare il Cammino da soli<\/a>o in compagnia di\n    qualcuno conosciuto, o come altra opzione, cercare un gruppo di pellegrini\n    che coincidano nelle nostre scelte e con cui condividere questa avventura.\n  <\/p>\n  <p>\n    In ogni caso, questa \u00e8 una scelta del tutto personale che risponde a molte\n    delle risposte precedenti, soprattutto al motivo per cui vogliamo avviarci\n  <\/p>\n<\/div>\n<div class=\"section-post\">\n  <h2>CONSIGLI EXTRA<\/h2>\n  <h3>PRONTO A PREPARARE IL TUO BAGAGLIO<\/h3>\n  <p>\n    Molte persone ci pongono domande su questo e, anche se abbiamo gi\u00e0 fatto una\n    voce su\n    <a\n      href=\"https:\/\/www.pilgrim.es\/it\/che-metto-nello-zaino-per-fare-il-cammino-di-santiago\/\"\n      >cosa portare nello zaino durante il Cammino,<\/a\n    >vi lasciamo qui un piccolo elenco a modo di estratto:\n  <\/p>\n  <ul>\n    <li>\n      <strong>Uno zaino adeguato<\/strong> (leggero,anatomico e impermeabile)\n    <\/li>\n    <li><strong>Stivali comodi e usati in precedenza<\/strong><\/li>\n    <li>\n      <strong>Vestiti da camminata <\/strong>: il minimo possibile e adatto al\n      periodo dell&#8217;anno\n    <\/li>\n    <li><strong>Biancheria intima e calzini senza cuciture<\/strong><\/li>\n    <li><strong>Impermeabile e giacca a vento<\/strong><\/li>\n    <li><strong>Berretto o cappello<\/strong><\/li>\n    <li><strong>Credenziale del pellegrino<\/strong><\/li>\n    <li><strong>Protezione solare alta<\/strong><\/li>\n    <li>\n      <strong>Sacco a pelo<\/strong> ( alcuni alloggi offrono solo lenzuola e\n      apprezzerai un cappotto nelle notti fredde)<br \/>\n    <\/li>\n    <li>\n      <strong>Asciugamani<\/strong> (preferibilmente di microfibra,poliestere e\n      poliamidi, perch\u00e9 si asciugano velocemente e non pesano nella schiena )<br \/>\n    <\/li>\n    <li>\n      <strong>Sandali per la doccia e articoli per l&#8217;igiene personale<\/strong\n      ><br \/>\n    <\/li>\n    <li>\n      <strong\n        >Torcia elettrica ed elemento riflettente per il nostro corpo<\/strong\n      ><br \/>\n    <\/li>\n    <li>\n      <strong>Kit medico<\/strong>( cerotti, cerotti di gelatina, mercromina o\n      betadine, alcool, analgesici e antinfiamatori)<br \/>\n    <\/li>\n    <li><strong>Tessera sanitaria e Carta d&#8217;identit\u00e0<\/strong><\/li>\n  <\/ul>\n  <p>\n    La cosa pi\u00f9 importante da tenere a mente e che non pu\u00f2 mai mancare n\u00e9 nella\n    nostra pianificazione n\u00e9 nel nostro zaino,\u00e8 l&#8217;illusione e la voglia di\n    godere di questa meravigliosa esperienza e scoprire\n    <strong>la magia che si nasconde<\/strong> nel Cammino di Santiago.\n  <\/p>\n  <p>\n    Se dopo tutti questi\n    <strong>consigli per fare il Cammino di Santiago<\/strong> ,hai deciso o\n    senti il bisogno di pellegrinare,\u00a1Pianificalo quanto prima!\n  <\/p>\n  <p>\n    <em><strong>Pellegrini Ultreia!<\/strong><\/em>\n  <\/p>\n<\/div>\n\n","protected":false},"excerpt":{"rendered":"<p>Al fine di tenere conto di tutti i fattori necessari, oggi vogliamo insegnarvi questi consigli per poter organizzare il Cammino di Santiago.<\/p>\n","protected":false},"author":4,"featured_media":125472,"comment_status":"open","ping_status":"closed","sticky":false,"template":"","format":"standard","meta":{"footnotes":""},"categories":[41],"tags":[],"class_list":["post-49459","post","type-post","status-publish","format-standard","has-post-thumbnail","hentry","category-consigli"],"yoast_head":"<!-- This site is optimized with the Yoast SEO plugin v27.4 - https:\/\/yoast.com\/product\/yoast-seo-wordpress\/ -->\n<title>\u25b7 Consigli per Organizzare il Cammino di Santiago [2026 ] | Pilgrim<\/title>\n<meta name=\"description\" content=\"lll\u27a4 Scopri tutto quello che devi sapere per organizzare il Cammino di Santiago \u2705. Consigli e raccomandazioni per aiutarti a pianificare.\" \/>\n<meta name=\"robots\" content=\"index, follow, max-snippet:-1, max-image-preview:large, max-video-preview:-1\" \/>\n<link rel=\"canonical\" href=\"https:\/\/www.pilgrim.es\/it\/organizzare-il-cammino-di-santiago\/\" \/>\n<meta property=\"og:locale\" content=\"it_IT\" \/>\n<meta property=\"og:type\" content=\"article\" \/>\n<meta property=\"og:title\" content=\"\u25b7 Consigli per Organizzare il Cammino di Santiago [2026 ] | Pilgrim\" \/>\n<meta property=\"og:description\" content=\"lll\u27a4 Scopri tutto quello che devi sapere per organizzare il Cammino di Santiago \u2705. Consigli e raccomandazioni per aiutarti a pianificare.\" \/>\n<meta property=\"og:url\" content=\"https:\/\/www.pilgrim.es\/it\/organizzare-il-cammino-di-santiago\/\" \/>\n<meta property=\"og:site_name\" content=\"Pilgrim\" \/>\n<meta property=\"article:publisher\" content=\"https:\/\/www.facebook.com\/pilgrim.es\/\" \/>\n<meta property=\"article:published_time\" content=\"2019-11-26T09:26:27+00:00\" \/>\n<meta property=\"article:modified_time\" content=\"2025-06-09T08:25:57+00:00\" \/>\n<meta property=\"og:image\" content=\"https:\/\/www.pilgrim.es\/wp-content\/uploads\/2019\/04\/consejos-para-organizar-el-camino-de-santiago.jpg\" \/>\n\t<meta property=\"og:image:width\" content=\"1000\" \/>\n\t<meta property=\"og:image:height\" content=\"666\" \/>\n\t<meta property=\"og:image:type\" content=\"image\/jpeg\" \/>\n<meta name=\"author\" content=\"Pilgrim SEO\" \/>\n<meta name=\"twitter:card\" content=\"summary_large_image\" \/>\n<meta name=\"twitter:creator\" content=\"@pilgrim_es\" \/>\n<meta name=\"twitter:site\" content=\"@pilgrim_es\" \/>\n<meta name=\"twitter:label1\" content=\"Scritto da\" \/>\n\t<meta name=\"twitter:data1\" content=\"Pilgrim SEO\" \/>\n\t<meta name=\"twitter:label2\" content=\"Tempo di lettura stimato\" \/>\n\t<meta name=\"twitter:data2\" content=\"14 minuti\" \/>\n<script type=\"application\/ld+json\" class=\"yoast-schema-graph\">{\"@context\":\"https:\\\/\\\/schema.org\",\"@graph\":[{\"@type\":\"Article\",\"@id\":\"https:\\\/\\\/www.pilgrim.es\\\/it\\\/organizzare-il-cammino-di-santiago\\\/#article\",\"isPartOf\":{\"@id\":\"https:\\\/\\\/www.pilgrim.es\\\/it\\\/organizzare-il-cammino-di-santiago\\\/\"},\"author\":{\"name\":\"Pilgrim SEO\",\"@id\":\"https:\\\/\\\/www.pilgrim.es\\\/it\\\/#\\\/schema\\\/person\\\/14d46e928a02bc9b20d435748438c3e0\"},\"headline\":\"Consigli per organizzare il Cammino di Santiago\",\"datePublished\":\"2019-11-26T09:26:27+00:00\",\"dateModified\":\"2025-06-09T08:25:57+00:00\",\"mainEntityOfPage\":{\"@id\":\"https:\\\/\\\/www.pilgrim.es\\\/it\\\/organizzare-il-cammino-di-santiago\\\/\"},\"wordCount\":2896,\"commentCount\":0,\"publisher\":{\"@id\":\"https:\\\/\\\/www.pilgrim.es\\\/it\\\/#organization\"},\"image\":{\"@id\":\"https:\\\/\\\/www.pilgrim.es\\\/it\\\/organizzare-il-cammino-di-santiago\\\/#primaryimage\"},\"thumbnailUrl\":\"https:\\\/\\\/www.pilgrim.es\\\/wp-content\\\/uploads\\\/2019\\\/04\\\/consejos-para-organizar-el-camino-de-santiago.jpg\",\"articleSection\":[\"Consigli\"],\"inLanguage\":\"it-IT\",\"potentialAction\":[{\"@type\":\"CommentAction\",\"name\":\"Comment\",\"target\":[\"https:\\\/\\\/www.pilgrim.es\\\/it\\\/organizzare-il-cammino-di-santiago\\\/#respond\"]}]},{\"@type\":\"WebPage\",\"@id\":\"https:\\\/\\\/www.pilgrim.es\\\/it\\\/organizzare-il-cammino-di-santiago\\\/\",\"url\":\"https:\\\/\\\/www.pilgrim.es\\\/it\\\/organizzare-il-cammino-di-santiago\\\/\",\"name\":\"\u25b7 Consigli per Organizzare il Cammino di Santiago [2026 ] | Pilgrim\",\"isPartOf\":{\"@id\":\"https:\\\/\\\/www.pilgrim.es\\\/it\\\/#website\"},\"primaryImageOfPage\":{\"@id\":\"https:\\\/\\\/www.pilgrim.es\\\/it\\\/organizzare-il-cammino-di-santiago\\\/#primaryimage\"},\"image\":{\"@id\":\"https:\\\/\\\/www.pilgrim.es\\\/it\\\/organizzare-il-cammino-di-santiago\\\/#primaryimage\"},\"thumbnailUrl\":\"https:\\\/\\\/www.pilgrim.es\\\/wp-content\\\/uploads\\\/2019\\\/04\\\/consejos-para-organizar-el-camino-de-santiago.jpg\",\"datePublished\":\"2019-11-26T09:26:27+00:00\",\"dateModified\":\"2025-06-09T08:25:57+00:00\",\"description\":\"lll\u27a4 Scopri tutto quello che devi sapere per organizzare il Cammino di Santiago \u2705. Consigli e raccomandazioni per aiutarti a pianificare.\",\"breadcrumb\":{\"@id\":\"https:\\\/\\\/www.pilgrim.es\\\/it\\\/organizzare-il-cammino-di-santiago\\\/#breadcrumb\"},\"inLanguage\":\"it-IT\",\"potentialAction\":[{\"@type\":\"ReadAction\",\"target\":[\"https:\\\/\\\/www.pilgrim.es\\\/it\\\/organizzare-il-cammino-di-santiago\\\/\"]}]},{\"@type\":\"ImageObject\",\"inLanguage\":\"it-IT\",\"@id\":\"https:\\\/\\\/www.pilgrim.es\\\/it\\\/organizzare-il-cammino-di-santiago\\\/#primaryimage\",\"url\":\"https:\\\/\\\/www.pilgrim.es\\\/wp-content\\\/uploads\\\/2019\\\/04\\\/consejos-para-organizar-el-camino-de-santiago.jpg\",\"contentUrl\":\"https:\\\/\\\/www.pilgrim.es\\\/wp-content\\\/uploads\\\/2019\\\/04\\\/consejos-para-organizar-el-camino-de-santiago.jpg\",\"width\":1000,\"height\":666},{\"@type\":\"BreadcrumbList\",\"@id\":\"https:\\\/\\\/www.pilgrim.es\\\/it\\\/organizzare-il-cammino-di-santiago\\\/#breadcrumb\",\"itemListElement\":[{\"@type\":\"ListItem\",\"position\":1,\"name\":\"Camino de Santiago\",\"item\":\"https:\\\/\\\/www.pilgrim.es\\\/it\\\/\"},{\"@type\":\"ListItem\",\"position\":2,\"name\":\"Consigli per organizzare il Cammino di Santiago\"}]},{\"@type\":\"WebSite\",\"@id\":\"https:\\\/\\\/www.pilgrim.es\\\/it\\\/#website\",\"url\":\"https:\\\/\\\/www.pilgrim.es\\\/it\\\/\",\"name\":\"Pilgrim\",\"description\":\"Camino de Santiago | Caminamos Contigo\",\"publisher\":{\"@id\":\"https:\\\/\\\/www.pilgrim.es\\\/it\\\/#organization\"},\"potentialAction\":[{\"@type\":\"SearchAction\",\"target\":{\"@type\":\"EntryPoint\",\"urlTemplate\":\"https:\\\/\\\/www.pilgrim.es\\\/it\\\/?s={search_term_string}\"},\"query-input\":{\"@type\":\"PropertyValueSpecification\",\"valueRequired\":true,\"valueName\":\"search_term_string\"}}],\"inLanguage\":\"it-IT\"},{\"@type\":\"Organization\",\"@id\":\"https:\\\/\\\/www.pilgrim.es\\\/it\\\/#organization\",\"name\":\"Pilgrim Camino de Santiago\",\"url\":\"https:\\\/\\\/www.pilgrim.es\\\/it\\\/\",\"logo\":{\"@type\":\"ImageObject\",\"inLanguage\":\"it-IT\",\"@id\":\"https:\\\/\\\/www.pilgrim.es\\\/it\\\/#\\\/schema\\\/logo\\\/image\\\/\",\"url\":\"https:\\\/\\\/www.pilgrim.es\\\/wp-content\\\/uploads\\\/2019\\\/04\\\/logo_pilgrim.png\",\"contentUrl\":\"https:\\\/\\\/www.pilgrim.es\\\/wp-content\\\/uploads\\\/2019\\\/04\\\/logo_pilgrim.png\",\"width\":512,\"height\":512,\"caption\":\"Pilgrim Camino de Santiago\"},\"image\":{\"@id\":\"https:\\\/\\\/www.pilgrim.es\\\/it\\\/#\\\/schema\\\/logo\\\/image\\\/\"},\"sameAs\":[\"https:\\\/\\\/www.facebook.com\\\/pilgrim.es\\\/\",\"https:\\\/\\\/x.com\\\/pilgrim_es\",\"https:\\\/\\\/www.instagram.com\\\/pilgrim.es\\\/\",\"https:\\\/\\\/www.linkedin.com\\\/company\\\/pilgrim-camino-de-santiago\\\/\",\"https:\\\/\\\/www.pinterest.es\\\/pilgrimcaminodesantiago\\\/\",\"https:\\\/\\\/www.youtube.com\\\/channel\\\/UCIv2ZzFLXVqthkNF32rKedw\\\/featured\"]},{\"@type\":\"Person\",\"@id\":\"https:\\\/\\\/www.pilgrim.es\\\/it\\\/#\\\/schema\\\/person\\\/14d46e928a02bc9b20d435748438c3e0\",\"name\":\"Pilgrim SEO\",\"image\":{\"@type\":\"ImageObject\",\"inLanguage\":\"it-IT\",\"@id\":\"https:\\\/\\\/secure.gravatar.com\\\/avatar\\\/52a31ce4f1af059b5077e8c5aee5741b9dec86b4b6ee6b2a7e5aefc4ee670045?s=96&d=mm&r=g\",\"url\":\"https:\\\/\\\/secure.gravatar.com\\\/avatar\\\/52a31ce4f1af059b5077e8c5aee5741b9dec86b4b6ee6b2a7e5aefc4ee670045?s=96&d=mm&r=g\",\"contentUrl\":\"https:\\\/\\\/secure.gravatar.com\\\/avatar\\\/52a31ce4f1af059b5077e8c5aee5741b9dec86b4b6ee6b2a7e5aefc4ee670045?s=96&d=mm&r=g\",\"caption\":\"Pilgrim SEO\"}}]}<\/script>\n<!-- \/ Yoast SEO plugin. -->","yoast_head_json":{"title":"\u25b7 Consigli per Organizzare il Cammino di Santiago [2026 ] | Pilgrim","description":"lll\u27a4 Scopri tutto quello che devi sapere per organizzare il Cammino di Santiago \u2705. Consigli e raccomandazioni per aiutarti a pianificare.","robots":{"index":"index","follow":"follow","max-snippet":"max-snippet:-1","max-image-preview":"max-image-preview:large","max-video-preview":"max-video-preview:-1"},"canonical":"https:\/\/www.pilgrim.es\/it\/organizzare-il-cammino-di-santiago\/","og_locale":"it_IT","og_type":"article","og_title":"\u25b7 Consigli per Organizzare il Cammino di Santiago [2026 ] | Pilgrim","og_description":"lll\u27a4 Scopri tutto quello che devi sapere per organizzare il Cammino di Santiago \u2705. Consigli e raccomandazioni per aiutarti a pianificare.","og_url":"https:\/\/www.pilgrim.es\/it\/organizzare-il-cammino-di-santiago\/","og_site_name":"Pilgrim","article_publisher":"https:\/\/www.facebook.com\/pilgrim.es\/","article_published_time":"2019-11-26T09:26:27+00:00","article_modified_time":"2025-06-09T08:25:57+00:00","og_image":[{"width":1000,"height":666,"url":"https:\/\/www.pilgrim.es\/wp-content\/uploads\/2019\/04\/consejos-para-organizar-el-camino-de-santiago.jpg","type":"image\/jpeg"}],"author":"Pilgrim SEO","twitter_card":"summary_large_image","twitter_creator":"@pilgrim_es","twitter_site":"@pilgrim_es","twitter_misc":{"Scritto da":"Pilgrim SEO","Tempo di lettura stimato":"14 minuti"},"schema":{"@context":"https:\/\/schema.org","@graph":[{"@type":"Article","@id":"https:\/\/www.pilgrim.es\/it\/organizzare-il-cammino-di-santiago\/#article","isPartOf":{"@id":"https:\/\/www.pilgrim.es\/it\/organizzare-il-cammino-di-santiago\/"},"author":{"name":"Pilgrim SEO","@id":"https:\/\/www.pilgrim.es\/it\/#\/schema\/person\/14d46e928a02bc9b20d435748438c3e0"},"headline":"Consigli per organizzare il Cammino di Santiago","datePublished":"2019-11-26T09:26:27+00:00","dateModified":"2025-06-09T08:25:57+00:00","mainEntityOfPage":{"@id":"https:\/\/www.pilgrim.es\/it\/organizzare-il-cammino-di-santiago\/"},"wordCount":2896,"commentCount":0,"publisher":{"@id":"https:\/\/www.pilgrim.es\/it\/#organization"},"image":{"@id":"https:\/\/www.pilgrim.es\/it\/organizzare-il-cammino-di-santiago\/#primaryimage"},"thumbnailUrl":"https:\/\/www.pilgrim.es\/wp-content\/uploads\/2019\/04\/consejos-para-organizar-el-camino-de-santiago.jpg","articleSection":["Consigli"],"inLanguage":"it-IT","potentialAction":[{"@type":"CommentAction","name":"Comment","target":["https:\/\/www.pilgrim.es\/it\/organizzare-il-cammino-di-santiago\/#respond"]}]},{"@type":"WebPage","@id":"https:\/\/www.pilgrim.es\/it\/organizzare-il-cammino-di-santiago\/","url":"https:\/\/www.pilgrim.es\/it\/organizzare-il-cammino-di-santiago\/","name":"\u25b7 Consigli per Organizzare il Cammino di Santiago [2026 ] | Pilgrim","isPartOf":{"@id":"https:\/\/www.pilgrim.es\/it\/#website"},"primaryImageOfPage":{"@id":"https:\/\/www.pilgrim.es\/it\/organizzare-il-cammino-di-santiago\/#primaryimage"},"image":{"@id":"https:\/\/www.pilgrim.es\/it\/organizzare-il-cammino-di-santiago\/#primaryimage"},"thumbnailUrl":"https:\/\/www.pilgrim.es\/wp-content\/uploads\/2019\/04\/consejos-para-organizar-el-camino-de-santiago.jpg","datePublished":"2019-11-26T09:26:27+00:00","dateModified":"2025-06-09T08:25:57+00:00","description":"lll\u27a4 Scopri tutto quello che devi sapere per organizzare il Cammino di Santiago \u2705. Consigli e raccomandazioni per aiutarti a pianificare.","breadcrumb":{"@id":"https:\/\/www.pilgrim.es\/it\/organizzare-il-cammino-di-santiago\/#breadcrumb"},"inLanguage":"it-IT","potentialAction":[{"@type":"ReadAction","target":["https:\/\/www.pilgrim.es\/it\/organizzare-il-cammino-di-santiago\/"]}]},{"@type":"ImageObject","inLanguage":"it-IT","@id":"https:\/\/www.pilgrim.es\/it\/organizzare-il-cammino-di-santiago\/#primaryimage","url":"https:\/\/www.pilgrim.es\/wp-content\/uploads\/2019\/04\/consejos-para-organizar-el-camino-de-santiago.jpg","contentUrl":"https:\/\/www.pilgrim.es\/wp-content\/uploads\/2019\/04\/consejos-para-organizar-el-camino-de-santiago.jpg","width":1000,"height":666},{"@type":"BreadcrumbList","@id":"https:\/\/www.pilgrim.es\/it\/organizzare-il-cammino-di-santiago\/#breadcrumb","itemListElement":[{"@type":"ListItem","position":1,"name":"Camino de Santiago","item":"https:\/\/www.pilgrim.es\/it\/"},{"@type":"ListItem","position":2,"name":"Consigli per organizzare il Cammino di Santiago"}]},{"@type":"WebSite","@id":"https:\/\/www.pilgrim.es\/it\/#website","url":"https:\/\/www.pilgrim.es\/it\/","name":"Pilgrim","description":"Camino de Santiago | Caminamos Contigo","publisher":{"@id":"https:\/\/www.pilgrim.es\/it\/#organization"},"potentialAction":[{"@type":"SearchAction","target":{"@type":"EntryPoint","urlTemplate":"https:\/\/www.pilgrim.es\/it\/?s={search_term_string}"},"query-input":{"@type":"PropertyValueSpecification","valueRequired":true,"valueName":"search_term_string"}}],"inLanguage":"it-IT"},{"@type":"Organization","@id":"https:\/\/www.pilgrim.es\/it\/#organization","name":"Pilgrim Camino de Santiago","url":"https:\/\/www.pilgrim.es\/it\/","logo":{"@type":"ImageObject","inLanguage":"it-IT","@id":"https:\/\/www.pilgrim.es\/it\/#\/schema\/logo\/image\/","url":"https:\/\/www.pilgrim.es\/wp-content\/uploads\/2019\/04\/logo_pilgrim.png","contentUrl":"https:\/\/www.pilgrim.es\/wp-content\/uploads\/2019\/04\/logo_pilgrim.png","width":512,"height":512,"caption":"Pilgrim Camino de Santiago"},"image":{"@id":"https:\/\/www.pilgrim.es\/it\/#\/schema\/logo\/image\/"},"sameAs":["https:\/\/www.facebook.com\/pilgrim.es\/","https:\/\/x.com\/pilgrim_es","https:\/\/www.instagram.com\/pilgrim.es\/","https:\/\/www.linkedin.com\/company\/pilgrim-camino-de-santiago\/","https:\/\/www.pinterest.es\/pilgrimcaminodesantiago\/","https:\/\/www.youtube.com\/channel\/UCIv2ZzFLXVqthkNF32rKedw\/featured"]},{"@type":"Person","@id":"https:\/\/www.pilgrim.es\/it\/#\/schema\/person\/14d46e928a02bc9b20d435748438c3e0","name":"Pilgrim SEO","image":{"@type":"ImageObject","inLanguage":"it-IT","@id":"https:\/\/secure.gravatar.com\/avatar\/52a31ce4f1af059b5077e8c5aee5741b9dec86b4b6ee6b2a7e5aefc4ee670045?s=96&d=mm&r=g","url":"https:\/\/secure.gravatar.com\/avatar\/52a31ce4f1af059b5077e8c5aee5741b9dec86b4b6ee6b2a7e5aefc4ee670045?s=96&d=mm&r=g","contentUrl":"https:\/\/secure.gravatar.com\/avatar\/52a31ce4f1af059b5077e8c5aee5741b9dec86b4b6ee6b2a7e5aefc4ee670045?s=96&d=mm&r=g","caption":"Pilgrim SEO"}}]}},"_links":{"self":[{"href":"https:\/\/www.pilgrim.es\/it\/wp-json\/wp\/v2\/posts\/49459","targetHints":{"allow":["GET"]}}],"collection":[{"href":"https:\/\/www.pilgrim.es\/it\/wp-json\/wp\/v2\/posts"}],"about":[{"href":"https:\/\/www.pilgrim.es\/it\/wp-json\/wp\/v2\/types\/post"}],"author":[{"embeddable":true,"href":"https:\/\/www.pilgrim.es\/it\/wp-json\/wp\/v2\/users\/4"}],"replies":[{"embeddable":true,"href":"https:\/\/www.pilgrim.es\/it\/wp-json\/wp\/v2\/comments?post=49459"}],"version-history":[{"count":8,"href":"https:\/\/www.pilgrim.es\/it\/wp-json\/wp\/v2\/posts\/49459\/revisions"}],"predecessor-version":[{"id":97311,"href":"https:\/\/www.pilgrim.es\/it\/wp-json\/wp\/v2\/posts\/49459\/revisions\/97311"}],"wp:featuredmedia":[{"embeddable":true,"href":"https:\/\/www.pilgrim.es\/it\/wp-json\/wp\/v2\/media\/125472"}],"wp:attachment":[{"href":"https:\/\/www.pilgrim.es\/it\/wp-json\/wp\/v2\/media?parent=49459"}],"wp:term":[{"taxonomy":"category","embeddable":true,"href":"https:\/\/www.pilgrim.es\/it\/wp-json\/wp\/v2\/categories?post=49459"},{"taxonomy":"post_tag","embeddable":true,"href":"https:\/\/www.pilgrim.es\/it\/wp-json\/wp\/v2\/tags?post=49459"}],"curies":[{"name":"wp","href":"https:\/\/api.w.org\/{rel}","templated":true}]}}