{"id":48612,"date":"2019-10-31T11:39:23","date_gmt":"2019-10-31T11:39:23","guid":{"rendered":"https:\/\/prod.pilgrim.es\/il-cammino-olvidado\/"},"modified":"2025-10-09T13:01:24","modified_gmt":"2025-10-09T13:01:24","slug":"il-cammino-olvidado","status":"publish","type":"post","link":"https:\/\/www.pilgrim.es\/it\/il-cammino-olvidado\/","title":{"rendered":"Il Cammino Olvidado"},"content":{"rendered":"\n<div class=\"entry-content__introduction\">\n  <p>\n    Ci sono tanti percorsi alternativi del\n    <a href=\"\/\">Cammino di Santiago<\/a> come i pellegrini che vi transitano \u00c8\n    per questo che ci sono alcuni tracciati giacobei che cadono nell&#8217;oblio,\n    come in questo caso<strong\n      >il Cammino Olvidado o Vecchio Cammino di Santiago<\/strong\n    >\n  <\/p>\n  <h5>\n    INOLTRE TI POTREBBE INTERESSARE:\n    <a href=\"https:\/\/www.pilgrim.es\/it\/cammino-di-santiago-da-sarria\/\">IL CAMMINO DI SANTIAGO DA SARRIA<\/a>\n  <\/h5>\n  <p>\n    Questo Cammino \u00e8 documentato come una delle prime vie del tracciato jacobeo\n    e collega le citt\u00e0 di <a href=\"https:\/\/www.pilgrim.es\/camino-norte\/bilbao\/\">Bilbao <\/a> e\n    <a href=\"https:\/\/www.pilgrim.es\/camino-frances\/villafranca-del-bierzo\/\">Villafranca del Bierzo<\/a> per poi unirsi al\n    <a href=\"https:\/\/www.pilgrim.es\/it\/cammino-francese\/\">Cammino Francese <\/a> o\n    <a href=\"https:\/\/www.pilgrim.es\/it\/cammino-inverno\/\">Cammino D&#8217;Inverno <\/a> con un percorso di circa\n    637 km.\n  <\/p>\n<\/div>\n<hr class=\"single-bar\" \/>\n<ul class=\"index\">\n  <span>Indice <\/span>\n  <li><a href=\"#Historia\">Storia<\/a><\/li>\n  <li><a href=\"#Etapas\">Tappe<\/a><\/li>\n  <li><a href=\"#Que-ver-y-comer\">Che cosa vedere e Che cosa mangiare<\/a><\/li>\n  <li><a href=\"#Alojamientos\">Alloggi, Segnaletica e Accessibilit\u00e0<\/a><\/li>\n<\/ul>\n<hr class=\"single-bar\" \/>\n<div class=\"section-post\" id=\"Historia\">\n  <h2 id=\"Historia\">STORIA E ORIGINI DEL VECCHIO CAMMINO DI SANTIAGO<\/h2>\n  <p>\n    Durante il IX e XII secolo il territorio spagnolo era in piena riconquista\n    delle terre occupate dalle truppe musulmane.\n  <\/p>\n  <p>\n    Le continue battaglie che si svolgevano trasmettevano una grande\n    <strong>inquietudine ai pellegrini<\/strong>della zona, che decisero di\n    abbandonare il cammino interno dell&#8217;altopiano e di realizzare il\n    pellegrinaggio pi\u00f9 a nord della penisola.\n  <\/p>\n  <p>\n    Anche a nord i pellegrini hanno trovato un itinerario costiero troppo\n    complicato, che li ha portati a<strong>cercare un&#8217;alternativa.<\/strong>\n  <\/p>\n  <p>\n    Erano nel bel mezzo di un bivio, a nord un complicato itinerario lungo la\n    costa e pi\u00f9 a sud continui attacchi di truppe musulmane, cos\u00ec\n    <strong>l&#8217;alternativa<\/strong> che vi era rimasta \u00e8 quella che oggi \u00e8\n    conosciuta come <strong>il Cammino Olvidado.<\/strong>\n  <\/p>\n  <p>\n    Questo percorso permetteva di attraversare la catena montuosa pirenaica e di\n    proseguire nella zona bassa della montagna, seguendo un tracciato\n    leggermente complicato.\n  <\/p>\n  <p>\n    Quando le zone pianeggianti dell&#8217;altopiano nord caddero dal lato della\n    Riconquista, i Re di Navarra e Castiglia e Le\u00f3n portarono una<strong\n      >maggiore sicurezza al Cammino Francese,<\/strong\n    >\n    , oltre al fatto che ha un itinerario pi\u00f9 semplice, ha fatto s\u00ec che il\n    Cammino Olvidado rimanesse in disuso, da cui il suo nome.\n  <\/p>\n  <p>\n    Attualmente, ci sono diverse associazioni che stanno cercando di recuperare\n    l&#8217;utilizzo di questo percorso alternativo.\n  <\/p>\n  <p>\n    Fino a tale punto \u00e8 l&#8217;iniziativa di salvataggio di questo Cammino che \u00e8\n    stato realizzato un\n    <strong>punto di connessione con il Cammino Francese <\/strong>all&#8217;altezza di\n    B\u00e1rcena<strong>.<\/strong>\n  <\/p>\n<\/div>\n<div class=\"section-post\" id=\"Etapas\">\n  <h2 id=\"Etapas\">TAPPE DEL CAMMINO OLVIDADO<\/h2>\n  <p>\n    Da Bilbao a Villafranca del Bierzo e successivamente, attraverso il Cammino\n    Francese o, da Ponferrada per il Cammino d&#8217;Inverno, si raggiunge la\n    destinazione di Santiago de Compostela. Questo percorso del Cammino di\n    Santiago si divide in 18 tappe:\n  <\/p>\n  <table class=\"wp-block-table table text-left p-my-5\">\n    <thead>\n      <tr>\n        <th>TAPPA<\/th>\n        <th>PARTENZA-ARRIVO<\/th>\n        <th>KM<\/th>\n      <\/tr>\n    <\/thead>\n    <tbody>\n      <tr>\n        <td>Tappa 1<\/td>\n        <td>Bilbao \u2013 G\u00fce\u00f1es<\/td>\n        <td>25<\/td>\n      <\/tr>\n      <tr>\n        <td>Tappa 2<\/td>\n        <td>G\u00fce\u00f1es \u2013 Nava de Ordunte<\/td>\n        <td>26<\/td>\n      <\/tr>\n      <tr>\n        <td>Tappa 3<\/td>\n        <td>Nava de Ordunte \u2013 Espinosa de los Monteros<\/td>\n        <td>35<\/td>\n      <\/tr>\n      <tr>\n        <td>Tappa 4<\/td>\n        <td>Espinosa de los Monteros \u2013 Pedrosa de Valdeporres<\/td>\n        <td>31<\/td>\n      <\/tr>\n      <tr>\n        <td>Tappa 5<\/td>\n        <td>Pedrosa de Valdeporres \u2013 Arija<\/td>\n        <td>28<\/td>\n      <\/tr>\n      <tr>\n        <td>Tappa 6<\/td>\n        <td>Arija \u2013 Olea<\/td>\n        <td>33<\/td>\n      <\/tr>\n      <tr>\n        <td>Tappa 7<\/td>\n        <td>Olea \u2013 Aguilar de Campoo<\/td>\n        <td>22.7<\/td>\n      <\/tr>\n      <tr>\n        <td>Tappa 8<\/td>\n        <td>Aguilar de Campoo \u2013 Cervera de Pisuerga<\/td>\n        <td>29<\/td>\n      <\/tr>\n      <tr>\n        <td>Tappa 9<\/td>\n        <td>Cervera de Pisuerga \u2013 Guardo<\/td>\n        <td>38<\/td>\n      <\/tr>\n      <tr>\n        <td>Tappa 10<\/td>\n        <td>Guardo \u2013 Puente Almuhey<\/td>\n        <td>15.3<\/td>\n      <\/tr>\n      <tr>\n        <td>Tappa 11<\/td>\n        <td>Puente Almuhey \u2013 Cistierna<\/td>\n        <td>18.5<\/td>\n      <\/tr>\n      <tr>\n        <td>Tappa 12<\/td>\n        <td>Cistierna \u2013 Bo\u00f1ar<\/td>\n        <td>21.3<\/td>\n      <\/tr>\n      <tr>\n        <td>Tappa 13<\/td>\n        <td>Bo\u00f1ar \u2013 La Robla<\/td>\n        <td>27<\/td>\n      <\/tr>\n      <tr>\n        <td>Tappa 14<\/td>\n        <td>La Robla \u2013 Pandorado<\/td>\n        <td>32<\/td>\n      <\/tr>\n      <tr>\n        <td>Tappa 15<\/td>\n        <td>Pandorado \u2013 Fasgar<\/td>\n        <td>25<\/td>\n      <\/tr>\n      <tr>\n        <td>Tappa 16<\/td>\n        <td>Fasgar \u2013 Ig\u00fce\u00f1a<\/td>\n        <td>19<\/td>\n      <\/tr>\n      <tr>\n        <td>Tappa 17<\/td>\n        <td>Ig\u00fce\u00f1a \u2013 Congosto<\/td>\n        <td>37.4<\/td>\n      <\/tr>\n      <tr>\n        <td>Tappa 18<\/td>\n        <td>Congosto \u2013 Villafranca del Bierzo<\/td>\n        <td>35.3<\/td>\n      <\/tr>\n    <\/tbody>\n  <\/table>\n  <p>\n    Tutte insieme fanno un totale di circa 482 km e, come abbiamo detto, avrai\n    due alternative per continuare il pellegrinaggio:\n  <\/p>\n  <ul>\n    <li>\n      <strong>Cammino Francese :<\/strong\n      ><a href=\"https:\/\/www.pilgrim.es\/it\/cammino-francese\/tappa-26-villafranca-o-cebreiro\/\"\n        >Tappa 26 Villafranca del Bierzo \u2013 O Cebreiro\n      <\/a>\n    <\/li>\n    <li>\n      <strong>Cammino d&#8217;Inverno:<\/strong\n      ><a href=\"https:\/\/www.pilgrim.es\/camino-invierno\/etapa-1-ponferrada-las-medulas\/\">Tappa 1 Ponferrada \u2013 Las M\u00e9dulas <\/a>\n    <\/li>\n  <\/ul>\n<\/div>\n<div class=\"section-post\" id=\"Que-ver-y-comer\">\n  <h2 id=\"Que-ver-y-comer\">\n    LUOGHI E GASTRONOMIA D&#8217;INTERESSE DEL VECCHIO CAMMINO DI SANTIAGO\n  <\/h2>\n  <h3>LUOGHI<\/h3>\n  <p>\n    Possiamo trovare una vasta gamma di opportunit\u00e0 per osservare il\n    <strong>patrimonio della zona<\/strong>, all&#8217;interno del patrimonio\n    archeologico troviamo:\n  <\/p>\n  <ul>\n    <li><strong>Menhir-puente<\/strong>: Nella localit\u00e0 di Reinosilla.<\/li>\n    <li>\n      <strong>Castro de la Ercina e Castro celta de Redodi\u00f1a:<\/strong>Nella\n      localit\u00e0 di Villafranca del Bierzo\n    <\/li>\n    <li><strong>Villa romana<\/strong>: Nella localit\u00e0 di Camesa<\/li>\n    <li>\n      <strong>Palazzo dei Marchesi di Aguilar e di Villalobos:<\/strong>Nella\n      localit\u00e0 di Aguilar de Campoo\n    <\/li>\n  <\/ul>\n  <p>Inoltre troveremo un sacco di costruzioni di altre epoche come:<\/p>\n  <ul>\n    <li>\n      <strong>Torre\u00f3n de los Velascos<\/strong>: Nella localit\u00e0 di Espinosa de\n      los Monteros\n    <\/li>\n    <li><strong>Muralla con seis puertas<\/strong>: In Aguilar di Campoo<\/li>\n    <li>\n      <strong>Un sacco di ponti per aiutare il pellegrino<\/strong>: Potrai\n      trovarli nelle localit\u00e0 di G\u00fce\u00f1es, Bo\u00f1ar, Villafranca del Bierzo,\n      Salinas\u2026.\n    <\/li>\n  <\/ul>\n  <h3>GASTRONOMIA<\/h3>\n  <p>\n    Di seguito vi lasciamo un elenco degli alimenti tipici di questo Cammino e\n    in quale villaggio potrai trovarli:\n  <\/p>\n  <h4>Puchera ferroviaria<\/h4>\n  <p>\n    Si chiama cos\u00ed uno stufato di carne che i lavoratori della ferrovia\n    Bilbao-La Robla producevano nel loro posto di lavoro per riscaldarsi.\n  <\/p>\n  <p>\n    Lo potrai trovare nella localit\u00e0 di Balmaseda, nella\n    <strong>Tappa 2 (G\u00fce\u00f1es \u2013 Nada de Ordunte)<\/strong>di questo Cammino\n  <\/p>\n  <h4>Prodotti con latticini (formaggio, la quesada, burro..)<\/h4>\n  <p>\n    Nella\n    <strong>Tappa 4 (Espinosa de los Monteros- Pedrosa di Vadeporres)<\/strong>\n    Ci troviamo in questa localit\u00e0 di Espinosa de los Monteros che, pur essendo\n    di tradizione zootecnica, vanta una variet\u00e0 di prodotti provenienti dal\n    latte degni di degustazione.\n  <\/p>\n  <h4>Galletas de Aguilar<\/h4>\n  <p>\n    Famosa \u00e8 l&#8217;industria galiziana di questa localit\u00e0 che \u00e8 Aguilar de Campoo,\n    nella <strong>Tappa 8 (Aguilar de Campoo \u2013 Cervera de Pisuerga)<\/strong>,ed\n    in questa localit\u00e0 negli anni 60 , sono state aperte fino a 5 fabbriche di\n    biscotti.\n  <\/p>\n  <h4>Bign\u00e9<\/h4>\n  <p>\n    Delizioso dolce realizzato nella localit\u00e0 di Cistierna, situato nella\n    <strong>Tappa 12 (Cistierna-Bo\u00f1ar)<\/strong>\n  <\/p>\n  <h4>Torta della trota<\/h4>\n  <p>\n    Si tratta di un piatto sorprendente che viene elaborato su richiesta\n    dell&#8217;ufficio degli nicanores originali. Questo prodotto lo incontriamo\n    nella<strong>Tappa 13 (Bo\u00f1ar \u2013 La Robla)<\/strong>\n  <\/p>\n  <h4>Empanada di batall\u00f3n<\/h4>\n  <p>\n    Chiamata anche<strong>Empanada berciana<\/strong>, \u00e8 speciale per l&#8217;uso di\n    patate tritate e bietole da insalata come ingredienti all&#8217;interno. Potrai\n    trovarla alla fine del Cammino , a<a href=\"https:\/\/www.pilgrim.es\/camino-frances\/villafranca-del-bierzo\/\"\n      >Villafranca del Bierzo<\/a\n    >\n    e dintorni.\n  <\/p>\n  <h4>Barattolo, Peperone arrosto del Bierzo,Mela reineta del Bierzo\u2026<\/h4>\n  <p>\n    Si tratta di prodotti con Indicazioni Geografiche Protette e, nel caso della\n    mela, di una Denominazione di origine, senza dubbio un motivo pi\u00f9 che\n    sufficiente per sostare nel nostro pellegrinaggio per la localit\u00e0 di\n    <strong>Villafranca del Bierzo.<\/strong>\n  <\/p>\n<\/div>\n<div class=\"section-post\" id=\"Alojamientos\">\n  <h2 id=\"Alojamientos\">\n    ALLOGGI , SEGNALETICA E ACCESSIBILIT\u00c0 DEL CAMMINO OLVIDADO\n  <\/h2>\n  <h3>ALLOGGI<\/h3>\n  <p>\n    A causa della sua scarsit\u00e0 di pellegrini e di essere un cammino in disuso\n    per molti anni (anche se si sta cercando di recuperare il suo uso), questo\n    Cammino <strong>ha poca variet\u00e0 di alloggi,<\/strong> per lo pi\u00fa dispone di\n    agriturismi.\n  <\/p>\n  <p>\n    Dispone di alberghi per i pellegrini, ma rari, anche se ogni anno aumentano\n    la quantit\u00e0 di questi alloggi, la maggior parte sono privati.\n  <\/p>\n  <h3>SEGNALETICA<\/h3>\n  <p>\n    Non \u00e9 un tracciato indicato male, per\u00f3 i segnali non sono allo stesso\n    livello delle altre rotte del Cammino di Santiago, per questo dovremmo stare\n    <strong>attenti a tutta la segnaletica<\/strong> che incontreremo perch\u00e9 cos\u00ed\n    non ci sar\u00e1 pericolo di perdersi.\n  <\/p>\n  <p>\n    In caso vi perdessi, la cosa meglio \u00e9\n    <strong>tornare sui vostri passi<\/strong> o chiedere a chiunque troverete\n    nel Cammino, \u00e9 comune nella zona aiutare i pellegrini che si trovano\n    disorientati.\n  <\/p>\n  <h3>ACCESSIBILIT\u00c0<\/h3>\n  <p>\n    Nel caso in cui desideri eseguire\n    <a href=\"https:\/\/www.pilgrim.es\/it\/cammino-di-santiago-in-bicicletta\/\">il Cammino di Santiago in bicicletta<\/a>,\n    <strong>non \u00e9 la cosa pi\u00fa raccomandata<\/strong> in quanto avr\u00e0 una grande\n    difficolt\u00e0 a causa del suo itinerario, anche se non \u00e9 impossibile da\n    realizzare in modo che se ti piace\n    <strong>l&#8217;avventura con grandi sfide,<\/strong> questo \u00e9 perfetto per te.\n  <\/p>\n  <p>\n    Una volta, era una strada difficile per i pellegrini,una delle ragioni per\n    cui ha perso importanza a scapito del Cammino Francese.\n  <\/p>\n  <p>\n    Per le persone con qualche tipo di disabilit\u00e0 che coinvolge una<strong\n      >mobilit\u00e0 ridotta,<\/strong\n    >\n    il complicato tracciato non significa che la sua realizzazione sia\n    impossibile,ma che <strong>sar\u00e1 pi\u00fa faticoso<\/strong> di altre tappe. In\n    questo caso sar\u00e0 meglio che segua<a href=\"https:\/\/www.pilgrim.es\/it\/pianificare\/cammino-di-santiago-con-mobilita-ridotta\/\"\n      >i consigli che noi forniamo<\/a\n    >\n    e che sia sempre accompagnato da una persona di fiducia.\n  <\/p>\n  <h3>QUESTO \u00c9 TUTTO &#8230;..<\/h3>\n  <p>\n    Speriamo che questa entrata sul Cammino Olvidado, vi abbia aiutato a<strong\n      >rispondere alle vostre domande<\/strong\n    >\n    su questo cammino in disuso e, nel caso non lo conoscessi preventivamente,\n    conosci un altro segreto del Cammino,come tanti altri che contiene\n    <a href=\"https:\/\/www.pilgrim.es\/los-secretos-escondidos-del-camino-frances\/\">il Cammino Francese<\/a>\n  <\/p>\n  <p>\n    Esistono altri Cammini come quello Francese e il\n    <a href=\"https:\/\/www.pilgrim.es\/it\/cammino-nord\/\">Cammino del Nord<\/a> che si trova in parallelo e\n    che ha una gamma di opportunit\u00e0 maggiori.\n  <\/p>\n  <p>\n    Da Pilgrim ti abbiamo mostrato<strong\n      >tutte le informazioni necessarie<\/strong\n    >\n    per farti conoscere questo percorso. Quindi se vuoi pianificare il tuo\n    cammino, noi ti aiutiamo.\n  <\/p>\n  <p>\n    <em><strong>Pellegrini Ultreia!<\/strong><\/em>\n  <\/p>\n<\/div>\n","protected":false},"excerpt":{"rendered":"<p>Ci sono tanti percorsi alternativi del Cammino di Santiago quanto i pellegrini che vi transitano \u00c8 per questo che ci sono alcuni tracciati giacobei che cadono nell&#8217;oblio, come \u00e8 in questo caso il Cammino Olvidado o Vecchio Cammino di Santiago.<\/p>\n","protected":false},"author":4,"featured_media":125739,"comment_status":"open","ping_status":"closed","sticky":false,"template":"","format":"standard","meta":{"footnotes":""},"categories":[40],"tags":[],"class_list":["post-48612","post","type-post","status-publish","format-standard","has-post-thumbnail","hentry","category-rotte-del-cammino"],"yoast_head":"<!-- This site is optimized with the Yoast SEO plugin v27.4 - https:\/\/yoast.com\/product\/yoast-seo-wordpress\/ -->\n<title>\u25b7 Cammino Olvidado o Vecchio Cammino di Santiago | Storia e Tappe<\/title>\n<meta name=\"description\" content=\"lll\u27a4 Scopri la storia e le tappe di questo vecchio viaggio del Cammino di Santiago e per questo gli viene dato il nome di,Cammino Olvidado\" \/>\n<meta name=\"robots\" content=\"index, follow, max-snippet:-1, max-image-preview:large, max-video-preview:-1\" \/>\n<link rel=\"canonical\" href=\"https:\/\/www.pilgrim.es\/it\/il-cammino-olvidado\/\" \/>\n<meta property=\"og:locale\" content=\"it_IT\" \/>\n<meta property=\"og:type\" content=\"article\" \/>\n<meta property=\"og:title\" content=\"\u25b7 Cammino Olvidado o Vecchio Cammino di Santiago | Storia e Tappe\" \/>\n<meta property=\"og:description\" content=\"lll\u27a4 Scopri la storia e le tappe di questo vecchio viaggio del Cammino di Santiago e per questo gli viene dato il nome di,Cammino Olvidado\" \/>\n<meta property=\"og:url\" content=\"https:\/\/www.pilgrim.es\/it\/il-cammino-olvidado\/\" \/>\n<meta property=\"og:site_name\" content=\"Pilgrim\" \/>\n<meta property=\"article:publisher\" content=\"https:\/\/www.facebook.com\/pilgrim.es\/\" \/>\n<meta property=\"article:published_time\" content=\"2019-10-31T11:39:23+00:00\" \/>\n<meta property=\"article:modified_time\" content=\"2025-10-09T13:01:24+00:00\" \/>\n<meta property=\"og:image\" content=\"https:\/\/www.pilgrim.es\/wp-content\/uploads\/2019\/04\/camino-olvidado.png\" \/>\n\t<meta property=\"og:image:width\" content=\"1000\" \/>\n\t<meta property=\"og:image:height\" content=\"666\" \/>\n\t<meta property=\"og:image:type\" content=\"image\/png\" \/>\n<meta name=\"author\" content=\"Pilgrim SEO\" \/>\n<meta name=\"twitter:card\" content=\"summary_large_image\" \/>\n<meta name=\"twitter:creator\" content=\"@pilgrim_es\" \/>\n<meta name=\"twitter:site\" content=\"@pilgrim_es\" \/>\n<meta name=\"twitter:label1\" content=\"Scritto da\" \/>\n\t<meta name=\"twitter:data1\" content=\"Pilgrim SEO\" \/>\n\t<meta name=\"twitter:label2\" content=\"Tempo di lettura stimato\" \/>\n\t<meta name=\"twitter:data2\" content=\"6 minuti\" \/>\n<script type=\"application\/ld+json\" class=\"yoast-schema-graph\">{\"@context\":\"https:\\\/\\\/schema.org\",\"@graph\":[{\"@type\":\"Article\",\"@id\":\"https:\\\/\\\/www.pilgrim.es\\\/it\\\/il-cammino-olvidado\\\/#article\",\"isPartOf\":{\"@id\":\"https:\\\/\\\/www.pilgrim.es\\\/it\\\/il-cammino-olvidado\\\/\"},\"author\":{\"name\":\"Pilgrim SEO\",\"@id\":\"https:\\\/\\\/www.pilgrim.es\\\/it\\\/#\\\/schema\\\/person\\\/14d46e928a02bc9b20d435748438c3e0\"},\"headline\":\"Il Cammino Olvidado\",\"datePublished\":\"2019-10-31T11:39:23+00:00\",\"dateModified\":\"2025-10-09T13:01:24+00:00\",\"mainEntityOfPage\":{\"@id\":\"https:\\\/\\\/www.pilgrim.es\\\/it\\\/il-cammino-olvidado\\\/\"},\"wordCount\":1244,\"commentCount\":0,\"publisher\":{\"@id\":\"https:\\\/\\\/www.pilgrim.es\\\/it\\\/#organization\"},\"image\":{\"@id\":\"https:\\\/\\\/www.pilgrim.es\\\/it\\\/il-cammino-olvidado\\\/#primaryimage\"},\"thumbnailUrl\":\"https:\\\/\\\/www.pilgrim.es\\\/wp-content\\\/uploads\\\/2019\\\/04\\\/camino-olvidado.png\",\"articleSection\":[\"Rotte del Cammino\"],\"inLanguage\":\"it-IT\",\"potentialAction\":[{\"@type\":\"CommentAction\",\"name\":\"Comment\",\"target\":[\"https:\\\/\\\/www.pilgrim.es\\\/it\\\/il-cammino-olvidado\\\/#respond\"]}]},{\"@type\":\"WebPage\",\"@id\":\"https:\\\/\\\/www.pilgrim.es\\\/it\\\/il-cammino-olvidado\\\/\",\"url\":\"https:\\\/\\\/www.pilgrim.es\\\/it\\\/il-cammino-olvidado\\\/\",\"name\":\"\u25b7 Cammino Olvidado o Vecchio Cammino di Santiago | Storia e Tappe\",\"isPartOf\":{\"@id\":\"https:\\\/\\\/www.pilgrim.es\\\/it\\\/#website\"},\"primaryImageOfPage\":{\"@id\":\"https:\\\/\\\/www.pilgrim.es\\\/it\\\/il-cammino-olvidado\\\/#primaryimage\"},\"image\":{\"@id\":\"https:\\\/\\\/www.pilgrim.es\\\/it\\\/il-cammino-olvidado\\\/#primaryimage\"},\"thumbnailUrl\":\"https:\\\/\\\/www.pilgrim.es\\\/wp-content\\\/uploads\\\/2019\\\/04\\\/camino-olvidado.png\",\"datePublished\":\"2019-10-31T11:39:23+00:00\",\"dateModified\":\"2025-10-09T13:01:24+00:00\",\"description\":\"lll\u27a4 Scopri la storia e le tappe di questo vecchio viaggio del Cammino di Santiago e per questo gli viene dato il nome di,Cammino Olvidado\",\"breadcrumb\":{\"@id\":\"https:\\\/\\\/www.pilgrim.es\\\/it\\\/il-cammino-olvidado\\\/#breadcrumb\"},\"inLanguage\":\"it-IT\",\"potentialAction\":[{\"@type\":\"ReadAction\",\"target\":[\"https:\\\/\\\/www.pilgrim.es\\\/it\\\/il-cammino-olvidado\\\/\"]}]},{\"@type\":\"ImageObject\",\"inLanguage\":\"it-IT\",\"@id\":\"https:\\\/\\\/www.pilgrim.es\\\/it\\\/il-cammino-olvidado\\\/#primaryimage\",\"url\":\"https:\\\/\\\/www.pilgrim.es\\\/wp-content\\\/uploads\\\/2019\\\/04\\\/camino-olvidado.png\",\"contentUrl\":\"https:\\\/\\\/www.pilgrim.es\\\/wp-content\\\/uploads\\\/2019\\\/04\\\/camino-olvidado.png\",\"width\":1000,\"height\":666},{\"@type\":\"BreadcrumbList\",\"@id\":\"https:\\\/\\\/www.pilgrim.es\\\/it\\\/il-cammino-olvidado\\\/#breadcrumb\",\"itemListElement\":[{\"@type\":\"ListItem\",\"position\":1,\"name\":\"Camino de Santiago\",\"item\":\"https:\\\/\\\/www.pilgrim.es\\\/it\\\/\"},{\"@type\":\"ListItem\",\"position\":2,\"name\":\"Il Cammino Olvidado\"}]},{\"@type\":\"WebSite\",\"@id\":\"https:\\\/\\\/www.pilgrim.es\\\/it\\\/#website\",\"url\":\"https:\\\/\\\/www.pilgrim.es\\\/it\\\/\",\"name\":\"Pilgrim\",\"description\":\"Camino de Santiago | Caminamos Contigo\",\"publisher\":{\"@id\":\"https:\\\/\\\/www.pilgrim.es\\\/it\\\/#organization\"},\"potentialAction\":[{\"@type\":\"SearchAction\",\"target\":{\"@type\":\"EntryPoint\",\"urlTemplate\":\"https:\\\/\\\/www.pilgrim.es\\\/it\\\/?s={search_term_string}\"},\"query-input\":{\"@type\":\"PropertyValueSpecification\",\"valueRequired\":true,\"valueName\":\"search_term_string\"}}],\"inLanguage\":\"it-IT\"},{\"@type\":\"Organization\",\"@id\":\"https:\\\/\\\/www.pilgrim.es\\\/it\\\/#organization\",\"name\":\"Pilgrim Camino de Santiago\",\"url\":\"https:\\\/\\\/www.pilgrim.es\\\/it\\\/\",\"logo\":{\"@type\":\"ImageObject\",\"inLanguage\":\"it-IT\",\"@id\":\"https:\\\/\\\/www.pilgrim.es\\\/it\\\/#\\\/schema\\\/logo\\\/image\\\/\",\"url\":\"https:\\\/\\\/www.pilgrim.es\\\/wp-content\\\/uploads\\\/2019\\\/04\\\/logo_pilgrim.png\",\"contentUrl\":\"https:\\\/\\\/www.pilgrim.es\\\/wp-content\\\/uploads\\\/2019\\\/04\\\/logo_pilgrim.png\",\"width\":512,\"height\":512,\"caption\":\"Pilgrim Camino de Santiago\"},\"image\":{\"@id\":\"https:\\\/\\\/www.pilgrim.es\\\/it\\\/#\\\/schema\\\/logo\\\/image\\\/\"},\"sameAs\":[\"https:\\\/\\\/www.facebook.com\\\/pilgrim.es\\\/\",\"https:\\\/\\\/x.com\\\/pilgrim_es\",\"https:\\\/\\\/www.instagram.com\\\/pilgrim.es\\\/\",\"https:\\\/\\\/www.linkedin.com\\\/company\\\/pilgrim-camino-de-santiago\\\/\",\"https:\\\/\\\/www.pinterest.es\\\/pilgrimcaminodesantiago\\\/\",\"https:\\\/\\\/www.youtube.com\\\/channel\\\/UCIv2ZzFLXVqthkNF32rKedw\\\/featured\"]},{\"@type\":\"Person\",\"@id\":\"https:\\\/\\\/www.pilgrim.es\\\/it\\\/#\\\/schema\\\/person\\\/14d46e928a02bc9b20d435748438c3e0\",\"name\":\"Pilgrim SEO\",\"image\":{\"@type\":\"ImageObject\",\"inLanguage\":\"it-IT\",\"@id\":\"https:\\\/\\\/secure.gravatar.com\\\/avatar\\\/52a31ce4f1af059b5077e8c5aee5741b9dec86b4b6ee6b2a7e5aefc4ee670045?s=96&d=mm&r=g\",\"url\":\"https:\\\/\\\/secure.gravatar.com\\\/avatar\\\/52a31ce4f1af059b5077e8c5aee5741b9dec86b4b6ee6b2a7e5aefc4ee670045?s=96&d=mm&r=g\",\"contentUrl\":\"https:\\\/\\\/secure.gravatar.com\\\/avatar\\\/52a31ce4f1af059b5077e8c5aee5741b9dec86b4b6ee6b2a7e5aefc4ee670045?s=96&d=mm&r=g\",\"caption\":\"Pilgrim SEO\"}}]}<\/script>\n<!-- \/ Yoast SEO plugin. -->","yoast_head_json":{"title":"\u25b7 Cammino Olvidado o Vecchio Cammino di Santiago | Storia e Tappe","description":"lll\u27a4 Scopri la storia e le tappe di questo vecchio viaggio del Cammino di Santiago e per questo gli viene dato il nome di,Cammino Olvidado","robots":{"index":"index","follow":"follow","max-snippet":"max-snippet:-1","max-image-preview":"max-image-preview:large","max-video-preview":"max-video-preview:-1"},"canonical":"https:\/\/www.pilgrim.es\/it\/il-cammino-olvidado\/","og_locale":"it_IT","og_type":"article","og_title":"\u25b7 Cammino Olvidado o Vecchio Cammino di Santiago | Storia e Tappe","og_description":"lll\u27a4 Scopri la storia e le tappe di questo vecchio viaggio del Cammino di Santiago e per questo gli viene dato il nome di,Cammino Olvidado","og_url":"https:\/\/www.pilgrim.es\/it\/il-cammino-olvidado\/","og_site_name":"Pilgrim","article_publisher":"https:\/\/www.facebook.com\/pilgrim.es\/","article_published_time":"2019-10-31T11:39:23+00:00","article_modified_time":"2025-10-09T13:01:24+00:00","og_image":[{"width":1000,"height":666,"url":"https:\/\/www.pilgrim.es\/wp-content\/uploads\/2019\/04\/camino-olvidado.png","type":"image\/png"}],"author":"Pilgrim SEO","twitter_card":"summary_large_image","twitter_creator":"@pilgrim_es","twitter_site":"@pilgrim_es","twitter_misc":{"Scritto da":"Pilgrim SEO","Tempo di lettura stimato":"6 minuti"},"schema":{"@context":"https:\/\/schema.org","@graph":[{"@type":"Article","@id":"https:\/\/www.pilgrim.es\/it\/il-cammino-olvidado\/#article","isPartOf":{"@id":"https:\/\/www.pilgrim.es\/it\/il-cammino-olvidado\/"},"author":{"name":"Pilgrim SEO","@id":"https:\/\/www.pilgrim.es\/it\/#\/schema\/person\/14d46e928a02bc9b20d435748438c3e0"},"headline":"Il Cammino Olvidado","datePublished":"2019-10-31T11:39:23+00:00","dateModified":"2025-10-09T13:01:24+00:00","mainEntityOfPage":{"@id":"https:\/\/www.pilgrim.es\/it\/il-cammino-olvidado\/"},"wordCount":1244,"commentCount":0,"publisher":{"@id":"https:\/\/www.pilgrim.es\/it\/#organization"},"image":{"@id":"https:\/\/www.pilgrim.es\/it\/il-cammino-olvidado\/#primaryimage"},"thumbnailUrl":"https:\/\/www.pilgrim.es\/wp-content\/uploads\/2019\/04\/camino-olvidado.png","articleSection":["Rotte del Cammino"],"inLanguage":"it-IT","potentialAction":[{"@type":"CommentAction","name":"Comment","target":["https:\/\/www.pilgrim.es\/it\/il-cammino-olvidado\/#respond"]}]},{"@type":"WebPage","@id":"https:\/\/www.pilgrim.es\/it\/il-cammino-olvidado\/","url":"https:\/\/www.pilgrim.es\/it\/il-cammino-olvidado\/","name":"\u25b7 Cammino Olvidado o Vecchio Cammino di Santiago | Storia e Tappe","isPartOf":{"@id":"https:\/\/www.pilgrim.es\/it\/#website"},"primaryImageOfPage":{"@id":"https:\/\/www.pilgrim.es\/it\/il-cammino-olvidado\/#primaryimage"},"image":{"@id":"https:\/\/www.pilgrim.es\/it\/il-cammino-olvidado\/#primaryimage"},"thumbnailUrl":"https:\/\/www.pilgrim.es\/wp-content\/uploads\/2019\/04\/camino-olvidado.png","datePublished":"2019-10-31T11:39:23+00:00","dateModified":"2025-10-09T13:01:24+00:00","description":"lll\u27a4 Scopri la storia e le tappe di questo vecchio viaggio del Cammino di Santiago e per questo gli viene dato il nome di,Cammino Olvidado","breadcrumb":{"@id":"https:\/\/www.pilgrim.es\/it\/il-cammino-olvidado\/#breadcrumb"},"inLanguage":"it-IT","potentialAction":[{"@type":"ReadAction","target":["https:\/\/www.pilgrim.es\/it\/il-cammino-olvidado\/"]}]},{"@type":"ImageObject","inLanguage":"it-IT","@id":"https:\/\/www.pilgrim.es\/it\/il-cammino-olvidado\/#primaryimage","url":"https:\/\/www.pilgrim.es\/wp-content\/uploads\/2019\/04\/camino-olvidado.png","contentUrl":"https:\/\/www.pilgrim.es\/wp-content\/uploads\/2019\/04\/camino-olvidado.png","width":1000,"height":666},{"@type":"BreadcrumbList","@id":"https:\/\/www.pilgrim.es\/it\/il-cammino-olvidado\/#breadcrumb","itemListElement":[{"@type":"ListItem","position":1,"name":"Camino de Santiago","item":"https:\/\/www.pilgrim.es\/it\/"},{"@type":"ListItem","position":2,"name":"Il Cammino Olvidado"}]},{"@type":"WebSite","@id":"https:\/\/www.pilgrim.es\/it\/#website","url":"https:\/\/www.pilgrim.es\/it\/","name":"Pilgrim","description":"Camino de Santiago | Caminamos Contigo","publisher":{"@id":"https:\/\/www.pilgrim.es\/it\/#organization"},"potentialAction":[{"@type":"SearchAction","target":{"@type":"EntryPoint","urlTemplate":"https:\/\/www.pilgrim.es\/it\/?s={search_term_string}"},"query-input":{"@type":"PropertyValueSpecification","valueRequired":true,"valueName":"search_term_string"}}],"inLanguage":"it-IT"},{"@type":"Organization","@id":"https:\/\/www.pilgrim.es\/it\/#organization","name":"Pilgrim Camino de Santiago","url":"https:\/\/www.pilgrim.es\/it\/","logo":{"@type":"ImageObject","inLanguage":"it-IT","@id":"https:\/\/www.pilgrim.es\/it\/#\/schema\/logo\/image\/","url":"https:\/\/www.pilgrim.es\/wp-content\/uploads\/2019\/04\/logo_pilgrim.png","contentUrl":"https:\/\/www.pilgrim.es\/wp-content\/uploads\/2019\/04\/logo_pilgrim.png","width":512,"height":512,"caption":"Pilgrim Camino de Santiago"},"image":{"@id":"https:\/\/www.pilgrim.es\/it\/#\/schema\/logo\/image\/"},"sameAs":["https:\/\/www.facebook.com\/pilgrim.es\/","https:\/\/x.com\/pilgrim_es","https:\/\/www.instagram.com\/pilgrim.es\/","https:\/\/www.linkedin.com\/company\/pilgrim-camino-de-santiago\/","https:\/\/www.pinterest.es\/pilgrimcaminodesantiago\/","https:\/\/www.youtube.com\/channel\/UCIv2ZzFLXVqthkNF32rKedw\/featured"]},{"@type":"Person","@id":"https:\/\/www.pilgrim.es\/it\/#\/schema\/person\/14d46e928a02bc9b20d435748438c3e0","name":"Pilgrim SEO","image":{"@type":"ImageObject","inLanguage":"it-IT","@id":"https:\/\/secure.gravatar.com\/avatar\/52a31ce4f1af059b5077e8c5aee5741b9dec86b4b6ee6b2a7e5aefc4ee670045?s=96&d=mm&r=g","url":"https:\/\/secure.gravatar.com\/avatar\/52a31ce4f1af059b5077e8c5aee5741b9dec86b4b6ee6b2a7e5aefc4ee670045?s=96&d=mm&r=g","contentUrl":"https:\/\/secure.gravatar.com\/avatar\/52a31ce4f1af059b5077e8c5aee5741b9dec86b4b6ee6b2a7e5aefc4ee670045?s=96&d=mm&r=g","caption":"Pilgrim SEO"}}]}},"_links":{"self":[{"href":"https:\/\/www.pilgrim.es\/it\/wp-json\/wp\/v2\/posts\/48612","targetHints":{"allow":["GET"]}}],"collection":[{"href":"https:\/\/www.pilgrim.es\/it\/wp-json\/wp\/v2\/posts"}],"about":[{"href":"https:\/\/www.pilgrim.es\/it\/wp-json\/wp\/v2\/types\/post"}],"author":[{"embeddable":true,"href":"https:\/\/www.pilgrim.es\/it\/wp-json\/wp\/v2\/users\/4"}],"replies":[{"embeddable":true,"href":"https:\/\/www.pilgrim.es\/it\/wp-json\/wp\/v2\/comments?post=48612"}],"version-history":[{"count":8,"href":"https:\/\/www.pilgrim.es\/it\/wp-json\/wp\/v2\/posts\/48612\/revisions"}],"predecessor-version":[{"id":136575,"href":"https:\/\/www.pilgrim.es\/it\/wp-json\/wp\/v2\/posts\/48612\/revisions\/136575"}],"wp:featuredmedia":[{"embeddable":true,"href":"https:\/\/www.pilgrim.es\/it\/wp-json\/wp\/v2\/media\/125739"}],"wp:attachment":[{"href":"https:\/\/www.pilgrim.es\/it\/wp-json\/wp\/v2\/media?parent=48612"}],"wp:term":[{"taxonomy":"category","embeddable":true,"href":"https:\/\/www.pilgrim.es\/it\/wp-json\/wp\/v2\/categories?post=48612"},{"taxonomy":"post_tag","embeddable":true,"href":"https:\/\/www.pilgrim.es\/it\/wp-json\/wp\/v2\/tags?post=48612"}],"curies":[{"name":"wp","href":"https:\/\/api.w.org\/{rel}","templated":true}]}}