{"id":48586,"date":"2019-10-30T13:09:25","date_gmt":"2019-10-30T13:09:25","guid":{"rendered":"https:\/\/prod.pilgrim.es\/cammino-di-santiago-estate\/"},"modified":"2025-06-09T08:36:37","modified_gmt":"2025-06-09T08:36:37","slug":"cammino-di-santiago-estate","status":"publish","type":"post","link":"https:\/\/www.pilgrim.es\/it\/cammino-di-santiago-estate\/","title":{"rendered":"Il Cammino di Santiago in Estate"},"content":{"rendered":"\n<div class=\"entry-content__introduction\">\n  <p>\n    Sono molte le persone che decidono di fare il pellegrinaggio cio\u00e9, il\n    <a href=\"\/\">Cammino di Santiago<\/a> <strong>in estate<\/strong>, sia per il\n    clima o perch\u00e9, per molte persone, coincide con la loro vacanza e sanno che\n    il modo migliore per goderle \u00e8 facendo la camminata verso la capitale\n    compostelana.\n  <\/p>\n  <h5>\n    INOLTRE TI POTREBBE INTERESSARE:\n    <a href=\"https:\/\/www.pilgrim.es\/organizar-el-camino-de-santiago\/\">CONSIGLI PER ORGANIZZARE IL CAMMINO DI SANTIAGO<\/a>\n  <\/h5>\n  <p>\n    \u00c8 vero che \u00e8 una delle epoche pi\u00f9 affollate, anche se questo non vuol dire\n    che sia\n    <a href=\"https:\/\/www.pilgrim.es\/mejor-epoca-del-ano-para-hacer-el-camino-de-santiago\/\">il momento migliore per fare il pellegrinaggio<\/a>, ce\n    ne sono altre e che possono arrivare ad offrire migliori condizioni per il\n    pellegrino.\n  <\/p>\n<\/div>\n<hr class=\"single-bar\" \/>\n<ul class=\"index\">\n  <span>Indice <\/span>\n  <li><a href=\"#Pros-Contras\">Pro e contro di fare il Cammino in Estate<\/a><\/li>\n  <li><a href=\"#Mejor-Ruta\">La miglior rotta in estate<\/a><\/li>\n  <li><a href=\"#Consejos\">Consigli<\/a><\/li>\n<\/ul>\n<hr class=\"single-bar\" \/>\n<div class=\"section-post\" id=\"Pros-Contras\">\n  <h2 id=\"Pros-Contras\">PRO E CONTRO DI FARE IL CAMMINO IN ESTATE<\/h2>\n  <h3>VANTAGGI<\/h3>\n  <ul>\n    <li>\n      <strong>Il Cammino ci lascia grandi amicizie:<\/strong> Incontrerai una\n      moltitudine di pellegrini sul Cammino che ti accompagneranno fino alla\n      fine e creerai legami difficili da rompere.\n    <\/li>\n    <li>\n      <strong>Pi\u00f9 giorni per Camminare:<\/strong> I giorni sono pi\u00f9 lunghi e c&#8217;\u00e9\n      pi\u00f9 luce per sfruttare e realizzare pi\u00f9 chilometri. Se sei coraggioso e\n      decidi di fare due tappe in una, avrai la luce praticamente tutto il\n      giorno.\n    <\/li>\n    <li>\n      <strong>Feste:<\/strong> L&#8217;estate ci lascia una\n      <a href=\"https:\/\/www.pilgrim.es\/platos-tipicos-camino-de-santiago-galicia\/\">moltitudine di feste<\/a> lungo le localit\u00e0 spagnole,\n      quindi non c&#8217;\u00e8 da meravigliarsi se si pu\u00f2 andare a qualche festa\n      importante e apprezzare la cultura locale.\n    <\/li>\n    <li>\n      <strong>Pi\u00f9 tempo per visitare:<\/strong>Potresti finire la tua fase e ci\n      sono ancora ore di luce per approfittare della giornata. Se hai forze,\n      potrai visitare le localit\u00e0 che troverai sul tuo Cammino e\n      <strong>apprezzare l&#8217;incredibile patrimonio culturale e storico<\/strong\n      >dei villaggi e delle citt\u00e0 del Camino de Santiago.\n    <\/li>\n    <li>\n      <strong>Meno peso da portare:<\/strong> In estate non ci sar\u00e0 bisogno di\n      avere cos\u00ec tanti utensili in modo che il vostro zaino pu\u00f2 essere pi\u00f9\n      leggero e andare meno carico.\n    <\/li>\n  <\/ul>\n  <h3>SVANTAGGI<\/h3>\n  <ul>\n    <li>\n      <strong>Molto affollato:<\/strong>Perch\u00e9 \u00e8 il periodo pi\u00f9 popolare per\n      realizzare il pellegrinaggio ovunque ci possiamo trovare, a seconda del\n      percorso, vi sar\u00e0 un vasto numero di pellegrini.\n    <\/li>\n    <li>\n      <strong>Molto caldo:<\/strong> \u00c8 vero che dipende dal percorso e\n      dall&#8217;altezza. Non \u00e8 la stessa cosa l&#8217;estate in Andalusia che l&#8217;estate\n      delle Asturie, ma tuttavia, di solito le temperature sono elevate fino a\n      provocare disidratazione o colpi di calore ai pellegrini.\n    <\/li>\n    <li>\n      <strong>Poco silenzio e tranquillit\u00e0:<\/strong>Essendo sovraffollato e in\n      coincidenza con una moltitudine di festivit\u00e0 sul Cammino, \u00e8 possibile che\n      ti imbatta in alcuni luoghi dove non puoi essere calmi e neppure non\n      riposare correttamente.\n    <\/li>\n    <li>\n      <strong>Alzati presto per assicurarti un posto:<\/strong> Negli ostelli\n      pubblici si ripartiscono posti a seconda dell&#8217;ora di arrivo e, essendo\n      cos\u00ec affollati, i posti tendono ad esaurirsi presto. Ecco perch\u00e9 ci sono\n      molte gare quando si arriva all&#8217;ostello e prenotare, quindi \u00e8 meglio\n      <a href=\"https:\/\/www.pilgrim.es\/it\/pianificare\/\">pianificare il vostro cammino<\/a> e avere i\n      vostri posti in alloggi prenotati.\n    <\/li>\n  <\/ul>\n<\/div>\n<div class=\"section-post\" id=\"Mejor-Ruta\">\n  <h2 id=\"Mejor-Ruta\">LA MIGLIOR ROTTA DEL CAMMINO DI SANTIAGO IN ESTATE<\/h2>\n  <p>\n    Il Cammino di Santiago ci lascia una vasta gamma di possibilit\u00e0 di percorsi\n    per raggiungere la <a href=\"https:\/\/www.pilgrim.es\/it\/pianificare\/la-cattedrale-di-santiago\/\">Cattedrale di Santiago<\/a> di\n    Compostela. Tuttavia, se volete realizzare il Cammino in estate\n    <strong>dovrete evitare alcune rotte<\/strong>che possono diventare molto\n    difficili.\n  <\/p>\n  <p>\n    Dobbiamo <strong>evitare i Cammini pi\u00f9 interni<\/strong> del territorio\n    spagnolo, cos\u00ec come quelli provenienti dal sud.\n  <\/p>\n  <p>\n    \u00c9 in questo periodo che , in questi luoghi, la temperatura possono essere\n    elevate provocando colpi di calore o svenimenti per alcuni pellegrini.\n  <\/p>\n  <p>\n    Per questo potremmo <strong>lasciare in minor considerazione<\/strong>, al\n    momento della <a href=\"https:\/\/www.pilgrim.es\/ruta-elegir-camino-santiago\/\">la scelta del nostro Cammino<\/a>, rotte\n    come la <a href=\"https:\/\/www.pilgrim.es\/it\/via-plata\/\">V\u00eda della Plata<\/a>, poich\u00e9 proviene\n    dall&#8217;Andalusia con temperature molto elevate, o\n    <strong>altre rotte secondarie<\/strong> che attraversano per l&#8217;interno della\n    Spagna (Madrid, Castilla la Mancha\u2026) che oltre al caldo, ci offriranno\n    ,ombre per ripararci abitualmente\n  <\/p>\n  <p>\n    \u00c8 per questo che <strong>la strada migliore per il pellegrinaggio<\/strong> \u00e8\n    quella che attraversa vicino al mare o nella parte settentrionale del\n    territorio spagnolo per le sue temperature pi\u00f9 basse.\n  <\/p>\n  <p>\n    Realizzare il Cammino accompagnato dalla brezza del mare o con temperature\n    piacevoli pu\u00f2 arrivare a darci quella calma e quel in pi\u00fa che veramente\n    cerchiamo.\n  <\/p>\n  <p>\n    Questo ci pu\u00f2 offrire rotte come il\n    <a href=\"https:\/\/www.pilgrim.es\/it\/cammino-nord\/\">Cammino del Nord,<\/a> la maggior parte del\n    percorso \u00e8 accompagnato dalla costa del Mar Cantabrico, o la\n    <strong>Cammino Portoghese per la Costa<\/strong>che, anche se si trova pi\u00f9 a\n    sud, la brezza del mare ci aiuta a proseguire.\n  <\/p>\n<\/div>\n<div class=\"section-post\" id=\"Consejos\">\n  <h2 id=\"Consejos\">CONSIGLI VARI<\/h2>\n  <h3>PREPARAZIONE FISICA<\/h3>\n  <p>\n    Dobbiamo tener conto delle temperature e del pellegrinaggio che faranno ,\n    secondo queste condizioni dobbiamo realizzare\n    <a href=\"https:\/\/www.pilgrim.es\/it\/preparazione-fisica-cammino-santiago\/\">una preparazione fisica<\/a> pi\u00f9 o meno dura.\n  <\/p>\n  <p>\n    Come regola generale per effettuare una buona preparazione fisica dobbiamo\n    <strong>allenare i 3 mesi precedenti,<\/strong> a partire dal primo mese con\n    brevi passeggiate da fare, poco prima di iniziare l&#8217;avventura, passeggiate\n    simili a quelle che faremo.\n  <\/p>\n  <p>\n    Per <strong>rendere pi\u00f9 realistico l&#8217;allenamento<\/strong>, \u00e8 consigliabile\n    portare con noi l&#8217;equipaggiamento e le scarpe che useremo per abituarci al\n    nostro peso e comfort.\n  <\/p>\n  <h3>IDRATAZIONE<\/h3>\n  <p>\n    In piena estate non possiamo permetterci il lusso di non avere acqua durante\n    il nostro pellegrinaggio.\n  <\/p>\n  <p>\n    Dobbiamo portare una borraccia o\n    <strong>qualsiasi contenitore sempre pieno<\/strong>, in ogni possibile sosta\n    per riempirla dobbiamo approfittarne, chi sa dove sar\u00e0 la prossima occasione\n    di riempirla.\n  <\/p>\n  <p>\n    Ogni mezz&#8217;ora \u00e8 consigliabile bere per idratarci correttamente, \u00e8 un punto\n    chiave per non svenire durante il Cammino.\n  <\/p>\n  <h3>FARE IL CAMMINO DI SANTIAGO IN KAYAK<\/h3>\n  <p>\n    Prendere un kayak e navigare nei <em>&#8220;Fiumi Baixas&#8221;<\/em> galiziani\n    apprezzando il Cammino da un&#8217;altra prospettiva pi\u00f9 rinfrescante e che ci\n    offre una gastronomia spettacolare.\n  <\/p>\n  <p>\n    Suona bene vero? Questo \u00e8 ci\u00f2 che sperimenteresti se decidessi di realizzare\n    il <a href=\"https:\/\/www.pilgrim.es\/camino-santiago-kayak-otra-forma-peregrinar\/\">Cammino di Santiago in kayak<\/a>, perch\u00e9 \u00e8 un nuovo\n    modo per fare il pellegrinaggio attraverso l&#8217;ultimo tracciato che ha\n    percorso i resti dell&#8217;<a href=\"https:\/\/www.pilgrim.es\/it\/pianificare\/giacomo-apostolo\/\">apostolo Giacomo<\/a>\n    attraverso il mare.\n  <\/p>\n  <h3>COSA PORTARE PER FARE IL CAMMINO DI SANTIAGO IN ESTATE<\/h3>\n  <ul>\n    <li>\n      <strong>Scarpe:<\/strong> Ie<a href=\"https:\/\/www.pilgrim.es\/it\/che-scarpe-sono-adeguate-per-il-cammino-di-santiago\/\">migliori scarpe<\/a> per\n      fare il Cammino sono le <strong>scarpe da trekking<\/strong> o, in\n      mancanza, sandali chiusi.\n    <\/li>\n    <li>\n      <strong>Zaino:<\/strong> A causa delle buone temperature e delle condizioni\n      climatiche non \u00e8 necessario caricare un sacco di peso in modo da\n      <a href=\"https:\/\/www.pilgrim.es\/it\/che-metto-nello-zaino-per-fare-il-cammino-di-santiago\/\">portare uno zaino<\/a> da 35 litri o 40 litri, dovrebbe\n      essere sufficiente.\n    <\/li>\n    <li>\n      <strong>Vestiti:<\/strong> Indossare vestiti diversi per prevenire non \u00e8\n      mai male. Tuttavia, tieni a mente che potrai effettuare il bucato durante\n      il tuo Cammino in modo da non caricare pi\u00f9 peso. Inoltre, al tuo arrivo a\n      Santiago, da Pilgrim ti offriamo la possibilit\u00e0 di\n      <a href=\"https:\/\/www.pilgrim.es\/it\/servizi\/servizo-di-lavanderia\/\">fare il bucato<\/a> e di tornare a casa tutto\n      pulito.\n    <\/li>\n  <\/ul>\n  <p>\n    Speriamo che queste informazioni sul Cammino di Santiago in estate vi\n    abbiano aiutato. Ricordati che con <strong>Pilgrim<\/strong> il vostro\n    cammino sar\u00e0 sempre pianificato nel modo migliore per voi, quindi dovrete\n    solo preoccuparvi di camminare.\n  <\/p>\n  <p>\n    <strong><em>Pellegrini Ultreia!<\/em><\/strong>\n  <\/p>\n<\/div>\n\n","protected":false},"excerpt":{"rendered":"<p>Sono molte le persone che decidono di fare il pellegrinaggio cio\u00e9, il Cammino di Santiago in estate, sia per il clima o perch\u00e9, per molte persone, coincide con la loro vacanza e sanno che il modo migliore per goderle \u00e8 facendo la camminata verso la capitale compostelana.<\/p>\n","protected":false},"author":4,"featured_media":125766,"comment_status":"open","ping_status":"closed","sticky":false,"template":"","format":"standard","meta":{"footnotes":""},"categories":[39],"tags":[],"class_list":["post-48586","post","type-post","status-publish","format-standard","has-post-thumbnail","hentry","category-informazioni-base"],"yoast_head":"<!-- This site is optimized with the Yoast SEO plugin v27.4 - https:\/\/yoast.com\/product\/yoast-seo-wordpress\/ -->\n<title>\u25b7Il Cammino di Santiago in Estate | La Miglior Tappa e Consigli | Pilgrim<\/title>\n<meta name=\"description\" content=\"|||\u27a4 Scopri i migliori consigli sul Cammino di Santiago in Estate e quali percorsi sono i migliori per il pellegrinaggio senza inconvenienti in questa stagione dell&#039;anno.\" \/>\n<meta name=\"robots\" content=\"index, follow, max-snippet:-1, max-image-preview:large, max-video-preview:-1\" \/>\n<link rel=\"canonical\" href=\"https:\/\/www.pilgrim.es\/it\/cammino-di-santiago-estate\/\" \/>\n<meta property=\"og:locale\" content=\"it_IT\" \/>\n<meta property=\"og:type\" content=\"article\" \/>\n<meta property=\"og:title\" content=\"\u25b7Il Cammino di Santiago in Estate | La Miglior Tappa e Consigli | Pilgrim\" \/>\n<meta property=\"og:description\" content=\"|||\u27a4 Scopri i migliori consigli sul Cammino di Santiago in Estate e quali percorsi sono i migliori per il pellegrinaggio senza inconvenienti in questa stagione dell&#039;anno.\" \/>\n<meta property=\"og:url\" content=\"https:\/\/www.pilgrim.es\/it\/cammino-di-santiago-estate\/\" \/>\n<meta property=\"og:site_name\" content=\"Pilgrim\" \/>\n<meta property=\"article:publisher\" content=\"https:\/\/www.facebook.com\/pilgrim.es\/\" \/>\n<meta property=\"article:published_time\" content=\"2019-10-30T13:09:25+00:00\" \/>\n<meta property=\"article:modified_time\" content=\"2025-06-09T08:36:37+00:00\" \/>\n<meta property=\"og:image\" content=\"https:\/\/www.pilgrim.es\/wp-content\/uploads\/2019\/04\/camino-de-santiago-en-verano-2.jpg\" \/>\n\t<meta property=\"og:image:width\" content=\"1000\" \/>\n\t<meta property=\"og:image:height\" content=\"666\" \/>\n\t<meta property=\"og:image:type\" content=\"image\/jpeg\" \/>\n<meta name=\"author\" content=\"Pilgrim SEO\" \/>\n<meta name=\"twitter:card\" content=\"summary_large_image\" \/>\n<meta name=\"twitter:creator\" content=\"@pilgrim_es\" \/>\n<meta name=\"twitter:site\" content=\"@pilgrim_es\" \/>\n<meta name=\"twitter:label1\" content=\"Scritto da\" \/>\n\t<meta name=\"twitter:data1\" content=\"Pilgrim SEO\" \/>\n\t<meta name=\"twitter:label2\" content=\"Tempo di lettura stimato\" \/>\n\t<meta name=\"twitter:data2\" content=\"5 minuti\" \/>\n<script type=\"application\/ld+json\" class=\"yoast-schema-graph\">{\"@context\":\"https:\\\/\\\/schema.org\",\"@graph\":[{\"@type\":\"Article\",\"@id\":\"https:\\\/\\\/www.pilgrim.es\\\/it\\\/cammino-di-santiago-estate\\\/#article\",\"isPartOf\":{\"@id\":\"https:\\\/\\\/www.pilgrim.es\\\/it\\\/cammino-di-santiago-estate\\\/\"},\"author\":{\"name\":\"Pilgrim SEO\",\"@id\":\"https:\\\/\\\/www.pilgrim.es\\\/it\\\/#\\\/schema\\\/person\\\/14d46e928a02bc9b20d435748438c3e0\"},\"headline\":\"Il Cammino di Santiago in Estate\",\"datePublished\":\"2019-10-30T13:09:25+00:00\",\"dateModified\":\"2025-06-09T08:36:37+00:00\",\"mainEntityOfPage\":{\"@id\":\"https:\\\/\\\/www.pilgrim.es\\\/it\\\/cammino-di-santiago-estate\\\/\"},\"wordCount\":1048,\"commentCount\":0,\"publisher\":{\"@id\":\"https:\\\/\\\/www.pilgrim.es\\\/it\\\/#organization\"},\"image\":{\"@id\":\"https:\\\/\\\/www.pilgrim.es\\\/it\\\/cammino-di-santiago-estate\\\/#primaryimage\"},\"thumbnailUrl\":\"https:\\\/\\\/www.pilgrim.es\\\/wp-content\\\/uploads\\\/2019\\\/04\\\/camino-de-santiago-en-verano-2.jpg\",\"articleSection\":[\"Informazioni base\"],\"inLanguage\":\"it-IT\",\"potentialAction\":[{\"@type\":\"CommentAction\",\"name\":\"Comment\",\"target\":[\"https:\\\/\\\/www.pilgrim.es\\\/it\\\/cammino-di-santiago-estate\\\/#respond\"]}]},{\"@type\":\"WebPage\",\"@id\":\"https:\\\/\\\/www.pilgrim.es\\\/it\\\/cammino-di-santiago-estate\\\/\",\"url\":\"https:\\\/\\\/www.pilgrim.es\\\/it\\\/cammino-di-santiago-estate\\\/\",\"name\":\"\u25b7Il Cammino di Santiago in Estate | La Miglior Tappa e Consigli | Pilgrim\",\"isPartOf\":{\"@id\":\"https:\\\/\\\/www.pilgrim.es\\\/it\\\/#website\"},\"primaryImageOfPage\":{\"@id\":\"https:\\\/\\\/www.pilgrim.es\\\/it\\\/cammino-di-santiago-estate\\\/#primaryimage\"},\"image\":{\"@id\":\"https:\\\/\\\/www.pilgrim.es\\\/it\\\/cammino-di-santiago-estate\\\/#primaryimage\"},\"thumbnailUrl\":\"https:\\\/\\\/www.pilgrim.es\\\/wp-content\\\/uploads\\\/2019\\\/04\\\/camino-de-santiago-en-verano-2.jpg\",\"datePublished\":\"2019-10-30T13:09:25+00:00\",\"dateModified\":\"2025-06-09T08:36:37+00:00\",\"description\":\"|||\u27a4 Scopri i migliori consigli sul Cammino di Santiago in Estate e quali percorsi sono i migliori per il pellegrinaggio senza inconvenienti in questa stagione dell'anno.\",\"breadcrumb\":{\"@id\":\"https:\\\/\\\/www.pilgrim.es\\\/it\\\/cammino-di-santiago-estate\\\/#breadcrumb\"},\"inLanguage\":\"it-IT\",\"potentialAction\":[{\"@type\":\"ReadAction\",\"target\":[\"https:\\\/\\\/www.pilgrim.es\\\/it\\\/cammino-di-santiago-estate\\\/\"]}]},{\"@type\":\"ImageObject\",\"inLanguage\":\"it-IT\",\"@id\":\"https:\\\/\\\/www.pilgrim.es\\\/it\\\/cammino-di-santiago-estate\\\/#primaryimage\",\"url\":\"https:\\\/\\\/www.pilgrim.es\\\/wp-content\\\/uploads\\\/2019\\\/04\\\/camino-de-santiago-en-verano-2.jpg\",\"contentUrl\":\"https:\\\/\\\/www.pilgrim.es\\\/wp-content\\\/uploads\\\/2019\\\/04\\\/camino-de-santiago-en-verano-2.jpg\",\"width\":1000,\"height\":666},{\"@type\":\"BreadcrumbList\",\"@id\":\"https:\\\/\\\/www.pilgrim.es\\\/it\\\/cammino-di-santiago-estate\\\/#breadcrumb\",\"itemListElement\":[{\"@type\":\"ListItem\",\"position\":1,\"name\":\"Camino de Santiago\",\"item\":\"https:\\\/\\\/www.pilgrim.es\\\/it\\\/\"},{\"@type\":\"ListItem\",\"position\":2,\"name\":\"Il Cammino di Santiago in Estate\"}]},{\"@type\":\"WebSite\",\"@id\":\"https:\\\/\\\/www.pilgrim.es\\\/it\\\/#website\",\"url\":\"https:\\\/\\\/www.pilgrim.es\\\/it\\\/\",\"name\":\"Pilgrim\",\"description\":\"Camino de Santiago | Caminamos Contigo\",\"publisher\":{\"@id\":\"https:\\\/\\\/www.pilgrim.es\\\/it\\\/#organization\"},\"potentialAction\":[{\"@type\":\"SearchAction\",\"target\":{\"@type\":\"EntryPoint\",\"urlTemplate\":\"https:\\\/\\\/www.pilgrim.es\\\/it\\\/?s={search_term_string}\"},\"query-input\":{\"@type\":\"PropertyValueSpecification\",\"valueRequired\":true,\"valueName\":\"search_term_string\"}}],\"inLanguage\":\"it-IT\"},{\"@type\":\"Organization\",\"@id\":\"https:\\\/\\\/www.pilgrim.es\\\/it\\\/#organization\",\"name\":\"Pilgrim Camino de Santiago\",\"url\":\"https:\\\/\\\/www.pilgrim.es\\\/it\\\/\",\"logo\":{\"@type\":\"ImageObject\",\"inLanguage\":\"it-IT\",\"@id\":\"https:\\\/\\\/www.pilgrim.es\\\/it\\\/#\\\/schema\\\/logo\\\/image\\\/\",\"url\":\"https:\\\/\\\/www.pilgrim.es\\\/wp-content\\\/uploads\\\/2019\\\/04\\\/logo_pilgrim.png\",\"contentUrl\":\"https:\\\/\\\/www.pilgrim.es\\\/wp-content\\\/uploads\\\/2019\\\/04\\\/logo_pilgrim.png\",\"width\":512,\"height\":512,\"caption\":\"Pilgrim Camino de Santiago\"},\"image\":{\"@id\":\"https:\\\/\\\/www.pilgrim.es\\\/it\\\/#\\\/schema\\\/logo\\\/image\\\/\"},\"sameAs\":[\"https:\\\/\\\/www.facebook.com\\\/pilgrim.es\\\/\",\"https:\\\/\\\/x.com\\\/pilgrim_es\",\"https:\\\/\\\/www.instagram.com\\\/pilgrim.es\\\/\",\"https:\\\/\\\/www.linkedin.com\\\/company\\\/pilgrim-camino-de-santiago\\\/\",\"https:\\\/\\\/www.pinterest.es\\\/pilgrimcaminodesantiago\\\/\",\"https:\\\/\\\/www.youtube.com\\\/channel\\\/UCIv2ZzFLXVqthkNF32rKedw\\\/featured\"]},{\"@type\":\"Person\",\"@id\":\"https:\\\/\\\/www.pilgrim.es\\\/it\\\/#\\\/schema\\\/person\\\/14d46e928a02bc9b20d435748438c3e0\",\"name\":\"Pilgrim SEO\",\"image\":{\"@type\":\"ImageObject\",\"inLanguage\":\"it-IT\",\"@id\":\"https:\\\/\\\/secure.gravatar.com\\\/avatar\\\/52a31ce4f1af059b5077e8c5aee5741b9dec86b4b6ee6b2a7e5aefc4ee670045?s=96&d=mm&r=g\",\"url\":\"https:\\\/\\\/secure.gravatar.com\\\/avatar\\\/52a31ce4f1af059b5077e8c5aee5741b9dec86b4b6ee6b2a7e5aefc4ee670045?s=96&d=mm&r=g\",\"contentUrl\":\"https:\\\/\\\/secure.gravatar.com\\\/avatar\\\/52a31ce4f1af059b5077e8c5aee5741b9dec86b4b6ee6b2a7e5aefc4ee670045?s=96&d=mm&r=g\",\"caption\":\"Pilgrim SEO\"}}]}<\/script>\n<!-- \/ Yoast SEO plugin. -->","yoast_head_json":{"title":"\u25b7Il Cammino di Santiago in Estate | La Miglior Tappa e Consigli | Pilgrim","description":"|||\u27a4 Scopri i migliori consigli sul Cammino di Santiago in Estate e quali percorsi sono i migliori per il pellegrinaggio senza inconvenienti in questa stagione dell'anno.","robots":{"index":"index","follow":"follow","max-snippet":"max-snippet:-1","max-image-preview":"max-image-preview:large","max-video-preview":"max-video-preview:-1"},"canonical":"https:\/\/www.pilgrim.es\/it\/cammino-di-santiago-estate\/","og_locale":"it_IT","og_type":"article","og_title":"\u25b7Il Cammino di Santiago in Estate | La Miglior Tappa e Consigli | Pilgrim","og_description":"|||\u27a4 Scopri i migliori consigli sul Cammino di Santiago in Estate e quali percorsi sono i migliori per il pellegrinaggio senza inconvenienti in questa stagione dell'anno.","og_url":"https:\/\/www.pilgrim.es\/it\/cammino-di-santiago-estate\/","og_site_name":"Pilgrim","article_publisher":"https:\/\/www.facebook.com\/pilgrim.es\/","article_published_time":"2019-10-30T13:09:25+00:00","article_modified_time":"2025-06-09T08:36:37+00:00","og_image":[{"width":1000,"height":666,"url":"https:\/\/www.pilgrim.es\/wp-content\/uploads\/2019\/04\/camino-de-santiago-en-verano-2.jpg","type":"image\/jpeg"}],"author":"Pilgrim SEO","twitter_card":"summary_large_image","twitter_creator":"@pilgrim_es","twitter_site":"@pilgrim_es","twitter_misc":{"Scritto da":"Pilgrim SEO","Tempo di lettura stimato":"5 minuti"},"schema":{"@context":"https:\/\/schema.org","@graph":[{"@type":"Article","@id":"https:\/\/www.pilgrim.es\/it\/cammino-di-santiago-estate\/#article","isPartOf":{"@id":"https:\/\/www.pilgrim.es\/it\/cammino-di-santiago-estate\/"},"author":{"name":"Pilgrim SEO","@id":"https:\/\/www.pilgrim.es\/it\/#\/schema\/person\/14d46e928a02bc9b20d435748438c3e0"},"headline":"Il Cammino di Santiago in Estate","datePublished":"2019-10-30T13:09:25+00:00","dateModified":"2025-06-09T08:36:37+00:00","mainEntityOfPage":{"@id":"https:\/\/www.pilgrim.es\/it\/cammino-di-santiago-estate\/"},"wordCount":1048,"commentCount":0,"publisher":{"@id":"https:\/\/www.pilgrim.es\/it\/#organization"},"image":{"@id":"https:\/\/www.pilgrim.es\/it\/cammino-di-santiago-estate\/#primaryimage"},"thumbnailUrl":"https:\/\/www.pilgrim.es\/wp-content\/uploads\/2019\/04\/camino-de-santiago-en-verano-2.jpg","articleSection":["Informazioni base"],"inLanguage":"it-IT","potentialAction":[{"@type":"CommentAction","name":"Comment","target":["https:\/\/www.pilgrim.es\/it\/cammino-di-santiago-estate\/#respond"]}]},{"@type":"WebPage","@id":"https:\/\/www.pilgrim.es\/it\/cammino-di-santiago-estate\/","url":"https:\/\/www.pilgrim.es\/it\/cammino-di-santiago-estate\/","name":"\u25b7Il Cammino di Santiago in Estate | La Miglior Tappa e Consigli | Pilgrim","isPartOf":{"@id":"https:\/\/www.pilgrim.es\/it\/#website"},"primaryImageOfPage":{"@id":"https:\/\/www.pilgrim.es\/it\/cammino-di-santiago-estate\/#primaryimage"},"image":{"@id":"https:\/\/www.pilgrim.es\/it\/cammino-di-santiago-estate\/#primaryimage"},"thumbnailUrl":"https:\/\/www.pilgrim.es\/wp-content\/uploads\/2019\/04\/camino-de-santiago-en-verano-2.jpg","datePublished":"2019-10-30T13:09:25+00:00","dateModified":"2025-06-09T08:36:37+00:00","description":"|||\u27a4 Scopri i migliori consigli sul Cammino di Santiago in Estate e quali percorsi sono i migliori per il pellegrinaggio senza inconvenienti in questa stagione dell'anno.","breadcrumb":{"@id":"https:\/\/www.pilgrim.es\/it\/cammino-di-santiago-estate\/#breadcrumb"},"inLanguage":"it-IT","potentialAction":[{"@type":"ReadAction","target":["https:\/\/www.pilgrim.es\/it\/cammino-di-santiago-estate\/"]}]},{"@type":"ImageObject","inLanguage":"it-IT","@id":"https:\/\/www.pilgrim.es\/it\/cammino-di-santiago-estate\/#primaryimage","url":"https:\/\/www.pilgrim.es\/wp-content\/uploads\/2019\/04\/camino-de-santiago-en-verano-2.jpg","contentUrl":"https:\/\/www.pilgrim.es\/wp-content\/uploads\/2019\/04\/camino-de-santiago-en-verano-2.jpg","width":1000,"height":666},{"@type":"BreadcrumbList","@id":"https:\/\/www.pilgrim.es\/it\/cammino-di-santiago-estate\/#breadcrumb","itemListElement":[{"@type":"ListItem","position":1,"name":"Camino de Santiago","item":"https:\/\/www.pilgrim.es\/it\/"},{"@type":"ListItem","position":2,"name":"Il Cammino di Santiago in Estate"}]},{"@type":"WebSite","@id":"https:\/\/www.pilgrim.es\/it\/#website","url":"https:\/\/www.pilgrim.es\/it\/","name":"Pilgrim","description":"Camino de Santiago | Caminamos Contigo","publisher":{"@id":"https:\/\/www.pilgrim.es\/it\/#organization"},"potentialAction":[{"@type":"SearchAction","target":{"@type":"EntryPoint","urlTemplate":"https:\/\/www.pilgrim.es\/it\/?s={search_term_string}"},"query-input":{"@type":"PropertyValueSpecification","valueRequired":true,"valueName":"search_term_string"}}],"inLanguage":"it-IT"},{"@type":"Organization","@id":"https:\/\/www.pilgrim.es\/it\/#organization","name":"Pilgrim Camino de Santiago","url":"https:\/\/www.pilgrim.es\/it\/","logo":{"@type":"ImageObject","inLanguage":"it-IT","@id":"https:\/\/www.pilgrim.es\/it\/#\/schema\/logo\/image\/","url":"https:\/\/www.pilgrim.es\/wp-content\/uploads\/2019\/04\/logo_pilgrim.png","contentUrl":"https:\/\/www.pilgrim.es\/wp-content\/uploads\/2019\/04\/logo_pilgrim.png","width":512,"height":512,"caption":"Pilgrim Camino de Santiago"},"image":{"@id":"https:\/\/www.pilgrim.es\/it\/#\/schema\/logo\/image\/"},"sameAs":["https:\/\/www.facebook.com\/pilgrim.es\/","https:\/\/x.com\/pilgrim_es","https:\/\/www.instagram.com\/pilgrim.es\/","https:\/\/www.linkedin.com\/company\/pilgrim-camino-de-santiago\/","https:\/\/www.pinterest.es\/pilgrimcaminodesantiago\/","https:\/\/www.youtube.com\/channel\/UCIv2ZzFLXVqthkNF32rKedw\/featured"]},{"@type":"Person","@id":"https:\/\/www.pilgrim.es\/it\/#\/schema\/person\/14d46e928a02bc9b20d435748438c3e0","name":"Pilgrim SEO","image":{"@type":"ImageObject","inLanguage":"it-IT","@id":"https:\/\/secure.gravatar.com\/avatar\/52a31ce4f1af059b5077e8c5aee5741b9dec86b4b6ee6b2a7e5aefc4ee670045?s=96&d=mm&r=g","url":"https:\/\/secure.gravatar.com\/avatar\/52a31ce4f1af059b5077e8c5aee5741b9dec86b4b6ee6b2a7e5aefc4ee670045?s=96&d=mm&r=g","contentUrl":"https:\/\/secure.gravatar.com\/avatar\/52a31ce4f1af059b5077e8c5aee5741b9dec86b4b6ee6b2a7e5aefc4ee670045?s=96&d=mm&r=g","caption":"Pilgrim SEO"}}]}},"_links":{"self":[{"href":"https:\/\/www.pilgrim.es\/it\/wp-json\/wp\/v2\/posts\/48586","targetHints":{"allow":["GET"]}}],"collection":[{"href":"https:\/\/www.pilgrim.es\/it\/wp-json\/wp\/v2\/posts"}],"about":[{"href":"https:\/\/www.pilgrim.es\/it\/wp-json\/wp\/v2\/types\/post"}],"author":[{"embeddable":true,"href":"https:\/\/www.pilgrim.es\/it\/wp-json\/wp\/v2\/users\/4"}],"replies":[{"embeddable":true,"href":"https:\/\/www.pilgrim.es\/it\/wp-json\/wp\/v2\/comments?post=48586"}],"version-history":[{"count":4,"href":"https:\/\/www.pilgrim.es\/it\/wp-json\/wp\/v2\/posts\/48586\/revisions"}],"predecessor-version":[{"id":97353,"href":"https:\/\/www.pilgrim.es\/it\/wp-json\/wp\/v2\/posts\/48586\/revisions\/97353"}],"wp:featuredmedia":[{"embeddable":true,"href":"https:\/\/www.pilgrim.es\/it\/wp-json\/wp\/v2\/media\/125766"}],"wp:attachment":[{"href":"https:\/\/www.pilgrim.es\/it\/wp-json\/wp\/v2\/media?parent=48586"}],"wp:term":[{"taxonomy":"category","embeddable":true,"href":"https:\/\/www.pilgrim.es\/it\/wp-json\/wp\/v2\/categories?post=48586"},{"taxonomy":"post_tag","embeddable":true,"href":"https:\/\/www.pilgrim.es\/it\/wp-json\/wp\/v2\/tags?post=48586"}],"curies":[{"name":"wp","href":"https:\/\/api.w.org\/{rel}","templated":true}]}}