{"id":47093,"date":"2019-09-30T11:39:30","date_gmt":"2019-09-30T11:39:30","guid":{"rendered":"https:\/\/prod.pilgrim.es\/cammino-di-santiago-dopo-ponferrada\/"},"modified":"2025-06-09T08:49:26","modified_gmt":"2025-06-09T08:49:26","slug":"cammino-di-santiago-dopo-ponferrada","status":"publish","type":"post","link":"https:\/\/www.pilgrim.es\/it\/cammino-di-santiago-dopo-ponferrada\/","title":{"rendered":"Il Cammino di Santiago da Ponferrada"},"content":{"rendered":"\n<div class=\"entry-content__introduction\">\n\tNel nord della Spagna, dopo Roncesvalles e Sarria, <strong>Ponferrada \u00e9 uno dei punto di inizio pi\u00fa comuni<\/strong>\n\tper quelli che realizzano il <a href=\"https:\/\/www.pilgrim.es\/it\/cammini\/\">Cammino di Santiago<\/a>.\n\t<h5>INOLTRE TI POTREBBE INTERESSARE: <a href=\"https:\/\/www.pilgrim.es\/it\/cammino-di-santiago-da-sarria\/\">CAMMINO FRANCESE DA SARRIA<\/a><\/h5>\n\tI vantaggi di iniziare il tuo percorso da Ponferrada sono,per esempio,poter <strong>scegliere tra i due cammini,il\n\t\tFrancese e quello d&#8217;Inverno,<\/strong>inoltre la sua distanza \u00e9 di 200 km da Santiago, il che lo rende il punto\n\tdi partenza perfetto per coloro che si incoraggiano a fare il loro <a href=\"https:\/\/www.pilgrim.es\/it\/pianificare\/cammino-santiago-bicicletta\/\">pellegrinaggio in\n\t\tbicicletta<\/a>.\n\n\tDa Pilgrim,<strong>ti diremo quello che devi sapere<\/strong> su questa citt\u00e0 cos\u00ec che tu decida di iniziare la tua\n\tavventura da qui e di realizzare il Cammino che preferisci.\n<\/div>\n<hr class=\"single-bar\">\n<ul><span>\u00cdndice<\/span>\n\t<li><a href=\"#por-que\">Perch\u00e9 da Ponferrada<\/a><\/li>\n\t<li><a href=\"#etapas\">Tappa<\/a>\n\t\t<ul>\n\t\t\t<li><a href=\"#camino-frances\">Cammino Francese<\/a><\/li>\n\t\t\t<li><a href=\"#camino-invierno\">Cammino d&#8217;Inverno<\/a><\/li>\n\t\t<\/ul>\n\t<\/li>\n\t<li><a href=\"#dormir\">Dove dormire<\/a><\/li>\n\t<li><a href=\"#comer\">Dove mangiare<\/a><\/li>\n\t<li><a href=\"#credencial\">La Credenziale<\/a><\/li>\n\t<li><a href=\"#pois\">Punti d&#8217;interesse<\/a><\/li>\n<\/ul>\n<hr class=\"single-bar\">\n<div id=\"perche-da-ponferrada\" class=\"section-post\">\n\t<h2 id=\"por-que\">Perch\u00e9 da Ponferrada<\/h2>\n\tPonferrada \u00e9 la citt\u00e1 di origine medievale legata fin dall&#8217;inizio alla capitale compostelana grazie al Cammino di\n\tSantiago. I suoi pi\u00f9 di 200 km di distanza la rendono un punto di partenza ideale sia per i pellegrini che per i\n\tbicigrini, poich\u00e9 questa \u00e8 la distanza minima per poter raggiungere\u00a0<a style=\"font-size: 1rem;color: #a7bc2f\"\n\t\thref=\"https:\/\/www.pilgrim.es\/it\/pianificare\/la-compostela\/\">la Compostela<\/a><span style=\"font-size: 1rem\">\u00a0percorrendo il Cammino in\n\t\tbicicletta.<\/span>\n\n\tQuesta citt\u00e1 con pi\u00fa di 66.000 abitanti \u00a0ha inoltre buoni collegamenti, grazie alla A-6 che unisce A Coru\u00f1a e\n\tMadrid, o le loro stazioni di autobus e treni. L&#8217;aeroporto pi\u00f9\n\tvicino \u00e8 quello di Leon, a circa 2 ore di distanza.\n\n\tInoltre, a seconda del<a href=\"https:\/\/www.pilgrim.es\/mejor-epoca-del-ano-para-hacer-el-camino-de-santiago\/\"> periodo dell&#8217;anno <\/a>\u00a0in cui vuoi fare la strada, o semplicemente a\n\tseconda dei tuoi gusti, avrai<strong> due opzioni principali<\/strong>: il vivace Cammino Francese o l&#8217;alternativo\n\tCammino d&#8217;Inverno, che collega il Sanabr\u00e9s al suo passaggio attraverso Lal\u00edn, prima di arrivare a Santiago.\n\n\tTi diamo\u00a0 pi\u00f9\n\tdettagli di seguito secondo le tappe che compongono ciascuno di essi.\n\n\tTi daremo <span style=\"font-size: 1rem\">\u00a0pi\u00f9 <\/span>dettagli successivi secondo le tappe che compongono ciascuno di\n\tessi.\n<\/div>\n<div id=\"camminofrancese\" class=\"section-post\">\n\t<h2 id=\"etapas\">Cammino\n\t\tFrancese<\/h2>\n\tSe \u00e8 la prima volta che fate il Cammino di Santiago, sicuramente state pensando di optare per il <a\n\t\thref=\"https:\/\/www.pilgrim.es\/it\/cammino-francese\/\">Cammino Francese<\/a>: \u00e8 <strong>il percorso pi\u00f9 conosciuto e che ha pi\u00f9 ostelli e\n\t\tservizi.<\/strong>\n\n\tTi assicuriamo che, sul Cammino Francese, non sarai mai solo perch\u00e9 \u00e8 il pi\u00f9 trafficato di tutti, specialmente dopo\n\tla Sarria e durante l&#8217;estate. Infatti, <strong>se hai intenzione di vivere questa esperienza ad agosto<\/strong>, ti\n\tconviene cercare un&#8217;alternativa, perch\u00e9 gli ostelli di questa strada saranno abbastanza completi e dovrete alzarvi\n\tpresto per avere un letto disponibile in uno di loro.\n\n\tAnche se puoi sempre \u00a0<a href=\"https:\/\/www.pilgrim.es\/it\/pianificare\/\">pianificare il tuo Cammino<\/a>\u00a0in anticipo e assicurarti di avere\n\tsempre i tuoi alloggi confermati prima dell&#8217;arrivo alla fine della tappa.\n\t<h3 id=\"camino-frances\">Tappe\n\t\ta piedi<\/h3>\n\tSe fai il Cammino a piedi, troverai tappe semplici e adatte a qualsiasi condizione fisica. Inoltre, come ti abbiamo\n\tdetto, sarai accompagnato da pellegrini per tutto il viaggio.\n\t<table class=\"wp-block-table table text-left my-4\">\n\t\t<thead>\n\t\t\t<tr>\n\t\t\t\t<th>TAPPe<\/th>\n\t\t\t\t<th>INIZIO<\/th>\n\t\t\t\t<th>FINE<\/th>\n\t\t\t\t<th>DURATA<\/th>\n\t\t\t\t<th>DIFFICOLT\u00c1<\/th>\n\t\t\t<\/tr>\n\t\t<\/thead>\n\t\t<tbody>\n\t\t\t<tr>\n\t\t\t\t<td>Tappa 1<\/td>\n\t\t\t\t<td>Ponferrada<\/td>\n\t\t\t\t<td>Villafranca<\/td>\n\t\t\t\t<td>24,2 km<\/td>\n\t\t\t\t<td>2\/5<\/td>\n\t\t\t<\/tr>\n\t\t\t<tr>\n\t\t\t\t<td>Tappa 2<\/td>\n\t\t\t\t<td>Villafranca<\/td>\n\t\t\t\t<td>O Cebreiro<\/td>\n\t\t\t\t<td>27,8 km<\/td>\n\t\t\t\t<td>4\/5<\/td>\n\t\t\t<\/tr>\n\t\t\t<tr>\n\t\t\t\t<td>Tappa 3<\/td>\n\t\t\t\t<td>O Cebreiro<\/td>\n\t\t\t\t<td>Triacastela<\/td>\n\t\t\t\t<td>20,8 km<\/td>\n\t\t\t\t<td>2\/5<\/td>\n\t\t\t<\/tr>\n\t\t\t<tr>\n\t\t\t\t<td>Tappa 4<\/td>\n\t\t\t\t<td>Triacastela<\/td>\n\t\t\t\t<td>Sarria<\/td>\n\t\t\t\t<td>18,4 km<\/td>\n\t\t\t\t<td>2\/5<\/td>\n\t\t\t<\/tr>\n\t\t\t<tr>\n\t\t\t\t<td>Tappa 5<\/td>\n\t\t\t\t<td>Sarria<\/td>\n\t\t\t\t<td>Portomar\u00edn<\/td>\n\t\t\t\t<td>22,2 km<\/td>\n\t\t\t\t<td>2\/5<\/td>\n\t\t\t<\/tr>\n\t\t\t<tr>\n\t\t\t\t<td>Tappa 6<\/td>\n\t\t\t\t<td>Portomar\u00edn<\/td>\n\t\t\t\t<td>Palas de Rei<\/td>\n\t\t\t\t<td>24,8 km<\/td>\n\t\t\t\t<td>2\/5<\/td>\n\t\t\t<\/tr>\n\t\t\t<tr>\n\t\t\t\t<td>Tappa 7<\/td>\n\t\t\t\t<td>Palas de Rei<\/td>\n\t\t\t\t<td>Arz\u00faa<\/td>\n\t\t\t\t<td>28,5 km<\/td>\n\t\t\t\t<td>3\/5<\/td>\n\t\t\t<\/tr>\n\t\t\t<tr>\n\t\t\t\t<td>Tappa 8<\/td>\n\t\t\t\t<td>Arz\u00faa<\/td>\n\t\t\t\t<td>Pedrouzo<\/td>\n\t\t\t\t<td>19,3 km<\/td>\n\t\t\t\t<td>2\/5<\/td>\n\t\t\t<\/tr>\n\t\t\t<tr>\n\t\t\t\t<td>Tappa 9<\/td>\n\t\t\t\t<td>Pedrouzo<\/td>\n\t\t\t\t<td>Santiago de Compostela<\/td>\n\t\t\t\t<td>19,4 km<\/td>\n\t\t\t\t<td>2\/5<\/td>\n\t\t\t<\/tr>\n\t\t<\/tbody>\n\t<\/table>\n\t<h3>Tappe in bici<\/h3>\n\tIl Cammino Francese si presenta anche molto adatto per la realizzazione in bicicletta, se preferite questa opzione.\n\tVi mostriamo le tappe che comprenderebbero questo tratto da Ponferrada in bicicletta:\n\t<table class=\"wp-block-table table text-left my-4\">\n\t\t<thead>\n\t\t\t<tr>\n\t\t\t\t<th>TAPPA<\/th>\n\t\t\t\t<th>INIZIO<\/th>\n\t\t\t\t<th>FINE<\/th>\n\t\t\t\t<th>DURATA<\/th>\n\t\t\t\t<th>DIFFICOLT\u00c1<\/th>\n\t\t\t<\/tr>\n\t\t<\/thead>\n\t\t<tbody>\n\t\t\t<tr>\n\t\t\t\t<td>Tappa 1<\/td>\n\t\t\t\t<td>Ponferrada<\/td>\n\t\t\t\t<td>O Cebreiro<\/td>\n\t\t\t\t<td>55 km<\/td>\n\t\t\t\t<td>4\/5<\/td>\n\t\t\t<\/tr>\n\t\t\t<tr>\n\t\t\t\t<td>Tappa 2<\/td>\n\t\t\t\t<td>O Cebreiro<\/td>\n\t\t\t\t<td>Portomar\u00edn<\/td>\n\t\t\t\t<td>62 km<\/td>\n\t\t\t\t<td>3\/5<\/td>\n\t\t\t<\/tr>\n\t\t\t<tr>\n\t\t\t\t<td>Tappa 3<\/td>\n\t\t\t\t<td>Portomar\u00edn<\/td>\n\t\t\t\t<td>Arz\u00faa<\/td>\n\t\t\t\t<td>54 km<\/td>\n\t\t\t\t<td>2\/5<\/td>\n\t\t\t<\/tr>\n\t\t\t<tr>\n\t\t\t\t<td>Tappa 4<\/td>\n\t\t\t\t<td>Arz\u00faa<\/td>\n\t\t\t\t<td>Santiago de Compostela<\/td>\n\t\t\t\t<td>39 km<\/td>\n\t\t\t\t<td>2\/5<\/td>\n\t\t\t<\/tr>\n\t\t<\/tbody>\n\t<\/table>\n<\/div>\n<div id=\"cammino-di-inverno-e-sanabres\" class=\"section-post\">\n\t<h2 id=\"camino-invierno\">Cammino di Inverno e Sanabr\u00e9s<\/h2>\n\tIl <a href=\"https:\/\/www.pilgrim.es\/it\/cammino-inverno\/\">Cammino d&#8217;Inverno<\/a> \u00e9 un&#8217;alternativa perfetta se gi\u00e1 hai fatto il Cammino Francese o\n\tpreferisci un&#8217;opzione meno affollata, soprattutto in estate. \u00c9 una rotta che <strong>comprende 55 km in pi\u00fa del\n\t\tCammino Francese<\/strong> (263 km in totale), ma ci vorranno comunque 10 giorni per completarlo.\n\n\tIl suo nome \u00e8 dovuto al fatto che questo era il percorso alternativo dei pellegrini in questo periodo dell&#8217;anno,\n\tevitando cos\u00ec le dure nevi della zona di O Cebreiro. Tuttavia, oggi \u00e8 <strong>consigliabile in qualsiasi momento per\n\t\tla sua bellezza paesaggistica<\/strong>, quindi, se cerchi qualcosa di diverso dal Cammino Francese, questa \u00e8 la\n\tscelta perfetta.\n\t<h3>Tappe\n\t\ta piedi<\/h3>\n\tCome abbiamo detto, 10 giorni sono sufficienti per completare le <strong>10 tappe a piedi di questo cammino fino a\n\t\tSantiago<\/strong>. Partiresti dal punto di partenza del Cammino d&#8217;Inverno, Ponferrada, per cui staresti\n\tpercorrendo tutta la strada.\n\t<table class=\"wp-block-table table text-left my-4\">\n\t\t<thead>\n\t\t\t<tr>\n\t\t\t\t<th>TAPPA<\/th>\n\t\t\t\t<th>INIZIO<\/th>\n\t\t\t\t<th>FINE<\/th>\n\t\t\t\t<th>DURATA<\/th>\n\t\t\t\t<th>DIFFICOLT\u00c1<\/th>\n\t\t\t<\/tr>\n\t\t<\/thead>\n\t\t<tbody>\n\t\t\t<tr>\n\t\t\t\t<td>Tappa 1<\/td>\n\t\t\t\t<td>Ponferrada<\/td>\n\t\t\t\t<td>Las m\u00e9dulas<\/td>\n\t\t\t\t<td>27,2 km<\/td>\n\t\t\t\t<td>3\/5<\/td>\n\t\t\t<\/tr>\n\t\t\t<tr>\n\t\t\t\t<td>Tappa 2<\/td>\n\t\t\t\t<td>Las m\u00e9dulas<\/td>\n\t\t\t\t<td>El Barco de Valdeorras<\/td>\n\t\t\t\t<td>26,4 km<\/td>\n\t\t\t\t<td>3\/5<\/td>\n\t\t\t<\/tr>\n\t\t\t<tr>\n\t\t\t\t<td>Tappa 3<\/td>\n\t\t\t\t<td>El Barco de Valdeorras<\/td>\n\t\t\t\t<td>A R\u00faa de Valdeorras<\/td>\n\t\t\t\t<td>14,2 km<\/td>\n\t\t\t\t<td>1\/5<\/td>\n\t\t\t<\/tr>\n\t\t\t<tr>\n\t\t\t\t<td>Tappa 4<\/td>\n\t\t\t\t<td>A R\u00faa de Valdeorras<\/td>\n\t\t\t\t<td>Quiroga<\/td>\n\t\t\t\t<td>26,3 km<\/td>\n\t\t\t\t<td>3\/5<\/td>\n\t\t\t<\/tr>\n\t\t\t<tr>\n\t\t\t\t<td>Tappa 5<\/td>\n\t\t\t\t<td>Quiroga<\/td>\n\t\t\t\t<td>Monforte de Lemos<\/td>\n\t\t\t\t<td>35,4 km<\/td>\n\t\t\t\t<td>4\/5<\/td>\n\t\t\t<\/tr>\n\t\t\t<tr>\n\t\t\t\t<td>Tappa 6<\/td>\n\t\t\t\t<td>Monforte de Lemos<\/td>\n\t\t\t\t<td>Chantada<\/td>\n\t\t\t\t<td>29,7 km<\/td>\n\t\t\t\t<td>3\/5<\/td>\n\t\t\t<\/tr>\n\t\t\t<tr>\n\t\t\t\t<td>Tappa 7<\/td>\n\t\t\t\t<td>Chantada<\/td>\n\t\t\t\t<td>Rodeiro<\/td>\n\t\t\t\t<td>25,8 km<\/td>\n\t\t\t\t<td>3\/5<\/td>\n\t\t\t<\/tr>\n\t\t\t<tr>\n\t\t\t\t<td>Tappa 8<\/td>\n\t\t\t\t<td>Rodeiro<\/td>\n\t\t\t\t<td>A Laxe<\/td>\n\t\t\t\t<td>27,2 km<\/td>\n\t\t\t\t<td>2\/5<\/td>\n\t\t\t<\/tr>\n\t\t\t<tr>\n\t\t\t\t<td>Tappa 9<\/td>\n\t\t\t\t<td>A Laxe<\/td>\n\t\t\t\t<td>Outeiro<\/td>\n\t\t\t\t<td>34,1 km<\/td>\n\t\t\t\t<td>4\/5<\/td>\n\t\t\t<\/tr>\n\t\t\t<tr>\n\t\t\t\t<td>Tappa 10<\/td>\n\t\t\t\t<td>Outeiro<\/td>\n\t\t\t\t<td>Santiago de Compostela<\/td>\n\t\t\t\t<td>16,7 km<\/td>\n\t\t\t\t<td>1\/5<\/td>\n\t\t\t<\/tr>\n\t\t<\/tbody>\n\t<\/table>\n<\/div>\n<div id=\"dove-dormire-a-ponferrada\" class=\"section-post\">\n\t<h2 id=\"dormir\">Dove dormire a Ponferrada<\/h2>\n\tPonferrada, dovuto\n\talla sua importanza nel Cammino di Santiago, ha diversi tipi di\n\talloggi, dagli alberghi dei pellegrini agli ostelli e agli hotel.\n\n\tSe hai intenzione di trascorrere la tua prima notte qui, per iniziare il Cammino la mattina seguente\u00a0 con le\n\tbatterie cariche, da Pilgrim<strong> ti consigliamo le seguenti opzioni<\/strong>, a seconda delle tue preferenze:\n\t<div class=\"row align-items-center\">\n\t\t<div class=\"col-md-6\">\n\n\t\t\t<strong>Albergo dei pellegrini San Nicol\u00e1s de Fl\u00fce<\/strong>\n\t\t\t<ul>\n\t\t\t\t<li>Indirizzo: C\/ Obispo Camilo Lorenzo, s\/n<\/li>\n\t\t\t\t<li>Telefono: 987 413 381<\/li>\n\t\t\t<\/ul>\n\t\t\t<strong>Albergo Guiana<\/strong>\n\t\t\t<ul>\n\t\t\t\t<li>Indirizzo: Av. El Castillo, 112<\/li>\n\t\t\t\t<li>Telefono: 987 409 327<\/li>\n\t\t\t<\/ul>\n\t\t\t\u00c8 possibile che la sua\n\t\t\tcapienza sia completa in determinati periodi dell&#8217;anno in modo, se desiderate\n\t\t\tconfermare i tuoi soggiorni a Ponferrada, puoi contattarci e\n\t\t\tfaremo in modo che tu abbia il tuo posto fisso al tuo arrivo in citt\u00e0.\n\n\t\t<\/div>\n\t<\/div>\n<\/div>\n<div id=\"dovemangiare-a-ponferrada\" class=\"section-post\">\n\t<h2 id=\"comer\">Dove\n\t\tmangiare a Ponferrada<\/h2>\n\tA Ponferrada,la cosa pi\u00f9 tipica \u00e8 percorrere i\n\tbar situati vicino alla cattedrale e ordinare una breve birra: sempre ti\n\tporteranno una deliziosa tapa. Inoltre, potrai renderti omaggio prima di partire\n\tverso Santiago de Compostela e gustare la migliore gastronomia del Bierzo.\n\n\tSono famosi in questa zona i loro salumi, in particolare la carne secca e il chorizo, ma anche il barattolo e i\n\tpasticci ripieni. E per provare uno di questi piatti tipici,<strong> ti proponiamo una lista di posti a\n\t\tPonferrada:<\/strong>\n\n\t<strong>El\n\t\tBodeg\u00f3n<\/strong>\n\t<ul>\n\t\t<li>Traves\u00eda Pelayo 2<\/li>\n\t\t<li>Telefono: 987 41 10 19<\/li>\n\t<\/ul>\n\t<strong>Menc\u00eda<\/strong>\n\t<ul>\n\t\t<li>C\/ Nicol\u00e1s de Brujas 14<\/li>\n\t\t<li>Telefono: 637 85 11 44<\/li>\n\t<\/ul>\n\t<strong>La\n\t\tCasona<\/strong>\n\t<ul>\n\t\t<li>C\/Real 72, Fuentesnuevas<\/li>\n\t\t<li>Telefono: 987 45 53 58<\/li>\n\t<\/ul>\n\t<strong>Don\n\t\tJaime<\/strong>\n\t<ul>\n\t\t<li>Piazza Repubblica Argentina<\/li>\n\t\t<li>Telefono: 987 01 22 74<\/li>\n\t<\/ul>\n<\/div>\n<div id=\"doveconseguire-la-tua-credenziale-a-ponferrada\" class=\"section-post\">\n\t<h2 id=\"credencial\">Dove\n\t\tconseguire la tua credenziale a Ponferrada<\/h2>\n\tPer acquistare le tue credenziali a Ponferrada, <strong>puoi rivolgerti all&#8217;albergo dei pellegrini San Nicola de\n\t\tFl\u00fce<\/strong> (Via Obispo Camilo Lorenzo, 2). Questo ostello \u00e8 aperto dalle 6 del mattino e accetta donazioni.\n<\/div>\n<div id=\"puntidinteresse-a-ponferrada\" class=\"section-post\">\n\t<h2 id=\"pois\">Punti\n\t\td&#8217;interesse a Ponferrada<\/h2>\n\tPonferrada, come citt\u00e0 medievale e templare, ha molti punti di interesse che vale la pena visitare. \u00e8 senza dubbio\n\til suo castello templare. Situato su una piccola collina tra i fiumi Sil e Boeza,\n\t<h3>Castello\n\t\ttemplare di Ponferrada<\/h3>\n\tSenza dubbio <strong>la principale attrazione di Ponferrada<\/strong> \u00e8 il suo castello templare, situato tra i fiumi\n\tSil e Boeza su una collina da cui si ottiene una magnifica vista sulla citt\u00e0.\n\n\tLa zona murata di 8.000 metri quadrati dove si trova il castello pu\u00f2 essere visitato in estate qualsiasi giorno\n\tdella settimana dalle 9 alle 9. Il prezzo del biglietto generale \u00e8 di 6\u20ac ma <strong>il mercoled\u00ec la visita \u00e8\n\t\tgratuita.<\/strong>\n\n\tLa riabilitazione del castello permette di\n\tapprezzarne la maestosit\u00e0, nelle cui sale anche occasionalmente si\n\tsvolgono attivit\u00e0 di tipo culturale.\n\t<h3>Basilica\n\t\tdi la Encina<\/h3>\n\tNostra Signora della Quercia, detta anche \u201cLa Morenica\u201d,<strong> \u00e8 la patrona della regione del Bierzo.<\/strong>\n\tQuesta basilica fu eretta in suo onore dopo che, secondo la leggenda, la statua della Vergine che proveniva dalla\n\tstessa Terra Santa fu trovata in una quercia.\n\n\tLa cosa pi\u00f9 importante all&#8217;interno di questa basilica \u00e9 il Retablo Maggiore in legno, che <strong>si pu\u00f3 visitare in\n\t\tqualsiasi giorni dell&#8217;anno<\/strong> dopo il \u00a0culto, dalle 9h alle 14h e dalle 16:30 h alle 20:30h.\n\t<h3>Reale\n\t\tPrigione(Museo del Bierzo)<\/h3>\n\tLa Real C\u00e1rcel, situata in via dell&#8217;Orologio,\n\tnon \u00e8 pi\u00f9 una prigione, ma ora ospita il museo del Bierzo.\n\n\tQuesto significa che oltre a godere di\n\tl&#8217;architettura di questo edificio, ora potrete conoscere la storia della citt\u00e0\n\tdi Ponferrada e la regione di El Bierzo dal Paleolitico in persona.\n<\/div>\n<div id=\"di-santiago-alla-fine-del-mondo\" class=\"section-post\">\n\t<h2>Di Santiago alla fine del mondo<\/h2>\n\tUna volta arrivato a Santiago e baciato il\n\tSanto, letteralmente, forse il tuo cammino da Ponferrada ti ha conosciuto a poco\n\te non vuoi finire la tua esperienza.\n\n\tSe questo \u00e8 il caso, sappi che <strong>a Pilgrim abbiamo un<\/strong>\u00a0<a href=\"https:\/\/www.pilgrim.es\/it\/servizi\/tour-finisterre-costa-da-morte\/\">tour<\/a>\u00a0<a\n\t\thref=\"https:\/\/www.pilgrim.es\/it\/servizi\/tour-finisterre-costa-da-morte\/\">final a Finisterre<\/a>\u00a0di 9 ore con cui potrai vedere l&#8217;antica fine del mondo, oltre ad\n\taltri luoghi come la Cascata di \u00c9zaro, l&#8217;unico fiume europeo che sbocca direttamente in mare.\n\n\tSempre pi\u00f9 pellegrini sono incoraggiati a continuare il loro viaggio fino a questo punto finale, quindi se anche tu\n\tsei interessato, ricorda che<strong> puoi inviarci i tuoi dati per contattarti gratuitamente.<\/strong>\n\n\t<strong><em>\u00a1Buon cammino, pellegrino! <\/em><\/strong>\n<\/div>\n","protected":false},"excerpt":{"rendered":"<p>Nel nord della Spagna, dopo Roncisvalle e Sarria, Ponferrada \u00e9 uno dei punti di inizio pi\u00fa comuni per coloro che realizzano il Cammino di Santiago.Dopo Pilgrim, ti dico cosa devi  sapere di questa citt\u00e1 in modo che tu decida di iniziare la tua avventura da qui e realizzi il Cammino che preferisci.<\/p>\n","protected":false},"author":4,"featured_media":124131,"comment_status":"open","ping_status":"closed","sticky":false,"template":"","format":"standard","meta":{"footnotes":""},"categories":[40],"tags":[],"class_list":["post-47093","post","type-post","status-publish","format-standard","has-post-thumbnail","hentry","category-rotte-del-cammino"],"yoast_head":"<!-- This site is optimized with the Yoast SEO plugin v27.4 - https:\/\/yoast.com\/product\/yoast-seo-wordpress\/ -->\n<title>Cammino di Santiago da Ponferrada en 2026 | Pilgrim | Tappe e consigli<\/title>\n<meta name=\"description\" content=\"Il Cammino di Santiago da Ponferrada pu\u00f3 realizzarsi attraverso due percorsi: il Cammino Francese e il Cammino d&#039;Inverno. Scopri qual&#039;\u00e9 il migliore per te.\" \/>\n<meta name=\"robots\" content=\"index, follow, max-snippet:-1, max-image-preview:large, max-video-preview:-1\" \/>\n<link rel=\"canonical\" href=\"https:\/\/www.pilgrim.es\/it\/cammino-di-santiago-dopo-ponferrada\/\" \/>\n<meta property=\"og:locale\" content=\"it_IT\" \/>\n<meta property=\"og:type\" content=\"article\" \/>\n<meta property=\"og:title\" content=\"Cammino di Santiago da Ponferrada en 2026 | Pilgrim | Tappe e consigli\" \/>\n<meta property=\"og:description\" content=\"Il Cammino di Santiago da Ponferrada pu\u00f3 realizzarsi attraverso due percorsi: il Cammino Francese e il Cammino d&#039;Inverno. Scopri qual&#039;\u00e9 il migliore per te.\" \/>\n<meta property=\"og:url\" content=\"https:\/\/www.pilgrim.es\/it\/cammino-di-santiago-dopo-ponferrada\/\" \/>\n<meta property=\"og:site_name\" content=\"Pilgrim\" \/>\n<meta property=\"article:publisher\" content=\"https:\/\/www.facebook.com\/pilgrim.es\/\" \/>\n<meta property=\"article:published_time\" content=\"2019-09-30T11:39:30+00:00\" \/>\n<meta property=\"article:modified_time\" content=\"2025-06-09T08:49:26+00:00\" \/>\n<meta property=\"og:image\" content=\"https:\/\/www.pilgrim.es\/wp-content\/uploads\/2019\/08\/camino-de-santiago-desde-ponferrada-1.jpg\" \/>\n\t<meta property=\"og:image:width\" content=\"1000\" \/>\n\t<meta property=\"og:image:height\" content=\"666\" \/>\n\t<meta property=\"og:image:type\" content=\"image\/jpeg\" \/>\n<meta name=\"author\" content=\"Pilgrim SEO\" \/>\n<meta name=\"twitter:card\" content=\"summary_large_image\" \/>\n<meta name=\"twitter:creator\" content=\"@pilgrim_es\" \/>\n<meta name=\"twitter:site\" content=\"@pilgrim_es\" \/>\n<meta name=\"twitter:label1\" content=\"Scritto da\" \/>\n\t<meta name=\"twitter:data1\" content=\"Pilgrim SEO\" \/>\n\t<meta name=\"twitter:label2\" content=\"Tempo di lettura stimato\" \/>\n\t<meta name=\"twitter:data2\" content=\"7 minuti\" \/>\n<script type=\"application\/ld+json\" class=\"yoast-schema-graph\">{\"@context\":\"https:\\\/\\\/schema.org\",\"@graph\":[{\"@type\":\"Article\",\"@id\":\"https:\\\/\\\/www.pilgrim.es\\\/it\\\/cammino-di-santiago-dopo-ponferrada\\\/#article\",\"isPartOf\":{\"@id\":\"https:\\\/\\\/www.pilgrim.es\\\/it\\\/cammino-di-santiago-dopo-ponferrada\\\/\"},\"author\":{\"name\":\"Pilgrim SEO\",\"@id\":\"https:\\\/\\\/www.pilgrim.es\\\/it\\\/#\\\/schema\\\/person\\\/14d46e928a02bc9b20d435748438c3e0\"},\"headline\":\"Il Cammino di Santiago da Ponferrada\",\"datePublished\":\"2019-09-30T11:39:30+00:00\",\"dateModified\":\"2025-06-09T08:49:26+00:00\",\"mainEntityOfPage\":{\"@id\":\"https:\\\/\\\/www.pilgrim.es\\\/it\\\/cammino-di-santiago-dopo-ponferrada\\\/\"},\"wordCount\":1437,\"commentCount\":0,\"publisher\":{\"@id\":\"https:\\\/\\\/www.pilgrim.es\\\/it\\\/#organization\"},\"image\":{\"@id\":\"https:\\\/\\\/www.pilgrim.es\\\/it\\\/cammino-di-santiago-dopo-ponferrada\\\/#primaryimage\"},\"thumbnailUrl\":\"https:\\\/\\\/www.pilgrim.es\\\/wp-content\\\/uploads\\\/2019\\\/08\\\/camino-de-santiago-desde-ponferrada-1.jpg\",\"articleSection\":[\"Rotte del Cammino\"],\"inLanguage\":\"it-IT\",\"potentialAction\":[{\"@type\":\"CommentAction\",\"name\":\"Comment\",\"target\":[\"https:\\\/\\\/www.pilgrim.es\\\/it\\\/cammino-di-santiago-dopo-ponferrada\\\/#respond\"]}]},{\"@type\":\"WebPage\",\"@id\":\"https:\\\/\\\/www.pilgrim.es\\\/it\\\/cammino-di-santiago-dopo-ponferrada\\\/\",\"url\":\"https:\\\/\\\/www.pilgrim.es\\\/it\\\/cammino-di-santiago-dopo-ponferrada\\\/\",\"name\":\"Cammino di Santiago da Ponferrada en 2026 | Pilgrim | Tappe e consigli\",\"isPartOf\":{\"@id\":\"https:\\\/\\\/www.pilgrim.es\\\/it\\\/#website\"},\"primaryImageOfPage\":{\"@id\":\"https:\\\/\\\/www.pilgrim.es\\\/it\\\/cammino-di-santiago-dopo-ponferrada\\\/#primaryimage\"},\"image\":{\"@id\":\"https:\\\/\\\/www.pilgrim.es\\\/it\\\/cammino-di-santiago-dopo-ponferrada\\\/#primaryimage\"},\"thumbnailUrl\":\"https:\\\/\\\/www.pilgrim.es\\\/wp-content\\\/uploads\\\/2019\\\/08\\\/camino-de-santiago-desde-ponferrada-1.jpg\",\"datePublished\":\"2019-09-30T11:39:30+00:00\",\"dateModified\":\"2025-06-09T08:49:26+00:00\",\"description\":\"Il Cammino di Santiago da Ponferrada pu\u00f3 realizzarsi attraverso due percorsi: il Cammino Francese e il Cammino d'Inverno. Scopri qual'\u00e9 il migliore per te.\",\"breadcrumb\":{\"@id\":\"https:\\\/\\\/www.pilgrim.es\\\/it\\\/cammino-di-santiago-dopo-ponferrada\\\/#breadcrumb\"},\"inLanguage\":\"it-IT\",\"potentialAction\":[{\"@type\":\"ReadAction\",\"target\":[\"https:\\\/\\\/www.pilgrim.es\\\/it\\\/cammino-di-santiago-dopo-ponferrada\\\/\"]}]},{\"@type\":\"ImageObject\",\"inLanguage\":\"it-IT\",\"@id\":\"https:\\\/\\\/www.pilgrim.es\\\/it\\\/cammino-di-santiago-dopo-ponferrada\\\/#primaryimage\",\"url\":\"https:\\\/\\\/www.pilgrim.es\\\/wp-content\\\/uploads\\\/2019\\\/08\\\/camino-de-santiago-desde-ponferrada-1.jpg\",\"contentUrl\":\"https:\\\/\\\/www.pilgrim.es\\\/wp-content\\\/uploads\\\/2019\\\/08\\\/camino-de-santiago-desde-ponferrada-1.jpg\",\"width\":1000,\"height\":666},{\"@type\":\"BreadcrumbList\",\"@id\":\"https:\\\/\\\/www.pilgrim.es\\\/it\\\/cammino-di-santiago-dopo-ponferrada\\\/#breadcrumb\",\"itemListElement\":[{\"@type\":\"ListItem\",\"position\":1,\"name\":\"Camino de Santiago\",\"item\":\"https:\\\/\\\/www.pilgrim.es\\\/it\\\/\"},{\"@type\":\"ListItem\",\"position\":2,\"name\":\"Il Cammino di Santiago da Ponferrada\"}]},{\"@type\":\"WebSite\",\"@id\":\"https:\\\/\\\/www.pilgrim.es\\\/it\\\/#website\",\"url\":\"https:\\\/\\\/www.pilgrim.es\\\/it\\\/\",\"name\":\"Pilgrim\",\"description\":\"Camino de Santiago | Caminamos Contigo\",\"publisher\":{\"@id\":\"https:\\\/\\\/www.pilgrim.es\\\/it\\\/#organization\"},\"potentialAction\":[{\"@type\":\"SearchAction\",\"target\":{\"@type\":\"EntryPoint\",\"urlTemplate\":\"https:\\\/\\\/www.pilgrim.es\\\/it\\\/?s={search_term_string}\"},\"query-input\":{\"@type\":\"PropertyValueSpecification\",\"valueRequired\":true,\"valueName\":\"search_term_string\"}}],\"inLanguage\":\"it-IT\"},{\"@type\":\"Organization\",\"@id\":\"https:\\\/\\\/www.pilgrim.es\\\/it\\\/#organization\",\"name\":\"Pilgrim Camino de Santiago\",\"url\":\"https:\\\/\\\/www.pilgrim.es\\\/it\\\/\",\"logo\":{\"@type\":\"ImageObject\",\"inLanguage\":\"it-IT\",\"@id\":\"https:\\\/\\\/www.pilgrim.es\\\/it\\\/#\\\/schema\\\/logo\\\/image\\\/\",\"url\":\"https:\\\/\\\/www.pilgrim.es\\\/wp-content\\\/uploads\\\/2019\\\/04\\\/logo_pilgrim.png\",\"contentUrl\":\"https:\\\/\\\/www.pilgrim.es\\\/wp-content\\\/uploads\\\/2019\\\/04\\\/logo_pilgrim.png\",\"width\":512,\"height\":512,\"caption\":\"Pilgrim Camino de Santiago\"},\"image\":{\"@id\":\"https:\\\/\\\/www.pilgrim.es\\\/it\\\/#\\\/schema\\\/logo\\\/image\\\/\"},\"sameAs\":[\"https:\\\/\\\/www.facebook.com\\\/pilgrim.es\\\/\",\"https:\\\/\\\/x.com\\\/pilgrim_es\",\"https:\\\/\\\/www.instagram.com\\\/pilgrim.es\\\/\",\"https:\\\/\\\/www.linkedin.com\\\/company\\\/pilgrim-camino-de-santiago\\\/\",\"https:\\\/\\\/www.pinterest.es\\\/pilgrimcaminodesantiago\\\/\",\"https:\\\/\\\/www.youtube.com\\\/channel\\\/UCIv2ZzFLXVqthkNF32rKedw\\\/featured\"]},{\"@type\":\"Person\",\"@id\":\"https:\\\/\\\/www.pilgrim.es\\\/it\\\/#\\\/schema\\\/person\\\/14d46e928a02bc9b20d435748438c3e0\",\"name\":\"Pilgrim SEO\",\"image\":{\"@type\":\"ImageObject\",\"inLanguage\":\"it-IT\",\"@id\":\"https:\\\/\\\/secure.gravatar.com\\\/avatar\\\/52a31ce4f1af059b5077e8c5aee5741b9dec86b4b6ee6b2a7e5aefc4ee670045?s=96&d=mm&r=g\",\"url\":\"https:\\\/\\\/secure.gravatar.com\\\/avatar\\\/52a31ce4f1af059b5077e8c5aee5741b9dec86b4b6ee6b2a7e5aefc4ee670045?s=96&d=mm&r=g\",\"contentUrl\":\"https:\\\/\\\/secure.gravatar.com\\\/avatar\\\/52a31ce4f1af059b5077e8c5aee5741b9dec86b4b6ee6b2a7e5aefc4ee670045?s=96&d=mm&r=g\",\"caption\":\"Pilgrim SEO\"}}]}<\/script>\n<!-- \/ Yoast SEO plugin. -->","yoast_head_json":{"title":"Cammino di Santiago da Ponferrada en 2026 | Pilgrim | Tappe e consigli","description":"Il Cammino di Santiago da Ponferrada pu\u00f3 realizzarsi attraverso due percorsi: il Cammino Francese e il Cammino d'Inverno. Scopri qual'\u00e9 il migliore per te.","robots":{"index":"index","follow":"follow","max-snippet":"max-snippet:-1","max-image-preview":"max-image-preview:large","max-video-preview":"max-video-preview:-1"},"canonical":"https:\/\/www.pilgrim.es\/it\/cammino-di-santiago-dopo-ponferrada\/","og_locale":"it_IT","og_type":"article","og_title":"Cammino di Santiago da Ponferrada en 2026 | Pilgrim | Tappe e consigli","og_description":"Il Cammino di Santiago da Ponferrada pu\u00f3 realizzarsi attraverso due percorsi: il Cammino Francese e il Cammino d'Inverno. Scopri qual'\u00e9 il migliore per te.","og_url":"https:\/\/www.pilgrim.es\/it\/cammino-di-santiago-dopo-ponferrada\/","og_site_name":"Pilgrim","article_publisher":"https:\/\/www.facebook.com\/pilgrim.es\/","article_published_time":"2019-09-30T11:39:30+00:00","article_modified_time":"2025-06-09T08:49:26+00:00","og_image":[{"width":1000,"height":666,"url":"https:\/\/www.pilgrim.es\/wp-content\/uploads\/2019\/08\/camino-de-santiago-desde-ponferrada-1.jpg","type":"image\/jpeg"}],"author":"Pilgrim SEO","twitter_card":"summary_large_image","twitter_creator":"@pilgrim_es","twitter_site":"@pilgrim_es","twitter_misc":{"Scritto da":"Pilgrim SEO","Tempo di lettura stimato":"7 minuti"},"schema":{"@context":"https:\/\/schema.org","@graph":[{"@type":"Article","@id":"https:\/\/www.pilgrim.es\/it\/cammino-di-santiago-dopo-ponferrada\/#article","isPartOf":{"@id":"https:\/\/www.pilgrim.es\/it\/cammino-di-santiago-dopo-ponferrada\/"},"author":{"name":"Pilgrim SEO","@id":"https:\/\/www.pilgrim.es\/it\/#\/schema\/person\/14d46e928a02bc9b20d435748438c3e0"},"headline":"Il Cammino di Santiago da Ponferrada","datePublished":"2019-09-30T11:39:30+00:00","dateModified":"2025-06-09T08:49:26+00:00","mainEntityOfPage":{"@id":"https:\/\/www.pilgrim.es\/it\/cammino-di-santiago-dopo-ponferrada\/"},"wordCount":1437,"commentCount":0,"publisher":{"@id":"https:\/\/www.pilgrim.es\/it\/#organization"},"image":{"@id":"https:\/\/www.pilgrim.es\/it\/cammino-di-santiago-dopo-ponferrada\/#primaryimage"},"thumbnailUrl":"https:\/\/www.pilgrim.es\/wp-content\/uploads\/2019\/08\/camino-de-santiago-desde-ponferrada-1.jpg","articleSection":["Rotte del Cammino"],"inLanguage":"it-IT","potentialAction":[{"@type":"CommentAction","name":"Comment","target":["https:\/\/www.pilgrim.es\/it\/cammino-di-santiago-dopo-ponferrada\/#respond"]}]},{"@type":"WebPage","@id":"https:\/\/www.pilgrim.es\/it\/cammino-di-santiago-dopo-ponferrada\/","url":"https:\/\/www.pilgrim.es\/it\/cammino-di-santiago-dopo-ponferrada\/","name":"Cammino di Santiago da Ponferrada en 2026 | Pilgrim | Tappe e consigli","isPartOf":{"@id":"https:\/\/www.pilgrim.es\/it\/#website"},"primaryImageOfPage":{"@id":"https:\/\/www.pilgrim.es\/it\/cammino-di-santiago-dopo-ponferrada\/#primaryimage"},"image":{"@id":"https:\/\/www.pilgrim.es\/it\/cammino-di-santiago-dopo-ponferrada\/#primaryimage"},"thumbnailUrl":"https:\/\/www.pilgrim.es\/wp-content\/uploads\/2019\/08\/camino-de-santiago-desde-ponferrada-1.jpg","datePublished":"2019-09-30T11:39:30+00:00","dateModified":"2025-06-09T08:49:26+00:00","description":"Il Cammino di Santiago da Ponferrada pu\u00f3 realizzarsi attraverso due percorsi: il Cammino Francese e il Cammino d'Inverno. Scopri qual'\u00e9 il migliore per te.","breadcrumb":{"@id":"https:\/\/www.pilgrim.es\/it\/cammino-di-santiago-dopo-ponferrada\/#breadcrumb"},"inLanguage":"it-IT","potentialAction":[{"@type":"ReadAction","target":["https:\/\/www.pilgrim.es\/it\/cammino-di-santiago-dopo-ponferrada\/"]}]},{"@type":"ImageObject","inLanguage":"it-IT","@id":"https:\/\/www.pilgrim.es\/it\/cammino-di-santiago-dopo-ponferrada\/#primaryimage","url":"https:\/\/www.pilgrim.es\/wp-content\/uploads\/2019\/08\/camino-de-santiago-desde-ponferrada-1.jpg","contentUrl":"https:\/\/www.pilgrim.es\/wp-content\/uploads\/2019\/08\/camino-de-santiago-desde-ponferrada-1.jpg","width":1000,"height":666},{"@type":"BreadcrumbList","@id":"https:\/\/www.pilgrim.es\/it\/cammino-di-santiago-dopo-ponferrada\/#breadcrumb","itemListElement":[{"@type":"ListItem","position":1,"name":"Camino de Santiago","item":"https:\/\/www.pilgrim.es\/it\/"},{"@type":"ListItem","position":2,"name":"Il Cammino di Santiago da Ponferrada"}]},{"@type":"WebSite","@id":"https:\/\/www.pilgrim.es\/it\/#website","url":"https:\/\/www.pilgrim.es\/it\/","name":"Pilgrim","description":"Camino de Santiago | Caminamos Contigo","publisher":{"@id":"https:\/\/www.pilgrim.es\/it\/#organization"},"potentialAction":[{"@type":"SearchAction","target":{"@type":"EntryPoint","urlTemplate":"https:\/\/www.pilgrim.es\/it\/?s={search_term_string}"},"query-input":{"@type":"PropertyValueSpecification","valueRequired":true,"valueName":"search_term_string"}}],"inLanguage":"it-IT"},{"@type":"Organization","@id":"https:\/\/www.pilgrim.es\/it\/#organization","name":"Pilgrim Camino de Santiago","url":"https:\/\/www.pilgrim.es\/it\/","logo":{"@type":"ImageObject","inLanguage":"it-IT","@id":"https:\/\/www.pilgrim.es\/it\/#\/schema\/logo\/image\/","url":"https:\/\/www.pilgrim.es\/wp-content\/uploads\/2019\/04\/logo_pilgrim.png","contentUrl":"https:\/\/www.pilgrim.es\/wp-content\/uploads\/2019\/04\/logo_pilgrim.png","width":512,"height":512,"caption":"Pilgrim Camino de Santiago"},"image":{"@id":"https:\/\/www.pilgrim.es\/it\/#\/schema\/logo\/image\/"},"sameAs":["https:\/\/www.facebook.com\/pilgrim.es\/","https:\/\/x.com\/pilgrim_es","https:\/\/www.instagram.com\/pilgrim.es\/","https:\/\/www.linkedin.com\/company\/pilgrim-camino-de-santiago\/","https:\/\/www.pinterest.es\/pilgrimcaminodesantiago\/","https:\/\/www.youtube.com\/channel\/UCIv2ZzFLXVqthkNF32rKedw\/featured"]},{"@type":"Person","@id":"https:\/\/www.pilgrim.es\/it\/#\/schema\/person\/14d46e928a02bc9b20d435748438c3e0","name":"Pilgrim SEO","image":{"@type":"ImageObject","inLanguage":"it-IT","@id":"https:\/\/secure.gravatar.com\/avatar\/52a31ce4f1af059b5077e8c5aee5741b9dec86b4b6ee6b2a7e5aefc4ee670045?s=96&d=mm&r=g","url":"https:\/\/secure.gravatar.com\/avatar\/52a31ce4f1af059b5077e8c5aee5741b9dec86b4b6ee6b2a7e5aefc4ee670045?s=96&d=mm&r=g","contentUrl":"https:\/\/secure.gravatar.com\/avatar\/52a31ce4f1af059b5077e8c5aee5741b9dec86b4b6ee6b2a7e5aefc4ee670045?s=96&d=mm&r=g","caption":"Pilgrim SEO"}}]}},"_links":{"self":[{"href":"https:\/\/www.pilgrim.es\/it\/wp-json\/wp\/v2\/posts\/47093","targetHints":{"allow":["GET"]}}],"collection":[{"href":"https:\/\/www.pilgrim.es\/it\/wp-json\/wp\/v2\/posts"}],"about":[{"href":"https:\/\/www.pilgrim.es\/it\/wp-json\/wp\/v2\/types\/post"}],"author":[{"embeddable":true,"href":"https:\/\/www.pilgrim.es\/it\/wp-json\/wp\/v2\/users\/4"}],"replies":[{"embeddable":true,"href":"https:\/\/www.pilgrim.es\/it\/wp-json\/wp\/v2\/comments?post=47093"}],"version-history":[{"count":10,"href":"https:\/\/www.pilgrim.es\/it\/wp-json\/wp\/v2\/posts\/47093\/revisions"}],"predecessor-version":[{"id":127788,"href":"https:\/\/www.pilgrim.es\/it\/wp-json\/wp\/v2\/posts\/47093\/revisions\/127788"}],"wp:featuredmedia":[{"embeddable":true,"href":"https:\/\/www.pilgrim.es\/it\/wp-json\/wp\/v2\/media\/124131"}],"wp:attachment":[{"href":"https:\/\/www.pilgrim.es\/it\/wp-json\/wp\/v2\/media?parent=47093"}],"wp:term":[{"taxonomy":"category","embeddable":true,"href":"https:\/\/www.pilgrim.es\/it\/wp-json\/wp\/v2\/categories?post=47093"},{"taxonomy":"post_tag","embeddable":true,"href":"https:\/\/www.pilgrim.es\/it\/wp-json\/wp\/v2\/tags?post=47093"}],"curies":[{"name":"wp","href":"https:\/\/api.w.org\/{rel}","templated":true}]}}