{"id":98430,"date":"2025-03-31T07:05:19","date_gmt":"2025-03-31T07:05:19","guid":{"rendered":"https:\/\/www.pilgrim.es\/?p=98430"},"modified":"2025-06-09T10:43:32","modified_gmt":"2025-06-09T10:43:32","slug":"camino-de-santiago-from-tui","status":"publish","type":"post","link":"https:\/\/www.pilgrim.es\/en\/camino-de-santiago-from-tui\/","title":{"rendered":"Camino de Santiago from Tui"},"content":{"rendered":"\n<div class=\"entry-content__introduction\">\n  <p>\n    Tui is a famous town outside the\n    <a href=\"https:\/\/www.pilgrim.es\/en\/routes\/\">pilgrimage to Santiago<\/a>\n    because it is a border town that separates the countries of Spain and\n    Portugal. But it <strong>is also famous within the Jacobean route<\/strong>,\n    more specifically, within the\n    <a href=\"https:\/\/www.pilgrim.es\/en\/portuguese-way\/\">Portuguese Way<\/a>, for being the starting\n    point for the last 100 km of this route.\n  <\/p>\n  <h5>\n    You may also be interested in:\n    <a href=\"https:\/\/www.pilgrim.es\/en\/way-of-st-james-from-sarria\/\">The Camino from Sarria<\/a>\n  <\/h5>\n<\/div>\n<hr class=\"single-bar\" \/>\n<ul class=\"index\">\n  <span>Index<\/span>\n  <li><a href=\"#why\">Why from Tui?<\/a><\/li>\n  <li><a href=\"#stages-walk\">Stages<\/a><\/li>\n  <li><a href=\"#how\">How to get there<\/a><\/li>\n  <li><a href=\"#sleep\">Where to sleep<\/a><\/li>\n  <li><a href=\"#credential\">Where can I get the Credential<\/a><\/li>\n  <li><a href=\"#pois\">What to see<\/a><\/li>\n<\/ul>\n<hr class=\"single-bar\" \/>\n<div class=\"section-post\">\n  <h2>Why from Tui?<\/h2>\n  <p>\n    As we have mentioned before, this Galician town is the last starting point\n    to complete the last 100 km of the Portuguese Way. But, you may be wondering\n    <strong>why is it so special to walk the last 100 km?<\/strong>\n  <\/p>\n  <p>\n    Well, the main reason is that this distance is the minimum distance to be\n    entitled to get the longed\n    <a href=\"https:\/\/www.pilgrim.es\/en\/plan-your-way\/the-compostela\/\">Compostela<\/a>; so by walking\n    the Camino from Tui you can cover the minimum distance necessary to have the\n    official documentation of having accomplished the pilgrimage to Santiago de\n    Compostela.\n  <\/p>\n  <p>\n    This same factor has meant that this stretch of the Portuguese Way has\n    gained fame and many resources have been invested to the creation of\n    services aimed at pilgrims.\n    <strong>Leaving from Tui means that the pilgrim will lack nothing.<\/strong>\n  <\/p>\n  <p>\n    It is also the perfect way\n    <a href=\"https:\/\/www.pilgrim.es\/en\/the-camino-de-santiago-for-beginners\/\"\n      >to do the Camino for the first time<\/a\n    >. Beacuse you will be able to know if, in the future, you could walk a\n    longer route to live the experience to the fullest.\n  <\/p>\n<\/div>\n\n<div class=\"section-post\" id=\"stages-walk\">\n  <h2>Stages of the Camino from Tui<\/h2>\n  <table class=\"wp-block-table table text-left p-my-10\">\n    <thead>\n      <tr>\n        <th>STAGE<\/th>\n        <th>START<\/th>\n        <th>END<\/th>\n        <th>LENGTH OF JOURNEY<\/th>\n        <th>DIFFICULTY<\/th>\n      <\/tr>\n    <\/thead>\n    <tbody>\n      <tr>\n        <td>Stage 1<\/td>\n        <td>Tui<\/td>\n        <td>O Porri\u00f1o<\/td>\n        <td>13 km<\/td>\n        <td>2\/5<\/td>\n      <\/tr>\n      <tr>\n        <td>Stage 2<\/td>\n        <td>O Porri\u00f1o<\/td>\n        <td>Redondela<\/td>\n        <td>16 km<\/td>\n        <td>2\/5<\/td>\n      <\/tr>\n      <tr>\n        <td>Stage 3<\/td>\n        <td>Redondela<\/td>\n        <td>Pontevedra<\/td>\n        <td>19 km<\/td>\n        <td>2\/5<\/td>\n      <\/tr>\n      <tr>\n        <td>Stage 4<\/td>\n        <td>Pontevedra<\/td>\n        <td>Caldas de Reis<\/td>\n        <td>19 km<\/td>\n        <td>1\/5<\/td>\n      <\/tr>\n      <tr>\n        <td>Stage 5<\/td>\n        <td>Caldas de Reis<\/td>\n        <td>Padr\u00f3n<\/td>\n        <td>17 km<\/td>\n        <td>2\/5<\/td>\n      <\/tr>\n      <tr>\n        <td>Stage 6<\/td>\n        <td>Padr\u00f3n<\/td>\n        <td>Santiago de Compostela.<\/td>\n        <td>22 km<\/td>\n        <td>2\/5<\/td>\n      <\/tr>\n    <\/tbody>\n  <\/table>\n<\/div>\n\n<div class=\"section-post\" id=\"how\">\n  <h2>Tui<\/h2>\n  <p>\n    In our section on\n    <a href=\"https:\/\/www.pilgrim.es\/en\/plan-your-way\/how-to-get-to-the-starting-points\/\"\n      >how to get to the most important starting points of the Camino<\/a\n    >, we have all the necessary information to support all those pilgrims who\n    need information about how to reach each location on the Camino.\n  <\/p>\n  <p>\n    If you want to get to Tui,\n    <strong>the main access route is by road<\/strong> on the A-55, which at the\n    same time is connected to the A-52 in order to go to the centre of the\n    peninsula. Another option is to take the AP-9, Galicia&#8217;s main road.\n  <\/p>\n  <p>\n    It is possible to arrive by train, as one of the\n    <strong>Porto &#8211; Vigo connections stops in Tui.<\/strong> You can also get\n    there by bus, since several companies connect Tui with other cities like\n    Pontevedra, O Porri\u00f1o, A Guarda, Vigo, Santiago and even Portugal.\n  <\/p>\n<\/div>\n\n<div class=\"section-post\" id=\"sleep\">\n  <h2>Where to sleep in Tui<\/h2>\n  <div class=\"row align-items-center my-4\">\n    <div class=\"col-md-6\">\n      <p>\n        We cannot guarantee availability as there is a large volume of pilgrims\n        on the Camino and capacity may be limited. If you would like\n        <strong>help with accommodation<\/strong>, do not hesitate to ask us for\n        help, we have a large network of carefully selected accommodations.\n      <\/p>\n      <p>\n        In any case, here are two recommendations to rest in Tui before leaving\n        for Santiago:\n      <\/p>\n      <ul>\n        <li>\n          <strong>Pilgrims Public Hostel of Tui<\/strong>\n          <ul>\n            <li>Capacity: 36 beds<\/li>\n            <li>Address: P\u00e1rroco Rodr\u00edguez V\u00e1zquez, Tui (Pontevedra)<\/li>\n            <li>Phone number: +34 638 276 855<\/li>\n          <\/ul>\n        <\/li>\n        <li>\n          <strong>Villa San Clemente Hostel<\/strong>\n          <ul>\n            <li>Capacity: 27 beds<\/li>\n            <li>Address: Avenida Can\u00f3nigo Vali\u00f1o, 23. Tui (Pontevedra)<\/li>\n            <li>Phone number: +34 678 747 700 \/ +34 661 334 050<\/li>\n          <\/ul>\n        <\/li>\n      <\/ul>\n    <\/div>\n  <\/div>\n<\/div>\n\n<div class=\"section-post\" id=\"credential\">\n  <h2>Where to get the Pilgrim Credential in Tui<\/h2>\n  <p>\n    If you\n    <a href=\"https:\/\/www.pilgrim.es\/en\/plan-your-way\/\">plan your Camino<\/a> with us, you will receive\n    the appropriate documentation in your first accommodation. In case you do it\n    on your own, you can get it at:\n  <\/p>\n  <ul>\n    <li>The pilgrims&#8217; hostel mentioned in the previous point<\/li>\n    <li>\n      Tui Tourist Information Office at Plaza de San Fernando s\/n, 36700 Tui\n    <\/li>\n    <li>\n      Cathedral of Santa Mar\u00eda de Tui in Plaza de San Fernando s\/n, 36700 Tui\n    <\/li>\n  <\/ul>\n<\/div>\n\n<div class=\"section-post\" id=\"pois\">\n  <h2>What to see in Tui<\/h2>\n  <p>\n    This village has deep Galician roots, so the nature that surrounds it is the\n    main protagonist, being\n    <strong\n      >its fluvial beach of Areneas and the natural park Monte Aloia, great\n      attractions of the town.<\/strong\n    >\n  <\/p>\n  <h3>Cathedral of Santa Mar\u00eda<\/h3>\n  <p>\n    This is the most characteristic feature of Tui and the one for which it is\n    best known. A mixture of Romanesque and Gothic, the church sits in the\n    highest part of the town next to a complex with a certain fortress-like\n    appearance thanks to its defensive towers, passageways and passages.\n  <\/p>\n<\/div>\n\n<div class=\"section-post\">\n  <h2>Adventure awaits you<\/h2>\n  <p>\n    We hope that all the information provided about doing the Camino from Tui\n    give you the impulse and help you need to face the adventure and enjoy the\n    magic of the Camino de Santiago.\n  <\/p>\n  <p>\n    If you need help in planning, we are always at your disposal. Just leave us\n    your contact details and together we will find the best way to help you.\n  <\/p>\n  <p>\n    <em><strong>Ultreia pilgrim!<\/strong><\/em>\n  <\/p>\n<\/div>\n","protected":false},"excerpt":{"rendered":"<p> Tui is a famous town outside the pilgrimage to Santiago because it is a<br \/>\n      border town that separates the countries of Spain and Portugal. But it is<br \/>\n      also famous within the Jacobean route, more specifically, within the<br \/>\n      Portuguese Way, for being the starting point for the last 100 km of this<br \/>\n      route.<\/p>\n","protected":false},"author":1,"featured_media":123852,"comment_status":"open","ping_status":"closed","sticky":false,"template":"","format":"standard","meta":{"footnotes":""},"categories":[46,3],"tags":[],"class_list":["post-98430","post","type-post","status-publish","format-standard","has-post-thumbnail","hentry","category-routes-of-the-camino","category-uncategorized"],"yoast_head":"<!-- This site is optimized with the Yoast SEO plugin v27.4 - https:\/\/yoast.com\/product\/yoast-seo-wordpress\/ -->\n<title>Camino de Santiago from Tui - Pilgrim<\/title>\n<meta name=\"robots\" content=\"index, follow, max-snippet:-1, max-image-preview:large, max-video-preview:-1\" \/>\n<link rel=\"canonical\" href=\"https:\/\/www.pilgrim.es\/en\/camino-de-santiago-from-tui\/\" \/>\n<meta property=\"og:locale\" content=\"en_US\" \/>\n<meta property=\"og:type\" content=\"article\" \/>\n<meta property=\"og:title\" content=\"Camino de Santiago from Tui - Pilgrim\" \/>\n<meta property=\"og:description\" content=\"Tui is a famous town outside the pilgrimage to Santiago because it is a    border town that separates the countries of Spain and Portugal. But it is    also famous within the Jacobean route, more specifically, within the    Portuguese Way, for being the starting point for the last 100 km of this    route.\" \/>\n<meta property=\"og:url\" content=\"https:\/\/www.pilgrim.es\/en\/camino-de-santiago-from-tui\/\" \/>\n<meta property=\"og:site_name\" content=\"Pilgrim\" \/>\n<meta property=\"article:publisher\" content=\"https:\/\/www.facebook.com\/pilgrim.es\/\" \/>\n<meta property=\"article:published_time\" content=\"2025-03-31T07:05:19+00:00\" \/>\n<meta property=\"article:modified_time\" content=\"2025-06-09T10:43:32+00:00\" \/>\n<meta property=\"og:image\" content=\"https:\/\/www.pilgrim.es\/wp-content\/uploads\/2019\/10\/camino-de-santiago-desde-tui-1.jpg\" \/>\n\t<meta property=\"og:image:width\" content=\"1000\" \/>\n\t<meta property=\"og:image:height\" content=\"666\" \/>\n\t<meta property=\"og:image:type\" content=\"image\/jpeg\" \/>\n<meta name=\"author\" content=\"pilgrim\" \/>\n<meta name=\"twitter:card\" content=\"summary_large_image\" \/>\n<meta name=\"twitter:creator\" content=\"@pilgrim_es\" \/>\n<meta name=\"twitter:site\" content=\"@pilgrim_es\" \/>\n<meta name=\"twitter:label1\" content=\"Written by\" \/>\n\t<meta name=\"twitter:data1\" content=\"pilgrim\" \/>\n\t<meta name=\"twitter:label2\" content=\"Est. reading time\" \/>\n\t<meta name=\"twitter:data2\" content=\"4 minutes\" \/>\n<script type=\"application\/ld+json\" class=\"yoast-schema-graph\">{\"@context\":\"https:\\\/\\\/schema.org\",\"@graph\":[{\"@type\":\"Article\",\"@id\":\"https:\\\/\\\/www.pilgrim.es\\\/en\\\/camino-de-santiago-from-tui\\\/#article\",\"isPartOf\":{\"@id\":\"https:\\\/\\\/www.pilgrim.es\\\/en\\\/camino-de-santiago-from-tui\\\/\"},\"author\":{\"name\":\"pilgrim\",\"@id\":\"https:\\\/\\\/www.pilgrim.es\\\/en\\\/#\\\/schema\\\/person\\\/de7c8aca996c64c61f23fc45f892394b\"},\"headline\":\"Camino de Santiago from Tui\",\"datePublished\":\"2025-03-31T07:05:19+00:00\",\"dateModified\":\"2025-06-09T10:43:32+00:00\",\"mainEntityOfPage\":{\"@id\":\"https:\\\/\\\/www.pilgrim.es\\\/en\\\/camino-de-santiago-from-tui\\\/\"},\"wordCount\":766,\"commentCount\":0,\"publisher\":{\"@id\":\"https:\\\/\\\/www.pilgrim.es\\\/en\\\/#organization\"},\"image\":{\"@id\":\"https:\\\/\\\/www.pilgrim.es\\\/en\\\/camino-de-santiago-from-tui\\\/#primaryimage\"},\"thumbnailUrl\":\"https:\\\/\\\/www.pilgrim.es\\\/wp-content\\\/uploads\\\/2019\\\/10\\\/camino-de-santiago-desde-tui-1.jpg\",\"articleSection\":[\"Routes of the Camino\"],\"inLanguage\":\"en-US\",\"potentialAction\":[{\"@type\":\"CommentAction\",\"name\":\"Comment\",\"target\":[\"https:\\\/\\\/www.pilgrim.es\\\/en\\\/camino-de-santiago-from-tui\\\/#respond\"]}]},{\"@type\":\"WebPage\",\"@id\":\"https:\\\/\\\/www.pilgrim.es\\\/en\\\/camino-de-santiago-from-tui\\\/\",\"url\":\"https:\\\/\\\/www.pilgrim.es\\\/en\\\/camino-de-santiago-from-tui\\\/\",\"name\":\"Camino de Santiago from Tui - Pilgrim\",\"isPartOf\":{\"@id\":\"https:\\\/\\\/www.pilgrim.es\\\/en\\\/#website\"},\"primaryImageOfPage\":{\"@id\":\"https:\\\/\\\/www.pilgrim.es\\\/en\\\/camino-de-santiago-from-tui\\\/#primaryimage\"},\"image\":{\"@id\":\"https:\\\/\\\/www.pilgrim.es\\\/en\\\/camino-de-santiago-from-tui\\\/#primaryimage\"},\"thumbnailUrl\":\"https:\\\/\\\/www.pilgrim.es\\\/wp-content\\\/uploads\\\/2019\\\/10\\\/camino-de-santiago-desde-tui-1.jpg\",\"datePublished\":\"2025-03-31T07:05:19+00:00\",\"dateModified\":\"2025-06-09T10:43:32+00:00\",\"breadcrumb\":{\"@id\":\"https:\\\/\\\/www.pilgrim.es\\\/en\\\/camino-de-santiago-from-tui\\\/#breadcrumb\"},\"inLanguage\":\"en-US\",\"potentialAction\":[{\"@type\":\"ReadAction\",\"target\":[\"https:\\\/\\\/www.pilgrim.es\\\/en\\\/camino-de-santiago-from-tui\\\/\"]}]},{\"@type\":\"ImageObject\",\"inLanguage\":\"en-US\",\"@id\":\"https:\\\/\\\/www.pilgrim.es\\\/en\\\/camino-de-santiago-from-tui\\\/#primaryimage\",\"url\":\"https:\\\/\\\/www.pilgrim.es\\\/wp-content\\\/uploads\\\/2019\\\/10\\\/camino-de-santiago-desde-tui-1.jpg\",\"contentUrl\":\"https:\\\/\\\/www.pilgrim.es\\\/wp-content\\\/uploads\\\/2019\\\/10\\\/camino-de-santiago-desde-tui-1.jpg\",\"width\":1000,\"height\":666},{\"@type\":\"BreadcrumbList\",\"@id\":\"https:\\\/\\\/www.pilgrim.es\\\/en\\\/camino-de-santiago-from-tui\\\/#breadcrumb\",\"itemListElement\":[{\"@type\":\"ListItem\",\"position\":1,\"name\":\"Camino de Santiago\",\"item\":\"https:\\\/\\\/www.pilgrim.es\\\/en\\\/\"},{\"@type\":\"ListItem\",\"position\":2,\"name\":\"Camino de Santiago from Tui\"}]},{\"@type\":\"WebSite\",\"@id\":\"https:\\\/\\\/www.pilgrim.es\\\/en\\\/#website\",\"url\":\"https:\\\/\\\/www.pilgrim.es\\\/en\\\/\",\"name\":\"Pilgrim\",\"description\":\"Camino de Santiago | Caminamos Contigo\",\"publisher\":{\"@id\":\"https:\\\/\\\/www.pilgrim.es\\\/en\\\/#organization\"},\"potentialAction\":[{\"@type\":\"SearchAction\",\"target\":{\"@type\":\"EntryPoint\",\"urlTemplate\":\"https:\\\/\\\/www.pilgrim.es\\\/en\\\/?s={search_term_string}\"},\"query-input\":{\"@type\":\"PropertyValueSpecification\",\"valueRequired\":true,\"valueName\":\"search_term_string\"}}],\"inLanguage\":\"en-US\"},{\"@type\":\"Organization\",\"@id\":\"https:\\\/\\\/www.pilgrim.es\\\/en\\\/#organization\",\"name\":\"Pilgrim Camino de Santiago\",\"url\":\"https:\\\/\\\/www.pilgrim.es\\\/en\\\/\",\"logo\":{\"@type\":\"ImageObject\",\"inLanguage\":\"en-US\",\"@id\":\"https:\\\/\\\/www.pilgrim.es\\\/en\\\/#\\\/schema\\\/logo\\\/image\\\/\",\"url\":\"https:\\\/\\\/www.pilgrim.es\\\/wp-content\\\/uploads\\\/2019\\\/04\\\/logo_pilgrim.png\",\"contentUrl\":\"https:\\\/\\\/www.pilgrim.es\\\/wp-content\\\/uploads\\\/2019\\\/04\\\/logo_pilgrim.png\",\"width\":512,\"height\":512,\"caption\":\"Pilgrim Camino de Santiago\"},\"image\":{\"@id\":\"https:\\\/\\\/www.pilgrim.es\\\/en\\\/#\\\/schema\\\/logo\\\/image\\\/\"},\"sameAs\":[\"https:\\\/\\\/www.facebook.com\\\/pilgrim.es\\\/\",\"https:\\\/\\\/x.com\\\/pilgrim_es\",\"https:\\\/\\\/www.instagram.com\\\/pilgrim.es\\\/\",\"https:\\\/\\\/www.linkedin.com\\\/company\\\/pilgrim-camino-de-santiago\\\/\",\"https:\\\/\\\/www.pinterest.es\\\/pilgrimcaminodesantiago\\\/\",\"https:\\\/\\\/www.youtube.com\\\/channel\\\/UCIv2ZzFLXVqthkNF32rKedw\\\/featured\"]},{\"@type\":\"Person\",\"@id\":\"https:\\\/\\\/www.pilgrim.es\\\/en\\\/#\\\/schema\\\/person\\\/de7c8aca996c64c61f23fc45f892394b\",\"name\":\"pilgrim\",\"image\":{\"@type\":\"ImageObject\",\"inLanguage\":\"en-US\",\"@id\":\"https:\\\/\\\/secure.gravatar.com\\\/avatar\\\/06d7281d39935d7eb573e805b5eeb500b575a7dd7a75083cef280bf51b3e5e62?s=96&d=mm&r=g\",\"url\":\"https:\\\/\\\/secure.gravatar.com\\\/avatar\\\/06d7281d39935d7eb573e805b5eeb500b575a7dd7a75083cef280bf51b3e5e62?s=96&d=mm&r=g\",\"contentUrl\":\"https:\\\/\\\/secure.gravatar.com\\\/avatar\\\/06d7281d39935d7eb573e805b5eeb500b575a7dd7a75083cef280bf51b3e5e62?s=96&d=mm&r=g\",\"caption\":\"pilgrim\"}}]}<\/script>\n<!-- \/ Yoast SEO plugin. -->","yoast_head_json":{"title":"Camino de Santiago from Tui - Pilgrim","robots":{"index":"index","follow":"follow","max-snippet":"max-snippet:-1","max-image-preview":"max-image-preview:large","max-video-preview":"max-video-preview:-1"},"canonical":"https:\/\/www.pilgrim.es\/en\/camino-de-santiago-from-tui\/","og_locale":"en_US","og_type":"article","og_title":"Camino de Santiago from Tui - Pilgrim","og_description":"Tui is a famous town outside the pilgrimage to Santiago because it is a    border town that separates the countries of Spain and Portugal. But it is    also famous within the Jacobean route, more specifically, within the    Portuguese Way, for being the starting point for the last 100 km of this    route.","og_url":"https:\/\/www.pilgrim.es\/en\/camino-de-santiago-from-tui\/","og_site_name":"Pilgrim","article_publisher":"https:\/\/www.facebook.com\/pilgrim.es\/","article_published_time":"2025-03-31T07:05:19+00:00","article_modified_time":"2025-06-09T10:43:32+00:00","og_image":[{"width":1000,"height":666,"url":"https:\/\/www.pilgrim.es\/wp-content\/uploads\/2019\/10\/camino-de-santiago-desde-tui-1.jpg","type":"image\/jpeg"}],"author":"pilgrim","twitter_card":"summary_large_image","twitter_creator":"@pilgrim_es","twitter_site":"@pilgrim_es","twitter_misc":{"Written by":"pilgrim","Est. reading time":"4 minutes"},"schema":{"@context":"https:\/\/schema.org","@graph":[{"@type":"Article","@id":"https:\/\/www.pilgrim.es\/en\/camino-de-santiago-from-tui\/#article","isPartOf":{"@id":"https:\/\/www.pilgrim.es\/en\/camino-de-santiago-from-tui\/"},"author":{"name":"pilgrim","@id":"https:\/\/www.pilgrim.es\/en\/#\/schema\/person\/de7c8aca996c64c61f23fc45f892394b"},"headline":"Camino de Santiago from Tui","datePublished":"2025-03-31T07:05:19+00:00","dateModified":"2025-06-09T10:43:32+00:00","mainEntityOfPage":{"@id":"https:\/\/www.pilgrim.es\/en\/camino-de-santiago-from-tui\/"},"wordCount":766,"commentCount":0,"publisher":{"@id":"https:\/\/www.pilgrim.es\/en\/#organization"},"image":{"@id":"https:\/\/www.pilgrim.es\/en\/camino-de-santiago-from-tui\/#primaryimage"},"thumbnailUrl":"https:\/\/www.pilgrim.es\/wp-content\/uploads\/2019\/10\/camino-de-santiago-desde-tui-1.jpg","articleSection":["Routes of the Camino"],"inLanguage":"en-US","potentialAction":[{"@type":"CommentAction","name":"Comment","target":["https:\/\/www.pilgrim.es\/en\/camino-de-santiago-from-tui\/#respond"]}]},{"@type":"WebPage","@id":"https:\/\/www.pilgrim.es\/en\/camino-de-santiago-from-tui\/","url":"https:\/\/www.pilgrim.es\/en\/camino-de-santiago-from-tui\/","name":"Camino de Santiago from Tui - Pilgrim","isPartOf":{"@id":"https:\/\/www.pilgrim.es\/en\/#website"},"primaryImageOfPage":{"@id":"https:\/\/www.pilgrim.es\/en\/camino-de-santiago-from-tui\/#primaryimage"},"image":{"@id":"https:\/\/www.pilgrim.es\/en\/camino-de-santiago-from-tui\/#primaryimage"},"thumbnailUrl":"https:\/\/www.pilgrim.es\/wp-content\/uploads\/2019\/10\/camino-de-santiago-desde-tui-1.jpg","datePublished":"2025-03-31T07:05:19+00:00","dateModified":"2025-06-09T10:43:32+00:00","breadcrumb":{"@id":"https:\/\/www.pilgrim.es\/en\/camino-de-santiago-from-tui\/#breadcrumb"},"inLanguage":"en-US","potentialAction":[{"@type":"ReadAction","target":["https:\/\/www.pilgrim.es\/en\/camino-de-santiago-from-tui\/"]}]},{"@type":"ImageObject","inLanguage":"en-US","@id":"https:\/\/www.pilgrim.es\/en\/camino-de-santiago-from-tui\/#primaryimage","url":"https:\/\/www.pilgrim.es\/wp-content\/uploads\/2019\/10\/camino-de-santiago-desde-tui-1.jpg","contentUrl":"https:\/\/www.pilgrim.es\/wp-content\/uploads\/2019\/10\/camino-de-santiago-desde-tui-1.jpg","width":1000,"height":666},{"@type":"BreadcrumbList","@id":"https:\/\/www.pilgrim.es\/en\/camino-de-santiago-from-tui\/#breadcrumb","itemListElement":[{"@type":"ListItem","position":1,"name":"Camino de Santiago","item":"https:\/\/www.pilgrim.es\/en\/"},{"@type":"ListItem","position":2,"name":"Camino de Santiago from Tui"}]},{"@type":"WebSite","@id":"https:\/\/www.pilgrim.es\/en\/#website","url":"https:\/\/www.pilgrim.es\/en\/","name":"Pilgrim","description":"Camino de Santiago | Caminamos Contigo","publisher":{"@id":"https:\/\/www.pilgrim.es\/en\/#organization"},"potentialAction":[{"@type":"SearchAction","target":{"@type":"EntryPoint","urlTemplate":"https:\/\/www.pilgrim.es\/en\/?s={search_term_string}"},"query-input":{"@type":"PropertyValueSpecification","valueRequired":true,"valueName":"search_term_string"}}],"inLanguage":"en-US"},{"@type":"Organization","@id":"https:\/\/www.pilgrim.es\/en\/#organization","name":"Pilgrim Camino de Santiago","url":"https:\/\/www.pilgrim.es\/en\/","logo":{"@type":"ImageObject","inLanguage":"en-US","@id":"https:\/\/www.pilgrim.es\/en\/#\/schema\/logo\/image\/","url":"https:\/\/www.pilgrim.es\/wp-content\/uploads\/2019\/04\/logo_pilgrim.png","contentUrl":"https:\/\/www.pilgrim.es\/wp-content\/uploads\/2019\/04\/logo_pilgrim.png","width":512,"height":512,"caption":"Pilgrim Camino de Santiago"},"image":{"@id":"https:\/\/www.pilgrim.es\/en\/#\/schema\/logo\/image\/"},"sameAs":["https:\/\/www.facebook.com\/pilgrim.es\/","https:\/\/x.com\/pilgrim_es","https:\/\/www.instagram.com\/pilgrim.es\/","https:\/\/www.linkedin.com\/company\/pilgrim-camino-de-santiago\/","https:\/\/www.pinterest.es\/pilgrimcaminodesantiago\/","https:\/\/www.youtube.com\/channel\/UCIv2ZzFLXVqthkNF32rKedw\/featured"]},{"@type":"Person","@id":"https:\/\/www.pilgrim.es\/en\/#\/schema\/person\/de7c8aca996c64c61f23fc45f892394b","name":"pilgrim","image":{"@type":"ImageObject","inLanguage":"en-US","@id":"https:\/\/secure.gravatar.com\/avatar\/06d7281d39935d7eb573e805b5eeb500b575a7dd7a75083cef280bf51b3e5e62?s=96&d=mm&r=g","url":"https:\/\/secure.gravatar.com\/avatar\/06d7281d39935d7eb573e805b5eeb500b575a7dd7a75083cef280bf51b3e5e62?s=96&d=mm&r=g","contentUrl":"https:\/\/secure.gravatar.com\/avatar\/06d7281d39935d7eb573e805b5eeb500b575a7dd7a75083cef280bf51b3e5e62?s=96&d=mm&r=g","caption":"pilgrim"}}]}},"_links":{"self":[{"href":"https:\/\/www.pilgrim.es\/en\/wp-json\/wp\/v2\/posts\/98430","targetHints":{"allow":["GET"]}}],"collection":[{"href":"https:\/\/www.pilgrim.es\/en\/wp-json\/wp\/v2\/posts"}],"about":[{"href":"https:\/\/www.pilgrim.es\/en\/wp-json\/wp\/v2\/types\/post"}],"author":[{"embeddable":true,"href":"https:\/\/www.pilgrim.es\/en\/wp-json\/wp\/v2\/users\/1"}],"replies":[{"embeddable":true,"href":"https:\/\/www.pilgrim.es\/en\/wp-json\/wp\/v2\/comments?post=98430"}],"version-history":[{"count":17,"href":"https:\/\/www.pilgrim.es\/en\/wp-json\/wp\/v2\/posts\/98430\/revisions"}],"predecessor-version":[{"id":127410,"href":"https:\/\/www.pilgrim.es\/en\/wp-json\/wp\/v2\/posts\/98430\/revisions\/127410"}],"wp:featuredmedia":[{"embeddable":true,"href":"https:\/\/www.pilgrim.es\/en\/wp-json\/wp\/v2\/media\/123852"}],"wp:attachment":[{"href":"https:\/\/www.pilgrim.es\/en\/wp-json\/wp\/v2\/media?parent=98430"}],"wp:term":[{"taxonomy":"category","embeddable":true,"href":"https:\/\/www.pilgrim.es\/en\/wp-json\/wp\/v2\/categories?post=98430"},{"taxonomy":"post_tag","embeddable":true,"href":"https:\/\/www.pilgrim.es\/en\/wp-json\/wp\/v2\/tags?post=98430"}],"curies":[{"name":"wp","href":"https:\/\/api.w.org\/{rel}","templated":true}]}}